{"id":173900,"date":"2025-10-13T12:29:11","date_gmt":"2025-10-13T12:29:11","guid":{"rendered":"https:\/\/www.europesays.com\/es\/173900\/"},"modified":"2025-10-13T12:29:11","modified_gmt":"2025-10-13T12:29:11","slug":"netflix-anuncia-la-fecha-de-estreno-de-la-temporada-4-de-su-serie-de-epoca-mas-aclamada-con-nuevas-imagenes","status":"publish","type":"post","link":"https:\/\/www.europesays.com\/es\/173900\/","title":{"rendered":"Netflix anuncia la fecha de estreno de la temporada 4 de su serie de \u00e9poca m\u00e1s aclamada con nuevas im\u00e1genes"},"content":{"rendered":"<p data-journey-content=\"true\" data-node-id=\"6\" class=\"body-dropcap css-x7ayhf emevuu60\">Querida lectora, tenemos el enorme placer de comunicarte que Lady Whistledown, a trav\u00e9s de un comunicado oficial de <a href=\"https:\/\/www.cosmopolitan.com\/es\/netflix-series-peliculas-documentales\/\" data-vars-ga-outbound-link=\"https:\/\/www.cosmopolitan.com\/es\/netflix-series-peliculas-documentales\/\" data-vars-ga-ux-element=\"Hyperlink\" data-vars-ga-call-to-action=\"Netflix,\" data-node-id=\"6.1\" class=\"body-link css-103hk4r emevuu60\" rel=\"nofollow noopener\" target=\"_blank\">Netflix,<\/a> nos ha hecho saber el d\u00eda exacto en el que podremos asistir al gran romance de la nueva temporada de la serie de \u00e9poca basada en las novelas de Julia Quinn. Como ocurre con las grandes producciones de esta plataforma, el misterio suele formar parte de toda la parte promocional para mantener en estado de tensi\u00f3n a los seguidores. Sab\u00edamos que el dato m\u00e1s esperado se acercaba despu\u00e9s de que compartiera hace unos d\u00edas los <a href=\"https:\/\/www.cosmopolitan.com\/es\/entretenimiento-cultura\/a67732993\/netflix-primeros-minutos-temporada-4-los-bridgerton\/\" data-vars-ga-outbound-link=\"https:\/\/www.cosmopolitan.com\/es\/entretenimiento-cultura\/a67732993\/netflix-primeros-minutos-temporada-4-los-bridgerton\/\" data-vars-ga-ux-element=\"Hyperlink\" data-vars-ga-call-to-action=\"primeros minutos\" data-node-id=\"6.3\" class=\"body-link css-103hk4r emevuu60\" rel=\"nofollow noopener\" target=\"_blank\">primeros minutos<\/a> de lo que est\u00e1 por llegar.<\/p>\n<p data-journey-content=\"true\" data-node-id=\"10\" class=\"css-6wxqfj emevuu60\">Poco despu\u00e9s de este evento, salt\u00f3 una noticia sobre una posible filtraci\u00f3n en redes de la fecha en la que volver\u00edamos a ver a este clan en nuestras pantallas y, tras ese fallo o estrategia, ahora s\u00ed, ya sabemos de manera oficial por Netflix la fecha de estreno de la temporada 4 de &#8216;Los Bridgerton&#8217;.<\/p>\n<p><img draggable=\"true\" alt=\"los bridgerton\" title=\"Los Bridgerton\" loading=\"lazy\" width=\"2500\" height=\"3125\" decoding=\"async\" data-nimg=\"1\" style=\"color:transparent;width:100%;height:auto;\"   src=\"https:\/\/www.europesays.com\/es\/wp-content\/uploads\/2025\/10\/bridgerton-4-68ecec841efce.jpg\" class=\"css-0 e1g79fud0\"\/><\/p>\n<p>Netflix<\/p>\n<p data-journey-content=\"true\" data-node-id=\"13\" class=\"css-6wxqfj emevuu60\">La fecha para el regreso de<a href=\"https:\/\/www.cosmopolitan.com\/es\/los-bridgerton-netflix\/\" data-vars-ga-outbound-link=\"https:\/\/www.cosmopolitan.com\/es\/los-bridgerton-netflix\/\" data-vars-ga-ux-element=\"Hyperlink\" data-vars-ga-call-to-action=\" &#039;Los Bridgerton&#039; \" data-node-id=\"13.1\" class=\"body-link css-103hk4r emevuu60\" rel=\"nofollow noopener\" target=\"_blank\"> &#8216;Los Bridgerton&#8217; <\/a>ser\u00e1 doble, como suele ocurrir con sus estrenos m\u00e1s potentes \u00faltimamente. Es decir, la primera parte de esta temporada cuarta llegar\u00e1 a Netflix el pr\u00f3ximo 29 de enero, y la segunda ser\u00e1 poco antes del siguiente mes: el 26 de febrero. Como ya sabemos, esta nueva entrega estar\u00e1 protagonizada por Luke Thompson y Yerin Ha, por lo que viviremos, al fin, uno de los romances m\u00e1s esperados de la saga tras la maravillosa tercera tanda en la que asistimos a la preciosa historia de amor de Pe y Colin.<\/p>\n<p><img draggable=\"true\" alt=\"los bridgerton\" title=\"Los Bridgerton\" loading=\"lazy\" width=\"2500\" height=\"1250\" decoding=\"async\" data-nimg=\"1\" style=\"color:transparent;width:100%;height:auto;\"   src=\"https:\/\/www.europesays.com\/es\/wp-content\/uploads\/2025\/10\/bridgerton-mano-68ecece070539.jpg\" class=\"css-0 e1g79fud0\"\/><\/p>\n<p>netflix<\/p>\n<p data-journey-content=\"true\" data-node-id=\"16\" class=\"css-6wxqfj emevuu60\">Adem\u00e1s del anuncio de este esperado regreso, Netflix ha compartido algunas im\u00e1genes m\u00e1s que muestran ese instante en el que Benedict y Sophie se encuentran en el baile de m\u00e1scaras, evento que cambiar\u00e1 sus destinos para siempre. Sobre sus personajes se articular\u00e1 toda la trama, pero, por supuesto, tambi\u00e9n conoceremos c\u00f3mo siguen las vidas del resto de miembros de la familia. La cuenta atr\u00e1s ha comenzado, as\u00ed que estaremos m\u00e1s que atentas por si recibimos otras novedades desde Mayfair.<\/p>\n<p><img src=\"https:\/\/www.europesays.com\/es\/wp-content\/uploads\/2025\/10\/e1694454-d386-417e-a277-82b27730d178_1561538111.jpg\" alt=\"Headshot of Marieta Taibo\" title=\"Headshot of Marieta Taibo\" width=\"100%\" height=\"100%\" decoding=\"async\" loading=\"lazy\" class=\"css-o0wq4v ev8dhu53\"\/><\/p>\n<p><a href=\"https:\/\/www.linkedin.com\/in\/marieta-taibo-gonz%C3%A1lez-88563485\/?originalSubdomain=es\" rel=\"nofollow noopener\" target=\"_blank\">Marieta Taib\u00f3 <\/a>es editora de actualidad y cultura en Cosmopolitan y experta cine y series de televisi\u00f3n desde hace m\u00e1s de una d\u00e9cada. Cuando no est\u00e1 escribiendo, la encontrar\u00e1s delante de la pantalla analizando los \u00faltimos estrenos de Netflix, Prime Video, HBO Max, Disney+ y el resto de plataformas en \u2018streaming\u2019 para recomendar aquellos t\u00edtulos interesantes o que lo van a petar. Entre cr\u00edtica y noticias de ficci\u00f3n televisiva, entrevista a actores. En su grabadora encontrar\u00e1s charlas de sus entrevistas con Blanca Su\u00e1rez, Mario Casas, \u00darsula Corber\u00f3, Ana de Armas, Miguel \u00c1ngel Silvestre, Leonardo Sbaraglia, Lily Collins, s\u00ed, \u2018Emily in Paris\u2019 o Christina Hendricks, la pelirroja de \u2018Mad Men\u2019, por citar algunos nombres. Fuera de la pantalla, adem\u00e1s, te recomendar\u00e1 los mejores planes de ocio y gastro. En otras etapas profesionales, tambi\u00e9n ha escrito de moda y belleza. De hecho, es autora del ensayo \u2018La cara secreta del negocio de la belleza\u2019, de la editorial Almuzara. Marieta Taibo es Licenciada en periodismo por la Universidad Complutense de Madrid y cuenta con el Curso Superior de Marketing y Comunicaci\u00f3n de Moda y Lujo de la revista Elle y la Universidad Complutense. Sus primeros pasos como redactora fueron en la secci\u00f3n de econom\u00eda de La revista de actualidad La Clave hasta que dio el salto a la de sociedad y cultura, su verdadera pasi\u00f3n. Posteriormente, trabaj\u00f3 en El Confidencial, y luego en la revista femenina AR como coordinadora de la agenda cultural y cabeza de la secci\u00f3n de cine. De ah\u00ed, dio el salto a las revistas Supertele y TP y en ellas estuvo diez a\u00f1os escribiendo de pel\u00edculas y series, labor que compaginaba como colaboradora de la revista Babylon Magazine haciendo reportajes en profundidad sobre cultura, hasta que lleg\u00f3 a Cosmopolitan hace seis a\u00f1os.<\/p>\n","protected":false},"excerpt":{"rendered":"Querida lectora, tenemos el enorme placer de comunicarte que Lady Whistledown, a trav\u00e9s de un comunicado oficial de&hellip;\n","protected":false},"author":2,"featured_media":173901,"comment_status":"","ping_status":"","sticky":false,"template":"","format":"standard","meta":{"footnotes":""},"categories":[171],"tags":[253,146,147,25,24,23,214],"class_list":{"0":"post-173900","1":"post","2":"type-post","3":"status-publish","4":"format-standard","5":"has-post-thumbnail","7":"category-tv","8":"tag-discover","9":"tag-entertainment","10":"tag-entretenimiento","11":"tag-es","12":"tag-espana","13":"tag-spain","14":"tag-tv"},"share_on_mastodon":{"url":"","error":""},"_links":{"self":[{"href":"https:\/\/www.europesays.com\/es\/wp-json\/wp\/v2\/posts\/173900","targetHints":{"allow":["GET"]}}],"collection":[{"href":"https:\/\/www.europesays.com\/es\/wp-json\/wp\/v2\/posts"}],"about":[{"href":"https:\/\/www.europesays.com\/es\/wp-json\/wp\/v2\/types\/post"}],"author":[{"embeddable":true,"href":"https:\/\/www.europesays.com\/es\/wp-json\/wp\/v2\/users\/2"}],"replies":[{"embeddable":true,"href":"https:\/\/www.europesays.com\/es\/wp-json\/wp\/v2\/comments?post=173900"}],"version-history":[{"count":0,"href":"https:\/\/www.europesays.com\/es\/wp-json\/wp\/v2\/posts\/173900\/revisions"}],"wp:featuredmedia":[{"embeddable":true,"href":"https:\/\/www.europesays.com\/es\/wp-json\/wp\/v2\/media\/173901"}],"wp:attachment":[{"href":"https:\/\/www.europesays.com\/es\/wp-json\/wp\/v2\/media?parent=173900"}],"wp:term":[{"taxonomy":"category","embeddable":true,"href":"https:\/\/www.europesays.com\/es\/wp-json\/wp\/v2\/categories?post=173900"},{"taxonomy":"post_tag","embeddable":true,"href":"https:\/\/www.europesays.com\/es\/wp-json\/wp\/v2\/tags?post=173900"}],"curies":[{"name":"wp","href":"https:\/\/api.w.org\/{rel}","templated":true}]}}