{"id":173902,"date":"2025-10-13T12:30:09","date_gmt":"2025-10-13T12:30:09","guid":{"rendered":"https:\/\/www.europesays.com\/es\/173902\/"},"modified":"2025-10-13T12:30:09","modified_gmt":"2025-10-13T12:30:09","slug":"clip-del-ultimo-rodaje-de-megadeth-adelanto-de-la-reedicion-de-thin-lizzy-3-inches-of-blood-hablan-de-su-futuro","status":"publish","type":"post","link":"https:\/\/www.europesays.com\/es\/173902\/","title":{"rendered":"Clip del \u00faltimo rodaje de MEGADETH. Adelanto de la reedici\u00f3n de THIN LIZZY. 3 INCHES OF BLOOD hablan de su futuro."},"content":{"rendered":"<p>\u00a0<\/p>\n<p style=\"text-align: center;\"><strong><a href=\"#MEGADETH\">Clip del \u00faltimo rodaje de MEGADETH<\/a> \u2013 <a href=\"#THIN_LIZZY\">Adelanto de la reedici\u00f3n de THIN LIZZY<\/a> \u2013 <a href=\"#3\">3 INCHES OF BLOOD hablan de su futuro<\/a>. <\/strong><\/p>\n<p><a href=\"https:\/\/www.megadeth.com\/\" target=\"_blank\" rel=\"noopener nofollow\"><strong>MEGADETH<\/strong><\/a> han publicado un clip documentando el rodaje del v\u00eddeo para su \u00faltimo single \u201cTipping Point\u201d.<\/p>\n<p>El nuevo \u00e1lbum hom\u00f3nimo de <a href=\"https:\/\/www.megadeth.com\/\" target=\"_blank\" rel=\"noopener nofollow\"><strong>MEGADETH<\/strong><\/a> ver\u00e1 la luz el 23 de enero a trav\u00e9s de la filial de Frontiers Music BLKIIBLK.<\/p>\n<p>M\u00e1s detalles y el citado single en esta <a href=\"https:\/\/www.rafabasa.com\/2025\/10\/03\/megadeth-tygers-of-pan-tang-n-y-c\/#MEGADETH3\" rel=\"nofollow noopener\" target=\"_blank\">noticia<\/a>.<\/p>\n<p>Con motivo de su cuadrag\u00e9simo aniversario, el 17 de octubre ver\u00e1 la luz una edici\u00f3n especial en caja del primer disco de <a href=\"https:\/\/www.megadeth.com\/\" target=\"_blank\" rel=\"noopener nofollow\"><strong>MEGADETH<\/strong><\/a> \u201cKilling Is My Business\u2026 And Business Is Good\u201d.<\/p>\n<p>Todos los detalles en esta <a href=\"https:\/\/www.rafabasa.com\/2025\/06\/27\/megadeth-jelusick-igorrr\/#MEGADETH\" rel=\"nofollow noopener\" target=\"_blank\">noticia<\/a>.<\/p>\n<p>\u00a0<\/p>\n<p>\u00a0<\/p>\n<p>A continuaci\u00f3n ten\u00e9is una toma descartada con voces del tema de<strong> THIN LIZZY<\/strong> \u201cSong For Jesse\u201d.<\/p>\n<p>El pr\u00f3ximo 21 de noviembre saldr\u00e1 una nueva caja de los discos de <strong>THIN LIZZY<\/strong> \u201cNight Life\u201d y \u201cFighting\u201d.<\/p>\n<p>Todos los detalles en esta <a href=\"https:\/\/www.rafabasa.com\/2025\/09\/25\/thin-lizzy-duff-mckagan-havok\/#LIZZY\" rel=\"nofollow noopener\" target=\"_blank\">noticia<\/a>.<\/p>\n<p>El guitarrista Scott Gorham <a href=\"https:\/\/www.rafabasa.com\/2025\/06\/05\/five-finger-death-punch-thin-lizzy-sylosis\/#THIN_LIZZY\" rel=\"nofollow noopener\" target=\"_blank\">dijo en junio<\/a> que no descartaba un regreso de la banda.<\/p>\n<p>El nuevo lanzamiento de <strong>THIN LIZZY<\/strong> con versiones ac\u00fasticas de temas del grupo a los que se ha a\u00f1adido la voz del cantante y l\u00edder <strong>Phil Lynott<\/strong> apareci\u00f3 el 24 de enero.<\/p>\n<p>Todos los detalles en esta <a href=\"https:\/\/www.rafabasa.com\/2024\/11\/01\/lanzamiento-acustico-de-thin-lizzy-juli-bazooka-de-crisix-crea-midnight-brujo-single-de-ranthiel\/#THIN_LIZZY\" target=\"_blank\" rel=\"noopener nofollow\">noticia<\/a> y los adelantos aparecidos en <a href=\"https:\/\/www.rafabasa.com\/2025\/01\/24\/the-darkness-thin-lizzy-eluveitie\/#THIN_LIZZY\" target=\"_blank\" rel=\"noopener nofollow\">esta<\/a>.<\/p>\n<p>\u00a0<\/p>\n<p>\u00a0<\/p>\n<p>El guitarrista de<strong> 3 INCHES OF BLOOD<\/strong> <strong>Shane Clark<\/strong> ha hablado del futuro del grupo en una entrevista con Rock News Weekly.<\/p>\n<p>Entre lo m\u00e1s destacado comenta que van a seguir haciendo conciertos espor\u00e1dicos, pero que esperan dedicar el resto del a\u00f1o a componer m\u00fasica nueva. No obstante aclara que quieren ver si la cosa funciona antes de sacar nada, que se van a tomar su tiempo.<\/p>\n<p>Tambi\u00e9n aclar\u00f3 que no siguen con Roadrunner, sello que dejaron despu\u00e9s de su disco \u201cFire Up The Blades\u201d porque la compa\u00f1\u00eda quer\u00eda renegociar su contrato en unos t\u00e9rminos inaceptables para ellos. Aclar\u00f3 que t\u00e9cnicamente siguen en Century Media, y que de momento ellos son la primera opci\u00f3n.<\/p>\n<p>Por \u00faltimo explic\u00f3 que no sab\u00edan si hacer un disco o un par de singles.<\/p>\n<p>Ten\u00e9is la conversaci\u00f3n \u00edntegra a continuaci\u00f3n.<\/p>\n<p>La banda <a href=\"https:\/\/www.rafabasa.com\/2015\/06\/02\/metallica-nu-george-lynch-art-of-anarchy-3-inches-of-blood-guitar-hero\/#3INCHES_OF_BLOOD\" target=\"_blank\" rel=\"noopener nofollow\">anunci\u00f3 su separaci\u00f3n<\/a> en 2015 tras 16 a\u00f1os de existencia, cinco discos de estudio y varios EPs y directos.<\/p>\n<p>\u00a0<\/p>\n<p align=\"center\"><strong>Sigue el\u00a0<a href=\"https:\/\/whatsapp.com\/channel\/0029VaCprxVBA1f555USvT2O\" target=\"_blank\" rel=\"nofollow noopener\">Canal de RAFABASA.COM en WhatsApp<\/a>, donde encontrar\u00e1s todas nuestras novedades al instante<\/strong><\/p>\n<p>\u00a0<\/p>\n<p>\u00a0<\/p>\n<p>\u00a0<\/p>\n<p>\u00a0<\/p>\n<p>\u00a0<\/p>\n<p>\u00a0<\/p>\n","protected":false},"excerpt":{"rendered":"\u00a0 Clip del \u00faltimo rodaje de MEGADETH \u2013 Adelanto de la reedici\u00f3n de THIN LIZZY \u2013 3 INCHES&hellip;\n","protected":false},"author":2,"featured_media":173903,"comment_status":"","ping_status":"","sticky":false,"template":"","format":"standard","meta":{"footnotes":""},"categories":[170],"tags":[50091,146,147,25,24,13321,184,185,23,48887],"class_list":{"0":"post-173902","1":"post","2":"type-post","3":"status-publish","4":"format-standard","5":"has-post-thumbnail","7":"category-musica","8":"tag-3-inches-of-blood","9":"tag-entertainment","10":"tag-entretenimiento","11":"tag-es","12":"tag-espana","13":"tag-megadeth","14":"tag-music","15":"tag-musica","16":"tag-spain","17":"tag-thin-lizzy"},"share_on_mastodon":{"url":"","error":""},"_links":{"self":[{"href":"https:\/\/www.europesays.com\/es\/wp-json\/wp\/v2\/posts\/173902","targetHints":{"allow":["GET"]}}],"collection":[{"href":"https:\/\/www.europesays.com\/es\/wp-json\/wp\/v2\/posts"}],"about":[{"href":"https:\/\/www.europesays.com\/es\/wp-json\/wp\/v2\/types\/post"}],"author":[{"embeddable":true,"href":"https:\/\/www.europesays.com\/es\/wp-json\/wp\/v2\/users\/2"}],"replies":[{"embeddable":true,"href":"https:\/\/www.europesays.com\/es\/wp-json\/wp\/v2\/comments?post=173902"}],"version-history":[{"count":0,"href":"https:\/\/www.europesays.com\/es\/wp-json\/wp\/v2\/posts\/173902\/revisions"}],"wp:featuredmedia":[{"embeddable":true,"href":"https:\/\/www.europesays.com\/es\/wp-json\/wp\/v2\/media\/173903"}],"wp:attachment":[{"href":"https:\/\/www.europesays.com\/es\/wp-json\/wp\/v2\/media?parent=173902"}],"wp:term":[{"taxonomy":"category","embeddable":true,"href":"https:\/\/www.europesays.com\/es\/wp-json\/wp\/v2\/categories?post=173902"},{"taxonomy":"post_tag","embeddable":true,"href":"https:\/\/www.europesays.com\/es\/wp-json\/wp\/v2\/tags?post=173902"}],"curies":[{"name":"wp","href":"https:\/\/api.w.org\/{rel}","templated":true}]}}