{"id":173910,"date":"2025-10-13T12:34:09","date_gmt":"2025-10-13T12:34:09","guid":{"rendered":"https:\/\/www.europesays.com\/es\/173910\/"},"modified":"2025-10-13T12:34:09","modified_gmt":"2025-10-13T12:34:09","slug":"muchos-se-han-fijado-en-esta-imagen-de-andy-en-el-concierto-de-despedida-de-andy-y-lucas-que-penita","status":"publish","type":"post","link":"https:\/\/www.europesays.com\/es\/173910\/","title":{"rendered":"Muchos se han fijado en esta imagen de Andy en el concierto de despedida de Andy y Lucas: &#8216;Qu\u00e9 penita&#8217;"},"content":{"rendered":"<p>Tras <a href=\"https:\/\/www.huffingtonpost.es\/life\/cultura\/son-desamores-cronologia-agitado-final-andy-lucas.html\" rel=\"nofollow noopener\" target=\"_blank\">semanas de declaraciones, rumores y con todos los ojos puestos en la relaci\u00f3n entre ellos<\/a>: Andy y Lucas se despidieron de los escenarios este viernes en un concierto en el madrile\u00f1o palacio de Vista Alegre. Ante su fiel p\u00fablico, el d\u00fao gaditano interpret\u00f3 por \u00faltima vez su repertorio con temas como Tanto la quer\u00eda o Son de amores.<\/p>\n<p>Sin embargo, los escasos gestos entre ambos y la poca complicidad entre ellos volvieron a reavivar los rumores de mala relaci\u00f3n que ya ven\u00edan acompa\u00f1ando al d\u00fao desde hace varios meses. De hecho, muchos han compartido un v\u00eddeo al final del concierto en el que todo el equipo se arremolina alrededor de Lucas, mientras que Andy permanece solo en una esquina en el escenario.<\/p>\n<p>\u00abAyy\u2026 qu\u00e9 penita me ha dado aqu\u00ed Andy\u2026.\ud83d\ude22\u00bb, han escrito en la cuenta de <a href=\"https:\/\/x.com\/elojoquetodolv\/status\/1977062766260432933\" target=\"_blank\" rel=\"nofollow\">X\u00a0@elojoquetodolv<\/a>, que ha recibido m\u00e1s de\u00a0 4.000 me gusta y cientos de comentarios, la mayor\u00eda de ellos apoyando a Andy Morales, al que solo se le acerca uno de los miembros del personal de seguridad del evento.<\/p>\n<p>\u00abCreo que un d\u00eda saldr\u00e1 todo lo que ha pasado entre ellos y quedar\u00e1 confirmado que Lucas es un imb3cil integral y que Andy ha aguantado lo que no esta escrito sin mandarlo a la mierda porque es buena persona\u00bb, escribe un usuario. \u00abDa pena pero es bonito. Lo est\u00e1 viviendo, est\u00e1 sabiendo que algo tan importante acaba&#8230; es consciente del final de una etapa y se entiende que no le salgan las palabras\u00bb, se\u00f1ala otro.<\/p>\n<p>En los \u00faltimos meses, Lucas ha protagonizado numerosos titulares en los que hablaba de su relaci\u00f3n con Andy. En septiembre dio una entrevista en Me quedo conmigo de Mediaset donde declar\u00f3 que era el encargado de la actividad econ\u00f3mica del grupo ya que \u00abAndy no vale para hacer eso\u00bb. \u00abHay que tener una disciplina y Andy no la tiene\u00bb, a\u00f1adi\u00f3.<\/p>\n<p>Al d\u00eda siguiente del evento, Andy anunci\u00f3 su carrera en solitario con un potente comunicado en el que dejaba entrever algunas de las indirectas que hab\u00eda ido lanzando ya en redes sociales.<\/p>\n<p>\u00abEl silencio cumpli\u00f3 su tiempo, libertad, paz y salud\u00bb, escribi\u00f3 en sus redes sociales. \u00abTras dos d\u00e9cadas de \u00e9xitos, m\u00e1s de dos millones de discos vendidos y m\u00e1s de 800 escenarios recorridos, Andy arranca su carrera en solitario, dejando atr\u00e1s el d\u00fao que le dio fama\u00bb, se\u00f1al\u00f3 en su comunicado.<\/p>\n<p>El cantante, que compagina su carrera en solitario con una dilatada trayectoria en las agrupaciones del Carnaval de C\u00e1diz, anunci\u00f3 que el primer sencillo de este nuevo disco se publicar\u00e1 antes de Navidad y que este ser\u00e1 \u00abuno de los proyectos m\u00e1s esperados y prometedores de 2026\u00bb.<\/p>\n","protected":false},"excerpt":{"rendered":"Tras semanas de declaraciones, rumores y con todos los ojos puestos en la relaci\u00f3n entre ellos: Andy y&hellip;\n","protected":false},"author":2,"featured_media":173911,"comment_status":"","ping_status":"","sticky":false,"template":"","format":"standard","meta":{"footnotes":""},"categories":[91],"tags":[36191,146,147,25,24,185,23],"class_list":{"0":"post-173910","1":"post","2":"type-post","3":"status-publish","4":"format-standard","5":"has-post-thumbnail","7":"category-entretenimiento","8":"tag-andy-y-lucas","9":"tag-entertainment","10":"tag-entretenimiento","11":"tag-es","12":"tag-espana","13":"tag-musica","14":"tag-spain"},"share_on_mastodon":{"url":"","error":""},"_links":{"self":[{"href":"https:\/\/www.europesays.com\/es\/wp-json\/wp\/v2\/posts\/173910","targetHints":{"allow":["GET"]}}],"collection":[{"href":"https:\/\/www.europesays.com\/es\/wp-json\/wp\/v2\/posts"}],"about":[{"href":"https:\/\/www.europesays.com\/es\/wp-json\/wp\/v2\/types\/post"}],"author":[{"embeddable":true,"href":"https:\/\/www.europesays.com\/es\/wp-json\/wp\/v2\/users\/2"}],"replies":[{"embeddable":true,"href":"https:\/\/www.europesays.com\/es\/wp-json\/wp\/v2\/comments?post=173910"}],"version-history":[{"count":0,"href":"https:\/\/www.europesays.com\/es\/wp-json\/wp\/v2\/posts\/173910\/revisions"}],"wp:featuredmedia":[{"embeddable":true,"href":"https:\/\/www.europesays.com\/es\/wp-json\/wp\/v2\/media\/173911"}],"wp:attachment":[{"href":"https:\/\/www.europesays.com\/es\/wp-json\/wp\/v2\/media?parent=173910"}],"wp:term":[{"taxonomy":"category","embeddable":true,"href":"https:\/\/www.europesays.com\/es\/wp-json\/wp\/v2\/categories?post=173910"},{"taxonomy":"post_tag","embeddable":true,"href":"https:\/\/www.europesays.com\/es\/wp-json\/wp\/v2\/tags?post=173910"}],"curies":[{"name":"wp","href":"https:\/\/api.w.org\/{rel}","templated":true}]}}