{"id":173914,"date":"2025-10-13T12:36:08","date_gmt":"2025-10-13T12:36:08","guid":{"rendered":"https:\/\/www.europesays.com\/es\/173914\/"},"modified":"2025-10-13T12:36:08","modified_gmt":"2025-10-13T12:36:08","slug":"paises-bajos-invoca-una-ley-de-emergencia-para-hacerse-cargo-del-fabricante-de-chips-chino-nexperia","status":"publish","type":"post","link":"https:\/\/www.europesays.com\/es\/173914\/","title":{"rendered":"Pa\u00edses Bajos invoca una ley de emergencia para hacerse cargo del fabricante de chips chino Nexperia"},"content":{"rendered":"\n<p class=\"yf-1090901\">El Gobierno de Pa\u00edses Bajos, <a href=\"https:\/\/es.euronews.com\/my-europe\/2025\/06\/03\/la-extrema-derecha-de-wilders-abandona-la-coalicion-y-deja-caer-el-gobierno-de-paises-bajo\" rel=\"nofollow noopener\" target=\"_blank\" data-ylk=\"slk:conformado por una coalici\u00f3n de derecha neoliberal (VVD) y populista agraria (BBB);elm:context_link;itc:0;sec:content-canvas\" class=\"link \">conformado por una coalici\u00f3n de derecha neoliberal (VVD) y populista agraria (BBB)<\/a>, ha tomado el control temporal del fabricante de semiconductores <strong>Nexperia<\/strong>, de propiedad china y con sede en este pa\u00eds.<\/p>\n<p class=\"yf-1090901\">El Ejecutivo ha desplegado una ley de emergencia raramente utilizada ante lo que ha calificado como riesgos para la seguridad econ\u00f3mica neerlandesa y europea. \u00abLa decisi\u00f3n pretende evitar una situaci\u00f3n en la que los bienes producidos por Nexperia (productos acabados y semiacabados) <strong>dejar\u00edan de estar disponibles en caso de emergencia<\/strong>\u00ab, defienden las autoridades neerlandesa en un comunicado.<\/p>\n<p class=\"yf-1090901\">El Ministerio de Econom\u00eda inform\u00f3 a \u00faltima hora del domingo de que hab\u00eda invocado la <strong>Ley de Disponibilidad de Bienes<\/strong>, que permite al Estado bloquear o revocar decisiones corporativas en la empresa al tiempo que <strong>permite que contin\u00fae la producci\u00f3n diaria<\/strong>. Las autoridades declararon que la medida pretende garantizar la continuidad de los suministros de Nexperia en caso de crisis y salvaguardar estos conocimientos t\u00e9cnicos \u00abcr\u00edticos\u00bb.<\/p>\n<p class=\"yf-1090901\">La sede de la empresa se encuentra en <strong>Nimega<\/strong>, un municipio de la provincia de G\u00fceldres situado al este del pa\u00eds, junto a la frontera con Alemania. Nexperia cuenta con filiales adicionales en varios pa\u00edses de todo el mundo. La empresa, <a href=\"https:\/\/es.euronews.com\/business\/2025\/01\/02\/la-principal-empresa-de-chips-europea-asegura-que-sus-previsiones-para-2025-son-positivas\" rel=\"nofollow noopener\" target=\"_blank\" data-ylk=\"slk:uno de los principales proveedores de chips utilizados en autom\u00f3viles y electr\u00f3nica de consumo;elm:context_link;itc:0;sec:content-canvas\" class=\"link \">uno de los principales proveedores de chips utilizados en autom\u00f3viles y electr\u00f3nica de consumo<\/a>, es propiedad de la china <strong>Wingtech<\/strong> a trav\u00e9s de su matriz Yucheng Holding.<\/p>\n<p class=\"yf-1090901\">Los mercados financieros reaccionaron r\u00e1pidamente. Las acciones de Wingtech <strong>cayeron cerca de un 10% en la bolsa de Shanghai<\/strong> el lunes tras el anuncio de la intervenci\u00f3n. La empresa explic\u00f3 que sus derechos de control en Nexperia se hab\u00edan \u00abrestringido temporalmente\u00bb, pero que <strong>conserva los beneficios econ\u00f3micos<\/strong> de la propiedad. Sus portavoces han se\u00f1alado as\u00ed mismo que <strong>emprender\u00e1n acciones legales<\/strong>.<\/p>\n<p class=\"yf-1090901\">Aunque desde Econom\u00eda insisten en que la fabricaci\u00f3n pueden continuar, las medidas otorgan al Estado amplios poderes sobre las decisiones estrat\u00e9gicas, <strong>incluido el derecho a anular las decisiones internas<\/strong> durante un periodo determinado. Este es el \u00faltimo hito respecto a los esfuerzos occidentales por proteger los ecosistemas de semiconductores en medio de la intensificaci\u00f3n de los controles de exportaci\u00f3n de EE.UU. y la UE <a href=\"https:\/\/es.euronews.com\/my-europe\/2025\/09\/24\/un-lider-empresarial-de-la-ue-advierte-del-rapido-crecimiento-de-las-exportaciones-chinas-\" rel=\"nofollow noopener\" target=\"_blank\" data-ylk=\"slk:y del escrutinio de las inversiones chinas;elm:context_link;itc:0;sec:content-canvas\" class=\"link \">y del escrutinio de las inversiones chinas<\/a>.<\/p>\n<p class=\"yf-1090901\">En 2022, Reino Unido orden\u00f3 a Nexperia desprenderse de Newport Wafer Fab por motivos de seguridad, y en 2024 Estados Unidos ampli\u00f3 las restricciones a la exportaci\u00f3n que afectan a Wingtech y sus filiales. Nexperia, <strong>escindida de Philips<\/strong> y adquirida por Wingtech en 2018, es un proveedor europeo clave de chips heredados que son <strong>indispensables para veh\u00edculos y equipos industriales<\/strong>.<\/p>\n<p class=\"yf-1090901\">La Ley de Disponibilidad de Bienes, en la que Pa\u00edses Bajos se basa para defender la legalidad de la medida, marca una de sus aplicaciones m\u00e1s agresivas en el sector de alta tecnolog\u00eda. El Gobierno ha admitido que las partes afectadas pueden impugnar las medidas ante los tribunales. Por ahora, la intervenci\u00f3n somete a Nexperia a una estricta supervisi\u00f3n <strong>mientras los trabajadores gubernamentales eval\u00faan si son necesarias soluciones permanentes<\/strong>.<\/p>\n","protected":false},"excerpt":{"rendered":"El Gobierno de Pa\u00edses Bajos, conformado por una coalici\u00f3n de derecha neoliberal (VVD) y populista agraria (BBB), ha&hellip;\n","protected":false},"author":2,"featured_media":173915,"comment_status":"","ping_status":"","sticky":false,"template":"","format":"standard","meta":{"footnotes":""},"categories":[80],"tags":[82,50094,95,94,50092,25,24,40207,50093,9542,23],"class_list":{"0":"post-173914","1":"post","2":"type-post","3":"status-publish","4":"format-standard","5":"has-post-thumbnail","7":"category-economia","8":"tag-business","9":"tag-caso-de-emergencia","10":"tag-economia","11":"tag-economy","12":"tag-electronica-de-consumo","13":"tag-es","14":"tag-espana","15":"tag-ministerio-de-economia","16":"tag-nexperia","17":"tag-paises-bajos","18":"tag-spain"},"share_on_mastodon":{"url":"","error":""},"_links":{"self":[{"href":"https:\/\/www.europesays.com\/es\/wp-json\/wp\/v2\/posts\/173914","targetHints":{"allow":["GET"]}}],"collection":[{"href":"https:\/\/www.europesays.com\/es\/wp-json\/wp\/v2\/posts"}],"about":[{"href":"https:\/\/www.europesays.com\/es\/wp-json\/wp\/v2\/types\/post"}],"author":[{"embeddable":true,"href":"https:\/\/www.europesays.com\/es\/wp-json\/wp\/v2\/users\/2"}],"replies":[{"embeddable":true,"href":"https:\/\/www.europesays.com\/es\/wp-json\/wp\/v2\/comments?post=173914"}],"version-history":[{"count":0,"href":"https:\/\/www.europesays.com\/es\/wp-json\/wp\/v2\/posts\/173914\/revisions"}],"wp:featuredmedia":[{"embeddable":true,"href":"https:\/\/www.europesays.com\/es\/wp-json\/wp\/v2\/media\/173915"}],"wp:attachment":[{"href":"https:\/\/www.europesays.com\/es\/wp-json\/wp\/v2\/media?parent=173914"}],"wp:term":[{"taxonomy":"category","embeddable":true,"href":"https:\/\/www.europesays.com\/es\/wp-json\/wp\/v2\/categories?post=173914"},{"taxonomy":"post_tag","embeddable":true,"href":"https:\/\/www.europesays.com\/es\/wp-json\/wp\/v2\/tags?post=173914"}],"curies":[{"name":"wp","href":"https:\/\/api.w.org\/{rel}","templated":true}]}}