{"id":173929,"date":"2025-10-13T12:46:08","date_gmt":"2025-10-13T12:46:08","guid":{"rendered":"https:\/\/www.europesays.com\/es\/173929\/"},"modified":"2025-10-13T12:46:08","modified_gmt":"2025-10-13T12:46:08","slug":"lo-de-tsunoda-es-cuestion-de-tiempo","status":"publish","type":"post","link":"https:\/\/www.europesays.com\/es\/173929\/","title":{"rendered":"Lo de Tsunoda es cuesti\u00f3n de tiempo"},"content":{"rendered":"<p data-mrf-recirculation=\"Links P\u00e1rrafos\" class=\"ue-c-article__paragraph paragraph\"><strong>Sam Bird, <\/strong>actual piloto de McLaren Formula E, ha hablado sobre el futuro de <strong>Yuki Tsunoda, <\/strong>del que opina que no seguir\u00e1 en Red Bull en 2026, pero tambi\u00e9n opina que podr\u00eda <strong>ser baja antes del final de temporada<\/strong> para dar entrada en alguna carrera a <strong>Isak Hadjar,<\/strong> el gran favorito para ser el compa\u00f1ero de <strong>Max Verstappen<\/strong> la pr\u00f3xima temporada. En realidad es la \u00fanica plaza en equipos importantes que resta por decidirse, si se except\u00faa a<strong> George Russell,<\/strong> a\u00fan no renovado con <strong>Mercedes<\/strong>, en un desenlace que se da por hecho em cualquier caso.<\/p>\n<p data-mrf-recirculation=\"Links P\u00e1rrafos\" class=\"ue-c-article__paragraph paragraph\">\u00abSu compa\u00f1ero de equipo y los l\u00edderes<strong> le doblaron. Es solo cuesti\u00f3n de tiempo que deje ese puesto<\/strong>; es solo cuesti\u00f3n de tiempo, no de si suceder\u00e1\u00bb, ha declarado Bird en el podcast de la &#8216;BBC&#8217; Chequered Flag.<\/p>\n<p data-mrf-recirculation=\"Links P\u00e1rrafos\" class=\"ue-c-article__paragraph paragraph\">\u00ab\u00bfSuceder\u00e1 antes de que termine esta temporada? <strong>\u00bfLe dar\u00edan una oportunidad a alguien como Isack Hadjar y le dir\u00edan: &#8216;Mira, ahora tienes seis carreras con el equipo grande&#8217;?\u00bb<\/strong>, se pregunta en piloto brit\u00e1nico, de 38 a\u00f1os, que milita en la <strong>Formula E desde 2014<\/strong> en diversos equipos. Se acuerda de lo que pas\u00f3 con <strong>Esteban Ocon en Alpine<\/strong> el a\u00f1o pasado, que fue bajado para darle el asiento a <strong>Jack Doohan<\/strong> y que se fuera adaptando al equipo antes de empezar el curso siguiente.<\/p>\n<p data-mrf-recirculation=\"Links P\u00e1rrafos\" class=\"ue-c-article__paragraph paragraph\">\u00abNo hay presi\u00f3n, inst\u00e1late, conoce a tu ingeniero, <strong>aprende c\u00f3mo trabaja, aprende a lidiar con el coche de Max Verstappen que te fabricaremos en el futuro, porque no te fabricaremos un coche a ti, sino a Max Verstappen, y veremos si puedes conservarlo\u00bb,<\/strong> a\u00f1ade Bird, en lo que \u00e9l opina que podr\u00eda suceder no sin iron\u00eda de c\u00f3mo cree que funcionan las cosas en Red Bull Racing.<\/p>\n<p>Mejor\u00eda relativa en las \u00faltimas carreras<\/p>\n<p data-mrf-recirculation=\"Links P\u00e1rrafos\" class=\"ue-c-article__paragraph paragraph\"><strong>Tsunoda <\/strong>ha experimentado cierta mejor\u00eda en los \u00faltimos tiempos, aunque ola primera vuelta en Singapur fue un desastre y fue doblado por los primeros clasificados, incluido Verstappen, por supuesto. Pero Yuki habl\u00f3 de lo que cree que se espera de \u00e9l. \u00abNo habl\u00e9 con Helmut ni con nadie de Red Bull despu\u00e9s de Bak\u00fa, pero para m\u00ed el objetivo es claro. L<strong>o que tengo que hacer est\u00e1 bastante claro.<\/strong> He demostrado esas cualidades en <strong>una sola carrera hasta ahora,<\/strong> al menos en una buena carrera, terminando en sexto lugar\u00bb, dijo en Singapur.<\/p>\n<p data-mrf-recirculation=\"Links P\u00e1rrafos\" class=\"ue-c-article__paragraph paragraph\">\u00abPero tan pronto como llegu\u00e9 aqu\u00ed para la segunda mitad de la temporada, creo que las actuaciones en la Q3 est\u00e1n ah\u00ed y los puntos est\u00e1n ah\u00ed. <strong>Voy en la direcci\u00f3n correcta.<\/strong> Al menos estoy demostrando que puedo mejorar en comparaci\u00f3n con la primera mitad de la temporada\u00bb, dice sobre lo que parece que no es tanto ser renovado, sino acabar el a\u00f1o en el RB21.<\/p>\n","protected":false},"excerpt":{"rendered":"Sam Bird, actual piloto de McLaren Formula E, ha hablado sobre el futuro de Yuki Tsunoda, del que&hellip;\n","protected":false},"author":2,"featured_media":173930,"comment_status":"","ping_status":"","sticky":false,"template":"","format":"standard","meta":{"footnotes":""},"categories":[270],"tags":[168,25,24,306,271,272,23,167],"class_list":{"0":"post-173929","1":"post","2":"type-post","3":"status-publish","4":"format-standard","5":"has-post-thumbnail","7":"category-formula-1","8":"tag-deportes","9":"tag-es","10":"tag-espana","11":"tag-f1","12":"tag-formula-1","13":"tag-formula1","14":"tag-spain","15":"tag-sports"},"share_on_mastodon":{"url":"","error":""},"_links":{"self":[{"href":"https:\/\/www.europesays.com\/es\/wp-json\/wp\/v2\/posts\/173929","targetHints":{"allow":["GET"]}}],"collection":[{"href":"https:\/\/www.europesays.com\/es\/wp-json\/wp\/v2\/posts"}],"about":[{"href":"https:\/\/www.europesays.com\/es\/wp-json\/wp\/v2\/types\/post"}],"author":[{"embeddable":true,"href":"https:\/\/www.europesays.com\/es\/wp-json\/wp\/v2\/users\/2"}],"replies":[{"embeddable":true,"href":"https:\/\/www.europesays.com\/es\/wp-json\/wp\/v2\/comments?post=173929"}],"version-history":[{"count":0,"href":"https:\/\/www.europesays.com\/es\/wp-json\/wp\/v2\/posts\/173929\/revisions"}],"wp:featuredmedia":[{"embeddable":true,"href":"https:\/\/www.europesays.com\/es\/wp-json\/wp\/v2\/media\/173930"}],"wp:attachment":[{"href":"https:\/\/www.europesays.com\/es\/wp-json\/wp\/v2\/media?parent=173929"}],"wp:term":[{"taxonomy":"category","embeddable":true,"href":"https:\/\/www.europesays.com\/es\/wp-json\/wp\/v2\/categories?post=173929"},{"taxonomy":"post_tag","embeddable":true,"href":"https:\/\/www.europesays.com\/es\/wp-json\/wp\/v2\/tags?post=173929"}],"curies":[{"name":"wp","href":"https:\/\/api.w.org\/{rel}","templated":true}]}}