{"id":173939,"date":"2025-10-13T12:51:38","date_gmt":"2025-10-13T12:51:38","guid":{"rendered":"https:\/\/www.europesays.com\/es\/173939\/"},"modified":"2025-10-13T12:51:38","modified_gmt":"2025-10-13T12:51:38","slug":"maria-bastaros-y-criaturita","status":"publish","type":"post","link":"https:\/\/www.europesays.com\/es\/173939\/","title":{"rendered":"Mar\u00eda Bastar\u00f3s y &#8216;Criaturita&#8217;"},"content":{"rendered":"<p>En el programa de hoy conocemos a <strong>Kaila<\/strong>. Vive con su madre en Aguas Claras, una de las localidades que rodean el lago Milagro. Desde la muerte de su padre, un bi\u00f3logo empe\u00f1ado en demostrar la existencia de la criatura que, seg\u00fan una creencia popular, habita en el lago, <strong>Kaila<\/strong> est\u00e1 atrapada en un duelo sin salida. No duerme, no come, se despierta empapada en el agua dulce del Milagro. Cuando varias mujeres desaparecen, <strong>Kaila<\/strong> se une a la b\u00fasqueda con el af\u00e1n de demostrar que su padre ten\u00eda raz\u00f3n y que sea lo que sea lo que habita bajo esas aguas es el responsable de las desapariciones. Novela adictiva de <strong>Mar\u00eda Bastar\u00f3s<\/strong>. Lleva por t\u00edtulo <a href=\"https:\/\/www.planetadelibros.com\/libro-criaturita\/425649\" rel=\"nofollow noopener\" target=\"_blank\">Criaturita<\/a>.<\/p>\n<p>Y tambi\u00e9n os recomendamos <a href=\"https:\/\/www.harpercollinsiberica.com\/products\/exitus\" rel=\"nofollow noopener\" target=\"_blank\">Exitus. La muerte nunca es el final<\/a>. El nuevo trabajo de <strong>Ulises B\u00e9rtolo<\/strong>. <\/p>\n","protected":false},"excerpt":{"rendered":"En el programa de hoy conocemos a Kaila. Vive con su madre en Aguas Claras, una de las&hellip;\n","protected":false},"author":2,"featured_media":173940,"comment_status":"","ping_status":"","sticky":false,"template":"","format":"standard","meta":{"footnotes":""},"categories":[172],"tags":[224,146,147,25,24,225,6355,50095,133,1448,1986,1987,23],"class_list":{"0":"post-173939","1":"post","2":"type-post","3":"status-publish","4":"format-standard","5":"has-post-thumbnail","7":"category-libros","8":"tag-books","9":"tag-entertainment","10":"tag-entretenimiento","11":"tag-es","12":"tag-espana","13":"tag-libros","14":"tag-libros-de-arena-en-radio-5","15":"tag-maria-bastaros-y-criaturita","16":"tag-online","17":"tag-radio","18":"tag-rne","19":"tag-rtve-play","20":"tag-spain"},"share_on_mastodon":{"url":"","error":""},"_links":{"self":[{"href":"https:\/\/www.europesays.com\/es\/wp-json\/wp\/v2\/posts\/173939","targetHints":{"allow":["GET"]}}],"collection":[{"href":"https:\/\/www.europesays.com\/es\/wp-json\/wp\/v2\/posts"}],"about":[{"href":"https:\/\/www.europesays.com\/es\/wp-json\/wp\/v2\/types\/post"}],"author":[{"embeddable":true,"href":"https:\/\/www.europesays.com\/es\/wp-json\/wp\/v2\/users\/2"}],"replies":[{"embeddable":true,"href":"https:\/\/www.europesays.com\/es\/wp-json\/wp\/v2\/comments?post=173939"}],"version-history":[{"count":0,"href":"https:\/\/www.europesays.com\/es\/wp-json\/wp\/v2\/posts\/173939\/revisions"}],"wp:featuredmedia":[{"embeddable":true,"href":"https:\/\/www.europesays.com\/es\/wp-json\/wp\/v2\/media\/173940"}],"wp:attachment":[{"href":"https:\/\/www.europesays.com\/es\/wp-json\/wp\/v2\/media?parent=173939"}],"wp:term":[{"taxonomy":"category","embeddable":true,"href":"https:\/\/www.europesays.com\/es\/wp-json\/wp\/v2\/categories?post=173939"},{"taxonomy":"post_tag","embeddable":true,"href":"https:\/\/www.europesays.com\/es\/wp-json\/wp\/v2\/tags?post=173939"}],"curies":[{"name":"wp","href":"https:\/\/api.w.org\/{rel}","templated":true}]}}