{"id":173953,"date":"2025-10-13T12:58:09","date_gmt":"2025-10-13T12:58:09","guid":{"rendered":"https:\/\/www.europesays.com\/es\/173953\/"},"modified":"2025-10-13T12:58:09","modified_gmt":"2025-10-13T12:58:09","slug":"se-podran-ver-auroras-boreales-en-galicia-este-otono-2025","status":"publish","type":"post","link":"https:\/\/www.europesays.com\/es\/173953\/","title":{"rendered":"\u00bfSe podr\u00e1n ver auroras boreales en Galicia este oto\u00f1o 2025?"},"content":{"rendered":"<p class=\"paragraph\" id=\"paragraph_1\"><strong>Noruega, Islandia o Finlandia son excelentes lugares para ver las auroras boreales<\/strong>. Sin embargo, Espa\u00f1a, y en particular algunas zonas del norte, como Galicia, tambi\u00e9n han sido testigo en ocasiones de este sorprendente fen\u00f3meno.<\/p>\n<p><img loading=\"lazy\" decoding=\"async\" alt=\"Outono Gastron\u00f3mico 2025.\" height=\"180\" src=\"https:\/\/www.europesays.com\/es\/wp-content\/uploads\/2025\/10\/1003743957968_259215794_320x180.jpg\" width=\"320\" data-lazy-status=\"processed\" data-lazy-info=\"remove loading item 1\"\/><\/p>\n<p class=\"paragraph\" id=\"paragraph_2\">La temporada de auroras comienza en septiembre y se prolonga hasta abril, ofreciendo algunas oportunidades excepcionales para contemplarlas no s\u00f3lo en el C\u00edrculo Polar \u00c1rtico, tambi\u00e9n en la Pen\u00ednsula ib\u00e9rica. Pero, <strong>\u00bfse podr\u00e1n ver auroras boreales en Galicia este oto\u00f1o 2025?<\/strong><\/p>\n<p>Auroras boreales en Galicia: \u00bfse podr\u00e1n ver este oto\u00f1o 2025?<\/p>\n<p><img decoding=\"async\" alt=\"Auroras Boreales en Islandia.\" data-imgm=\"true\" height=\"180\" loading=\"lazy\"  src=\"https:\/\/www.europesays.com\/es\/wp-content\/uploads\/2025\/10\/916918435_252373655_1024x576.png\"  width=\"320\"\/><\/p>\n<p>                                                            Auroras Boreales en Islandia.<\/p>\n<p>                    Cedida<\/p>\n<p class=\"paragraph\" id=\"paragraph_3\">En los \u00faltimos d\u00edas ha circulado la noticia de que Espa\u00f1a podr\u00eda registrar un episodio de auroras boreales. Si bien la temporada ya ha comenzado en los pa\u00edses n\u00f3rdicos, <strong>ninguna instituci\u00f3n cient\u00edfica ha confirmado que este fen\u00f3meno vaya a ser visible desde la Pen\u00ednsula<\/strong> en los pr\u00f3ximos d\u00edas.<\/p>\n<p class=\"paragraph\" id=\"paragraph_4\">La aurora boreal es un fen\u00f3meno astron\u00f3mico que<strong> se produce en regiones polares del hemisferio norte<\/strong> cuando las part\u00edculas solares se ionizan al entrar en contacto con el campo magn\u00e9tico de la Tierra en la atm\u00f3sfera alta.<\/p>\n<p class=\"paragraph\" id=\"paragraph_5\">En este sentido, <strong>la actividad solar es la responsable de la emisi\u00f3n de estas part\u00edculas<\/strong>. \u00abCuanto mayor sea la actividad solar, mayor probabilidad de que puedan observarse auroras boreales m\u00e1s intensas\u00bb, explica el portal meteorol\u00f3gico Eltiempo.es.<\/p>\n<p class=\"paragraph\" id=\"paragraph_6\">Aunque sea una noche despejada y oscura, si no hay apenas actividad solar, y por muy al norte que nos encontremos, es probable que no se vean auroras boreales. No obstante, hay que tener en cuenta que muchas veces el ojo humano no es capaz de distinguirlas a simple vista.<\/p>\n<p class=\"paragraph\" id=\"paragraph_7\">La mejor \u00e9poca para ver auroras boreales es cualquier fecha comprendida<strong> entre septiembre y abril<\/strong>. Pero para observarlas, la actividad solar debe ser intensa. El color m\u00e1s com\u00fan es el verde, pero tambi\u00e9n pueden aparecer tonos de rojo, p\u00farpura, rosa, azul y amarillo.<\/p>\n<p class=\"paragraph\" id=\"paragraph_8\">Para \u00abcazar\u00bb auroras boreales,<strong> la herramienta Aurorasaurus es de gran utilidad<\/strong>. Este sistema muestra en tiempo real las zonas del mundo con mayor probabilidad de observar una aurora, utilizando un<strong> c\u00f3digo de colores que va del verde (10%) al rojo (90%)<\/strong> seg\u00fan la intensidad esperada del fen\u00f3meno.<\/p>\n<p>El \u00faltimo fen\u00f3meno de auroras boreales en Galicia<\/p>\n<p class=\"paragraph\" id=\"paragraph_9\">Aunque ninguna instituci\u00f3n cient\u00edfica ha confirmado que Espa\u00f1a vaya a registrar un episodio de auroras boreales en los pr\u00f3ximos d\u00edas, <strong>Galicia pudo disfrutar hace un a\u00f1o de este fen\u00f3meno astron\u00f3mico poco frecuente<\/strong>.<\/p>\n<p class=\"paragraph\" id=\"paragraph_10\">En la madrugada del 10 al 11 de octubre de 2024, <strong>el cielo se ti\u00f1\u00f3 de rojo en distintos puntos de la Comunidad<\/strong> y la imagen fue captada por muchas personas que compartieron sus instant\u00e1neas en redes sociales.<\/p>\n","protected":false},"excerpt":{"rendered":"Noruega, Islandia o Finlandia son excelentes lugares para ver las auroras boreales. Sin embargo, Espa\u00f1a, y en particular&hellip;\n","protected":false},"author":2,"featured_media":173954,"comment_status":"","ping_status":"","sticky":false,"template":"","format":"standard","meta":{"footnotes":""},"categories":[81],"tags":[647,119,123,124,13193,50096,25,24,816,12190,117,121,122,23,118,120,1284],"class_list":{"0":"post-173953","1":"post","2":"type-post","3":"status-publish","4":"format-standard","5":"has-post-thumbnail","7":"category-ciencia-y-tecnologia","8":"tag-astronomia","9":"tag-ciencia","10":"tag-ciencia-y-tecnologia","11":"tag-cienciaytecnologia","12":"tag-el-tiempo","13":"tag-eltiempo","14":"tag-es","15":"tag-espana","16":"tag-galicia","17":"tag-otono","18":"tag-science","19":"tag-science-and-technology","20":"tag-scienceandtechnology","21":"tag-spain","22":"tag-technology","23":"tag-tecnologia","24":"tag-vivir"},"share_on_mastodon":{"url":"","error":""},"_links":{"self":[{"href":"https:\/\/www.europesays.com\/es\/wp-json\/wp\/v2\/posts\/173953","targetHints":{"allow":["GET"]}}],"collection":[{"href":"https:\/\/www.europesays.com\/es\/wp-json\/wp\/v2\/posts"}],"about":[{"href":"https:\/\/www.europesays.com\/es\/wp-json\/wp\/v2\/types\/post"}],"author":[{"embeddable":true,"href":"https:\/\/www.europesays.com\/es\/wp-json\/wp\/v2\/users\/2"}],"replies":[{"embeddable":true,"href":"https:\/\/www.europesays.com\/es\/wp-json\/wp\/v2\/comments?post=173953"}],"version-history":[{"count":0,"href":"https:\/\/www.europesays.com\/es\/wp-json\/wp\/v2\/posts\/173953\/revisions"}],"wp:featuredmedia":[{"embeddable":true,"href":"https:\/\/www.europesays.com\/es\/wp-json\/wp\/v2\/media\/173954"}],"wp:attachment":[{"href":"https:\/\/www.europesays.com\/es\/wp-json\/wp\/v2\/media?parent=173953"}],"wp:term":[{"taxonomy":"category","embeddable":true,"href":"https:\/\/www.europesays.com\/es\/wp-json\/wp\/v2\/categories?post=173953"},{"taxonomy":"post_tag","embeddable":true,"href":"https:\/\/www.europesays.com\/es\/wp-json\/wp\/v2\/tags?post=173953"}],"curies":[{"name":"wp","href":"https:\/\/api.w.org\/{rel}","templated":true}]}}