{"id":173957,"date":"2025-10-13T13:00:08","date_gmt":"2025-10-13T13:00:08","guid":{"rendered":"https:\/\/www.europesays.com\/es\/173957\/"},"modified":"2025-10-13T13:00:08","modified_gmt":"2025-10-13T13:00:08","slug":"espana-afronta-con-esperanza-el-acuerdo-de-paz-en-gaza-espana","status":"publish","type":"post","link":"https:\/\/www.europesays.com\/es\/173957\/","title":{"rendered":"Espa\u00f1a afronta con \u201cesperanza\u201d el acuerdo de paz en Gaza | Espa\u00f1a"},"content":{"rendered":"<p class=\"\">El presidente del Gobierno, Pedro S\u00e1nchez, ha llegado ya a la cumbre de Sharm El Sheij para participar en la cumbre de la paz convocada por Donald Trump y Abdelfatah El-Sisi, el presidente egipcio. S\u00e1nchez llega a esta cumbre despu\u00e9s de haber sido uno de los presidentes europeos que m\u00e1s claramente ha condenado el \u201cgenocidio\u201d de Israel en Gaza, tal como lo llama, pero ahora que ha habido un acuerdo de paz el presidente lo ha celebrado y ha aplaudido la tarea de Trump, del que est\u00e1 muy distanciado pol\u00edticamente. <\/p>\n<p class=\"\">El Ejecutivo espa\u00f1ol quiere ahora dejar clara que considera esta paz una buena noticia y no va a poner palos en las ruedas de esta posibilidad que surge, aunque distintas fuentes admiten la desconfianza en que pueda llegarse a una paz definitiva.<\/p>\n<p class=\"\">El Gobierno espa\u00f1ol, seg\u00fan fuentes del Ejecutivo en Sharm El Sheij, <a href=\"https:\/\/elpais.com\/internacional\/2025-10-13\/hamas-libera-a-los-20-rehenes-israelies-vivos-y-comienza-la-excarcelacion-de-los-presos-palestinos.html\" target=\"_self\" rel=\"nofollow noopener\" title=\"https:\/\/elpais.com\/internacional\/2025-10-13\/hamas-libera-a-los-20-rehenes-israelies-vivos-y-comienza-la-excarcelacion-de-los-presos-palestinos.html\">afronta \u201ccon esperanza\u201d este acuerdo de paz<\/a>. El Ejecutivo, seg\u00fan explican, es \u201cconsciente de los desaf\u00edos que la ejecuci\u00f3n del plan de paz conlleva, pero con mucha voluntad de que se avance hacia una paz definitiva\u201d. \u201cLa liberaci\u00f3n de los rehenes y de los presos es una gran noticia. Tambi\u00e9n celebramos la entrada de ayuda humanitaria y la prioridad ahora es que esta llegue de forma urgente y masiva\u201d, rematan estas fuentes.<\/p>\n<p class=\"\">El ministro, Jos\u00e9 Manuel Albares, que acompa\u00f1a a S\u00e1nchez en la cumbre de la paz en Sharm El Sheij, ha se\u00f1alado que Espa\u00f1a sigue pensando lo mismo sobre la masacre en Gaza, esto es que ha habido un \u201cgenocidio\u201d, y por tanto conf\u00eda en que las investigaciones contra Benjam\u00edn Netanyahu y los responsables de la invasi\u00f3n sigan adelante, pero tambi\u00e9n ha querido destacar la alegr\u00eda del Gobierno por el acuerdo de paz. \u201cLas investigaciones en la Corte Penal Internacional siguen en marcha, eso va a continuar, pero hoy aqu\u00ed en Sharm El Sheij estamos todos unidos con esperanza de que es posible una paz definitiva, de que esta vez, y eso es lo que Espa\u00f1a quiere, sea la \u00faltima vez que veamos esta espiral de violencia\u201d. Albares ha agradecido a los mediadores, EEUU, Qatar, Egipto y Turqu\u00eda, su trabajo para llega a esta paz. \u201cHemos reconocido el papel crucial de EEUU. Hoy es un d\u00eda de celebraci\u00f3n. Espa\u00f1a ha apoyado en todo momento este proceso. Ahora debemos caminar para que la paz sea definitiva y lleguemos a la soluci\u00f3n de los dos estados, que es la \u00fanica que va a traer una paz definitiva. Y ahora tambi\u00e9n debemos trabajar para que entre la ayuda humanitaria de manera masiva y empiece la reconstrucci\u00f3n\u201d, ha rematado el ministro.<\/p>\n<p class=\"\">S\u00e1nchez, como los dem\u00e1s l\u00edderes europeos y \u00e1rabes que est\u00e1n en la cumbre, ha tenido que esperar a Trump mucho m\u00e1s de lo previsto, mientras el presidente alargaba su discurso en el parlamento de Israel con referencias a su propia familia y a su visi\u00f3n del mundo.<\/p>\n<p class=\"\">El l\u00edder espa\u00f1ol, como los dem\u00e1s, tiene una presencia secundaria en la cumbre, en la que solo est\u00e1 previsto que hablen Trump y Al Sisi, y todo est\u00e1 dise\u00f1ado a mayor gloria de ambos. Incluso los carteles en el camino entre el aeropuerto de este balneario sobre el Mar Rojo se ve solo la foto de los dos l\u00edderes dando la bienvenida a \u201cla tierra de la paz\u201d.<\/p>\n<p class=\"\">S\u00e1nchez ha trenzado una relaci\u00f3n fuerte con los l\u00edderes \u00e1rabes durante esta crisis, y especialmente con Al Sisi, que es quien le ha invitado. Con Trump la relaci\u00f3n es p\u00e9sima, tanto que el presidente de EE UU amenaz\u00f3 con echar a Espa\u00f1a de la OTAN, pero, sin embargo, el l\u00edder republicano no ha vetado la presencia del espa\u00f1ol en Sharm El Sheij y de hecho la relaci\u00f3n entre las dos administraciones, por debajo de los l\u00edderes, es bastante buena, seg\u00fan insisten fuentes espa\u00f1olas, y como prueba se\u00f1alan que la \u00faltima cumbre relevante entre EE UU y China se hizo en Madrid, algo impensable si la relaci\u00f3n fuera mala entre los dos gobiernos. <\/p>\n<p class=\"\">\u201cSon cosas de Trump, pero luego queda en nada\u201d, suelen decir estas fuentes cada vez que el presidente de EE UU lanza alguna diatriba contra S\u00e1nchez, como sucedi\u00f3 en la cumbre de la OTAN en La Haya, donde amenaz\u00f3 a Espa\u00f1a con duros aranceles espec\u00edficos que luego nunca aprob\u00f3. Adem\u00e1s, eran inviables porque es la UE quien lleva la pol\u00edtica comercial. Ahora la amenaza de sacar a Espa\u00f1a de la OTAN parece tener el mismo recorrido: palabras sin efecto real.<\/p>\n","protected":false},"excerpt":{"rendered":"El presidente del Gobierno, Pedro S\u00e1nchez, ha llegado ya a la cumbre de Sharm El Sheij para participar&hellip;\n","protected":false},"author":2,"featured_media":173958,"comment_status":"","ping_status":"","sticky":false,"template":"","format":"standard","meta":{"footnotes":""},"categories":[42],"tags":[17,18,352,5284,24,13,14,69,11,61,62,63,64,74,19,20,9,10,15,16,2959,12,21,22,65,66,67],"class_list":{"0":"post-173957","1":"post","2":"type-post","3":"status-publish","4":"format-standard","5":"has-post-thumbnail","7":"category-internacional","8":"tag-breaking-news","9":"tag-breakingnews","10":"tag-donald-trump","11":"tag-egipto","12":"tag-espana","13":"tag-featured-news","14":"tag-featurednews","15":"tag-guerra","16":"tag-headlines","17":"tag-internacional","18":"tag-international","19":"tag-international-news","20":"tag-internationalnews","21":"tag-israel","22":"tag-latest-news","23":"tag-latestnews","24":"tag-news","25":"tag-noticias","26":"tag-noticias-destacadas","27":"tag-noticiasdestacadas","28":"tag-pedro-sanchez","29":"tag-titulares","30":"tag-ultimas-noticias","31":"tag-ultimasnoticias","32":"tag-world","33":"tag-world-news","34":"tag-worldnews"},"share_on_mastodon":{"url":"","error":""},"_links":{"self":[{"href":"https:\/\/www.europesays.com\/es\/wp-json\/wp\/v2\/posts\/173957","targetHints":{"allow":["GET"]}}],"collection":[{"href":"https:\/\/www.europesays.com\/es\/wp-json\/wp\/v2\/posts"}],"about":[{"href":"https:\/\/www.europesays.com\/es\/wp-json\/wp\/v2\/types\/post"}],"author":[{"embeddable":true,"href":"https:\/\/www.europesays.com\/es\/wp-json\/wp\/v2\/users\/2"}],"replies":[{"embeddable":true,"href":"https:\/\/www.europesays.com\/es\/wp-json\/wp\/v2\/comments?post=173957"}],"version-history":[{"count":0,"href":"https:\/\/www.europesays.com\/es\/wp-json\/wp\/v2\/posts\/173957\/revisions"}],"wp:featuredmedia":[{"embeddable":true,"href":"https:\/\/www.europesays.com\/es\/wp-json\/wp\/v2\/media\/173958"}],"wp:attachment":[{"href":"https:\/\/www.europesays.com\/es\/wp-json\/wp\/v2\/media?parent=173957"}],"wp:term":[{"taxonomy":"category","embeddable":true,"href":"https:\/\/www.europesays.com\/es\/wp-json\/wp\/v2\/categories?post=173957"},{"taxonomy":"post_tag","embeddable":true,"href":"https:\/\/www.europesays.com\/es\/wp-json\/wp\/v2\/tags?post=173957"}],"curies":[{"name":"wp","href":"https:\/\/api.w.org\/{rel}","templated":true}]}}