{"id":173959,"date":"2025-10-13T13:01:09","date_gmt":"2025-10-13T13:01:09","guid":{"rendered":"https:\/\/www.europesays.com\/es\/173959\/"},"modified":"2025-10-13T13:01:09","modified_gmt":"2025-10-13T13:01:09","slug":"el-pp-tras-la-declaracion-de-miguel-angel-rodriguez-ante-el-juez-mentir-no-es-ilegal-espana","status":"publish","type":"post","link":"https:\/\/www.europesays.com\/es\/173959\/","title":{"rendered":"El PP, tras la declaraci\u00f3n de Miguel \u00c1ngel Rodr\u00edguez ante el juez: \u201cMentir no es ilegal\u201d | Espa\u00f1a"},"content":{"rendered":"<p class=\"\">Este s\u00e1bado, la direcci\u00f3n nacional del PP se escud\u00f3 en que no hab\u00eda \u201cvisto\u201d la grabaci\u00f3n de la declaraci\u00f3n en el Tribunal Supremo del jefe de gabinete de la presidenta de la Comunidad de Madrid para evitar valorar las palabras de Miguel \u00c1ngel Rodr\u00edguez unas horas despu\u00e9s de la publicaci\u00f3n en EL PA\u00cdS del v\u00eddeo en el que <a href=\"https:\/\/elpais.com\/espana\/2025-10-10\/video-miguel-angel-rodriguez-reconoce-al-juez-que-se-invento-que-el-fiscal-general-retirara-el-pacto-por-ordenes-de-arriba.html\" rel=\"nofollow noopener\" title=\"https:\/\/elpais.com\/espana\/2025-10-10\/video-miguel-angel-rodriguez-reconoce-al-juez-que-se-invento-que-el-fiscal-general-retirara-el-pacto-por-ordenes-de-arriba.html\" target=\"_blank\">reconoce ante el juez que se invent\u00f3 que el fiscal del caso retir\u00f3 el pacto ofrecido<\/a> a Alberto Gonz\u00e1lez Amador, pareja de Isabel D\u00edaz Ayuso, por \u201c\u00f3rdenes de arriba\u201d. Este lunes, dos d\u00edas despu\u00e9s, la c\u00fapula del Partido Popular no ha podido utilizar ese argumento de nuevo y ha dado otra explicaci\u00f3n para no desautorizar a Rodr\u00edguez. \u201cMentir no es ilegal\u201d, alegan altas fuentes de G\u00e9nova en privado.<\/p>\n<p class=\"\">El v\u00eddeo, publicado en la tarde de este viernes, desmonta el bulo de que el <a href=\"https:\/\/elpais.com\/espana\/2024-10-16\/claves-de-la-causa-contra-el-fiscal-general-un-bulo-del-pp-y-un-email-filtrado-a-la-prensa.html\" rel=\"nofollow noopener\" title=\"https:\/\/elpais.com\/espana\/2024-10-16\/claves-de-la-causa-contra-el-fiscal-general-un-bulo-del-pp-y-un-email-filtrado-a-la-prensa.html\" target=\"_blank\">ministerio p\u00fablico hab\u00eda ofrecido un acuerdo a la pareja de Ayuso<\/a>, pero que hab\u00eda retirado su propuesta de pacto por \u201c\u00f3rdenes de arriba\u201d, como si fuera una especie de chantaje para erosionar a la presidenta de la Comunidad. Para respaldar su teor\u00eda, filtr\u00f3 a la prensa un correo electr\u00f3nico del 12 de marzo de Juli\u00e1n Salto, el fiscal del caso de la pareja de Ayuso, que llevaba la causa contra Gonz\u00e1lez Amador, pero de forma tergiversada.<\/p>\n<p class=\"\">Como arguyen fuentes de G\u00e9nova, \u201cmentir no es ilegal\u201d en la esfera p\u00fablica. S\u00ed es delito de falso testimonio que un testigo mienta ante el juez. Rodr\u00edguez lo que asumi\u00f3 ante el magistrado que instru\u00eda la causa contra el fiscal general del Estado, \u00c1lvaro Garc\u00eda Ortiz, fue que hab\u00eda mentido sobre el pacto con Gonz\u00e1lez Amador. Por lo que, a priori, efectivamente no minti\u00f3 en sede judicial sobre tales hechos. Y, por tanto, no es ilegal. <\/p>\n<p class=\"\">Sin embargo, el PP arremete una y otra vez contra el presidente del Gobierno, Pedro S\u00e1nchez, por \u201cmentir\u201d continuamente. De hecho, este s\u00e1bado, la portavoz del PP en el Congreso, Ester Mu\u00f1oz, \u2014<a href=\"https:\/\/elpais.com\/espana\/2025-10-11\/el-psoe-exige-a-feijoo-pronunciarse-sobre-el-video-de-miguel-angel-rodriguez-y-el-pp-calla.html\" target=\"_self\" rel=\"nofollow noopener\" title=\"https:\/\/elpais.com\/espana\/2025-10-11\/el-psoe-exige-a-feijoo-pronunciarse-sobre-el-video-de-miguel-angel-rodriguez-y-el-pp-calla.html\">que asegur\u00f3 que no hab\u00eda visto todav\u00eda el v\u00eddeo del jefe de gabinete de Ayuso<\/a>\u2014, lo que s\u00ed censur\u00f3 fue la \u201cmentira\u201d en pol\u00edtica, Y desvi\u00f3 el foco al jefe del Ejecutivo. \u201cSolo hay que ver c\u00f3mo Pedro S\u00e1nchez ha hecho de la mentira el cimiento su Gobierno. En cualquier caso yo no s\u00e9 si Miguel \u00c1ngel Rodr\u00edguez minti\u00f3 o no\u201d, insisti\u00f3.<\/p>\n<p class=\"\">Este lunes, adem\u00e1s, la vicesecretaria de Acci\u00f3n Sectorial, Alma Ezcurra, ha desde\u00f1ado la relevancia de los v\u00eddeos publicados, adelantados por EL PA\u00cdS y luego difundidos tambi\u00e9n en m\u00e1s medios. \u201cHan sido filtrados por La Moncloa y su entorno. Ustedes conocen esos fragmentos, pero el Tribunal Supremo conoce el completo de todo el procedimiento judicial\u201d, ha se\u00f1alado en rueda de prensa. \u201cHasta donde yo s\u00e9, uno se sentar\u00e1 en el banquillo de los acusados el pr\u00f3ximo 3 de noviembre\u201d, ha a\u00f1adido Ezcurra, poniendo el acento en la imputaci\u00f3n del fiscal general del Estado, acusado de revelaci\u00f3n de secretos por supuestamente haber filtrado un correo confidencial del abogado de Gonz\u00e1lez Amador, en el que este reconoc\u00eda haber cometido fraude fiscal y ofrec\u00eda un acuerdo con Hacienda para evitar la c\u00e1rcel. \u201cY el otro es solo un testigo\u201d, la continuado la dirigente popular, en alusi\u00f3n al jefe del gabinete de Ayuso.<\/p>\n","protected":false},"excerpt":{"rendered":"Este s\u00e1bado, la direcci\u00f3n nacional del PP se escud\u00f3 en que no hab\u00eda \u201cvisto\u201d la grabaci\u00f3n de la&hellip;\n","protected":false},"author":2,"featured_media":173960,"comment_status":"","ping_status":"","sticky":false,"template":"","format":"standard","meta":{"footnotes":""},"categories":[8],"tags":[6069,8577,17,18,25,24,13,14,11,3515,2158,19,20,8811,9,10,15,16,956,23,12,21,22],"class_list":{"0":"post-173959","1":"post","2":"type-post","3":"status-publish","4":"format-standard","5":"has-post-thumbnail","7":"category-espana","8":"tag-alberto-nunez-feijoo","9":"tag-alvaro-garcia-ortiz","10":"tag-breaking-news","11":"tag-breakingnews","12":"tag-es","13":"tag-espana","14":"tag-featured-news","15":"tag-featurednews","16":"tag-headlines","17":"tag-isabel-diaz-ayuso","18":"tag-justicia","19":"tag-latest-news","20":"tag-latestnews","21":"tag-miguel-angel-rodriguez","22":"tag-news","23":"tag-noticias","24":"tag-noticias-destacadas","25":"tag-noticiasdestacadas","26":"tag-pp","27":"tag-spain","28":"tag-titulares","29":"tag-ultimas-noticias","30":"tag-ultimasnoticias"},"share_on_mastodon":{"url":"","error":""},"_links":{"self":[{"href":"https:\/\/www.europesays.com\/es\/wp-json\/wp\/v2\/posts\/173959","targetHints":{"allow":["GET"]}}],"collection":[{"href":"https:\/\/www.europesays.com\/es\/wp-json\/wp\/v2\/posts"}],"about":[{"href":"https:\/\/www.europesays.com\/es\/wp-json\/wp\/v2\/types\/post"}],"author":[{"embeddable":true,"href":"https:\/\/www.europesays.com\/es\/wp-json\/wp\/v2\/users\/2"}],"replies":[{"embeddable":true,"href":"https:\/\/www.europesays.com\/es\/wp-json\/wp\/v2\/comments?post=173959"}],"version-history":[{"count":0,"href":"https:\/\/www.europesays.com\/es\/wp-json\/wp\/v2\/posts\/173959\/revisions"}],"wp:featuredmedia":[{"embeddable":true,"href":"https:\/\/www.europesays.com\/es\/wp-json\/wp\/v2\/media\/173960"}],"wp:attachment":[{"href":"https:\/\/www.europesays.com\/es\/wp-json\/wp\/v2\/media?parent=173959"}],"wp:term":[{"taxonomy":"category","embeddable":true,"href":"https:\/\/www.europesays.com\/es\/wp-json\/wp\/v2\/categories?post=173959"},{"taxonomy":"post_tag","embeddable":true,"href":"https:\/\/www.europesays.com\/es\/wp-json\/wp\/v2\/tags?post=173959"}],"curies":[{"name":"wp","href":"https:\/\/api.w.org\/{rel}","templated":true}]}}