{"id":173971,"date":"2025-10-13T13:09:07","date_gmt":"2025-10-13T13:09:07","guid":{"rendered":"https:\/\/www.europesays.com\/es\/173971\/"},"modified":"2025-10-13T13:09:07","modified_gmt":"2025-10-13T13:09:07","slug":"mercedes-baja-expectativas-de-mas-victorias-en-2025-vienen-circuitos-diferentes-noticia-de-f1","status":"publish","type":"post","link":"https:\/\/www.europesays.com\/es\/173971\/","title":{"rendered":"Mercedes baja expectativas de m\u00e1s victorias en 2025: \u00abVienen circuitos diferentes\u00bb &#8211; Noticia de F1"},"content":{"rendered":"<p>\n                Andrew Shovlin contuvo las expectativas por nuevas victorias en 2025. (Foto: AFP)\n              <\/p>\n<p>A pesar de la euforia generada por la victoria de <strong>George Russell<\/strong> en el <strong>Gran Premio de Singapur<\/strong>, <strong>Mercedes<\/strong> se muestra cautelosa de cara a la recta final de la <strong>temporada 2025<\/strong> de <strong>F\u00f3rmula 1<\/strong>. <strong>Andrew Shovlin<\/strong>, director de ingenier\u00eda de pista, advirti\u00f3 que el buen rendimiento del equipo en circuitos de baja velocidad como <strong>Marina Bay<\/strong> podr\u00eda no trasladarse a pistas m\u00e1s r\u00e1pidas como <strong>Austin<\/strong>, la pr\u00f3xima cita del calendario.<\/p>\n<p>Shovlin explic\u00f3 que el <strong>W16<\/strong> destaca en circuitos m\u00e1s lentos, donde la confianza del piloto al frenar y el agarre en curvas lentas son puntos fuertes.<\/p>\n<p>\u00abIntentando gestionar las expectativas, si nos fijamos en los circuitos donde hemos tenido un buen desempe\u00f1o, y especialmente en las carreras que hemos ganado, <strong>Montreal<\/strong> y Singapur, son pistas relativamente lentas\u00bb, se\u00f1al\u00f3. \u00abSin duda, este coche funciona bien en curvas lentas, donde tenemos un gran agarre y los pilotos tienen mucha confianza\u00bb.<\/p>\n<p>\ud83d\udfe5\u00a0<strong>\u00a1Todas las novedades te esperan en el canal de\u00a0<\/strong><a href=\"https:\/\/www.youtube.com\/@GrandePremioES\" rel=\"nofollow noopener\" target=\"_blank\">YouTube<\/a><strong>\u00a0de Grande Pr\u00eamio en Espa\u00f1ol!<\/strong>\u00a0\ud83d\udfe8<\/p>\n<p><img fetchpriority=\"high\" decoding=\"async\" width=\"1024\" height=\"647\" data-attachment-id=\"368537\" data-permalink=\"https:\/\/grandepremio.com\/es\/f1\/mercedes-dice-renovacion-contrato-russell-detalles-f1-2025\/attachment\/singapura-2025-f1-corrida-mercedes-george-russell-afp-20-2\/\" data-orig-file=\"https:\/\/grandepremio.com\/es\/wp-content\/uploads\/2025\/10\/singapura-2025-f1-corrida-mercedes-george-russell-afp-20.webp\" data-orig-size=\"1068,675\" data-comments-opened=\"1\" data-image-meta=\"{\" aperture=\"\" data-image-title=\"singapura-2025-f1-corrida-mercedes-george-russell-afp-20\" data-image-description=\"\" data-image-caption=\"&lt;p&gt;George Russell (Foto: AFP)&lt;\/p&gt;&#10;\" data-medium-file=\"https:\/\/grandepremio.com\/es\/wp-content\/uploads\/2025\/10\/singapura-2025-f1-corrida-mercedes-george-russell-afp-20-300x190.webp\" data-large-file=\"https:\/\/www.europesays.com\/es\/wp-content\/uploads\/2025\/10\/singapura-2025-f1-corrida-mercedes-george-russell-afp-20-1024x647.webp.webp\" src=\"https:\/\/www.europesays.com\/es\/wp-content\/uploads\/2025\/10\/singapura-2025-f1-corrida-mercedes-george-russell-afp-20-1024x647.webp.webp\" alt=\"\" class=\"wp-image-368537\"  \/>George Russell (Foto: AFP)<\/p>\n<p>\u23e9\u00a0<strong>\u00a1Seguinos en redes por\u00a0<\/strong><a href=\"https:\/\/twitter.com\/grandepremioES\" rel=\"nofollow noopener\" target=\"_blank\">Twitter\u00a0<\/a><strong>e\u00a0<\/strong><a href=\"https:\/\/www.instagram.com\/grandepremioes\/\" rel=\"nofollow noopener\" target=\"_blank\">Instagram!<br \/><\/a>\u23e9\u00a0<strong>Adem\u00e1s, tenemos nuestro\u00a0<\/strong><a href=\"https:\/\/whatsapp.com\/channel\/0029VaDZ5zb0gcfDxuwxBM05\" rel=\"nofollow noopener\" target=\"_blank\">canal de Whatsapp<\/a><strong>\u00a0con toda la informaci\u00f3n al instante<\/strong>\u00a0\ud83c\udfc1<\/p>\n<p>El reto, seg\u00fan el ingeniero, ser\u00e1 adaptar el coche a trazados con caracter\u00edsticas opuestas, como el <strong>Circuito de las Am\u00e9ricas<\/strong>. \u00abNo hemos visto mucho en estas pistas en cuanto a curvas de alta velocidad, y quiz\u00e1s ah\u00ed es donde estamos teniendo dificultades. Si nos fijamos en un circuito como Austin, es evidente que el primer sector es muy r\u00e1pido, as\u00ed que debemos asegurarnos de tener un buen rendimiento all\u00ed\u00bb, analiz\u00f3.<\/p>\n<p>A pesar de la advertencia, Shovlin destac\u00f3 el impacto positivo de la victoria en la motivaci\u00f3n del equipo para las \u00faltimas carreras. \u00abFue alentador ver que el coche todav\u00eda puede ganar. Vimos una actuaci\u00f3n brillante de George, y todo el equipo estaba entusiasmado, lo que nos dio mucha energ\u00eda. Se avecinan circuitos muy diferentes, pero definitivamente no nos rendiremos\u00bb, concluy\u00f3.<\/p>\n<p>Mercedes ocupa actualmente el segundo puesto en el <strong>Campeonato de Constructores<\/strong> con 325 puntos. El liderato ya no es una posibilidad, ya que <strong>McLaren<\/strong> ya se ha asegurado el t\u00edtulo.<\/p>\n<p>La\u00a0<strong>F\u00f3rmula 1<\/strong>\u00a0regresa del 17 al 19 de octubre al\u00a0<strong>Circuito de las Am\u00e9ricas en Austin<\/strong>, sede del\u00a0<strong>Gran Premio de Estados Unidos<\/strong>, la 19\u00aa ronda de la\u00a0<strong>temporada 2025<\/strong>.<\/p>\n<p>      <script async src=\"https:\/\/platform.twitter.com\/widgets.js\" charset=\"utf-8\"><\/script><script async src=\"\/\/www.instagram.com\/embed.js\"><\/script><\/p>\n","protected":false},"excerpt":{"rendered":"Andrew Shovlin contuvo las expectativas por nuevas victorias en 2025. (Foto: AFP) A pesar de la euforia generada&hellip;\n","protected":false},"author":2,"featured_media":173972,"comment_status":"","ping_status":"","sticky":false,"template":"","format":"standard","meta":{"footnotes":""},"categories":[270],"tags":[168,25,24,306,271,272,23,167],"class_list":{"0":"post-173971","1":"post","2":"type-post","3":"status-publish","4":"format-standard","5":"has-post-thumbnail","7":"category-formula-1","8":"tag-deportes","9":"tag-es","10":"tag-espana","11":"tag-f1","12":"tag-formula-1","13":"tag-formula1","14":"tag-spain","15":"tag-sports"},"share_on_mastodon":{"url":"","error":""},"_links":{"self":[{"href":"https:\/\/www.europesays.com\/es\/wp-json\/wp\/v2\/posts\/173971","targetHints":{"allow":["GET"]}}],"collection":[{"href":"https:\/\/www.europesays.com\/es\/wp-json\/wp\/v2\/posts"}],"about":[{"href":"https:\/\/www.europesays.com\/es\/wp-json\/wp\/v2\/types\/post"}],"author":[{"embeddable":true,"href":"https:\/\/www.europesays.com\/es\/wp-json\/wp\/v2\/users\/2"}],"replies":[{"embeddable":true,"href":"https:\/\/www.europesays.com\/es\/wp-json\/wp\/v2\/comments?post=173971"}],"version-history":[{"count":0,"href":"https:\/\/www.europesays.com\/es\/wp-json\/wp\/v2\/posts\/173971\/revisions"}],"wp:featuredmedia":[{"embeddable":true,"href":"https:\/\/www.europesays.com\/es\/wp-json\/wp\/v2\/media\/173972"}],"wp:attachment":[{"href":"https:\/\/www.europesays.com\/es\/wp-json\/wp\/v2\/media?parent=173971"}],"wp:term":[{"taxonomy":"category","embeddable":true,"href":"https:\/\/www.europesays.com\/es\/wp-json\/wp\/v2\/categories?post=173971"},{"taxonomy":"post_tag","embeddable":true,"href":"https:\/\/www.europesays.com\/es\/wp-json\/wp\/v2\/tags?post=173971"}],"curies":[{"name":"wp","href":"https:\/\/api.w.org\/{rel}","templated":true}]}}