{"id":173981,"date":"2025-10-13T13:15:17","date_gmt":"2025-10-13T13:15:17","guid":{"rendered":"https:\/\/www.europesays.com\/es\/173981\/"},"modified":"2025-10-13T13:15:17","modified_gmt":"2025-10-13T13:15:17","slug":"erc-presiona-al-psoe-para-que-tv3-y-la2-cat-se-vean-en-valencia-y-baleares","status":"publish","type":"post","link":"https:\/\/www.europesays.com\/es\/173981\/","title":{"rendered":"ERC presiona al PSOE para que TV3 y La2 Cat se vean en Valencia y Baleares"},"content":{"rendered":"<p style=\"\">ERC presiona al PSOE para que TV3, <a href=\"https:\/\/www.abc.es\/espana\/cataluna\/polemicos-periodistas-independentistas-desembarcan-nuevo-canal-catalan-20250709191536-nt.html\" target=\"_self\" data-voc-vtm-id=\"in-text-traffic\" title=\"La2 Cat (el nuevo canal en catal\u00e1n que se emite en Catalu\u00f1a en sustituci\u00f3n de La2)\" data-mrf-link=\"www.abc.es\" rel=\"nofollow noopener\">La2 Cat (el nuevo canal en catal\u00e1n que se emite en Catalu\u00f1a en sustituci\u00f3n de La2)<\/a> y R\u00e0dio 4 se puedan ver y o\u00edr en la Comunidad Valenciana y las Baleares. Es una vieja reivindicaci\u00f3n de los  &#8230; nacionalistas <strong>en base el concepto de los &#8216;Pa\u00edses Catalanes&#8217;,<\/strong> una entelequia pol\u00edtica que incluir\u00eda adem\u00e1s de Catalu\u00f1a, la Comunidad Valenciana, las Baleares, una parte del sur de Francia, as\u00ed como del este de Arag\u00f3n (la llamada Franja) y poblaciones de la Regi\u00f3n de Murcia y la isla de Cerde\u00f1a (Italia).<\/p>\n<p class=\"voc-p\" style=\"\">Los de <strong>Oriol Junqueras<\/strong> en el Congreso, de la mano de Comprom\u00eds y M\u00e9s per Mallorca, han registrado este lunes una proposici\u00f3n no de ley instando el <strong>Ejecutivo de Pedro S\u00e1nchez<\/strong> a que asuma competencias en materia de radiotelevisi\u00f3n que corresponden a las regiones, pues exigen que <a href=\"https:\/\/www.abc.es\/espana\/comunidad-valenciana\/abci-pretexto-para-incluir-comunidad-valenciana-mapas-paises-catalanes-202003081037_noticia.html\" target=\"_self\" data-voc-vtm-id=\"in-text-traffic\" title=\"TV3, IB3 y \u00c0 Punt,\" data-mrf-link=\"www.abc.es\" rel=\"nofollow noopener\">TV3, IB3 y \u00c0 Punt,<\/a> las tres televisiones auton\u00f3micas p\u00fablicas, se puedan ver en las tres regiones indistintamente. Una decisi\u00f3n que es competencia de los ejecutivos regionales.<\/p>\n<p class=\"voc-p\" style=\"\">En el texto se insta al Gobierno a que \u00abasegure una oferta estable, gratuita y de calidad en lengua catalana que llegue a toda la ciudadan\u00eda catalanoparlante, independientemente del territorio de residencia\u00bb, promueva \u00abla reciprocidad de emisiones de televisi\u00f3n y radio\u00bb de las tres cadenas regionales e impulse <strong>\u00ablos acuerdos necesarios\u00bb<\/strong> entre RTVE y los tres gobiernos auton\u00f3micos \u00abpara coordinar la difusi\u00f3n, colaboraci\u00f3n en contenidos y sinergias\u00bb <a href=\"https:\/\/www.abc.es\/espana\/cataluna\/gobierno-entrega-junts-canal-radio-catalan-rtve-20250904041615-nt.html\" target=\"_self\" data-voc-vtm-id=\"in-text-traffic\" title=\"entre La2 Cat y las tres televisiones.\" data-mrf-link=\"www.abc.es\" rel=\"nofollow noopener\">entre La2 Cat y las tres televisiones.<\/a><\/p>\n<p class=\"voc-p\" style=\"\">Con esta propuesta, no vinculante, los socios de los socialistas en el Congreso aspiran tambi\u00e9n a que La2 Cat, que ocupa el espacio de La2 en toda Espa\u00f1a y <a href=\"https:\/\/www.abc.es\/espana\/cataluna\/sindicatos-denuncian-entrega-radio-junts-externalizacion-programacion-20250904123233-nt.html\" target=\"_self\" data-voc-vtm-id=\"in-text-traffic\" title=\"algunos sindicatos de RTVE denuncian que el Ejecutivo deja en manos de los independentistas el control de la cadena\" data-mrf-link=\"www.abc.es\" rel=\"nofollow noopener\">algunos sindicatos de RTVE denuncian que el Ejecutivo deja en manos de los independentistas el control de la cadena<\/a> y su externalizaci\u00f3n, sea un canal que se pueda ver en la Comunidad Valenciana y Baleares, como tambi\u00e9n se pueda escuchar R\u00e0dio 4, radio en catal\u00e1n de RNE que se emite desde Barcelona, seg\u00fan ha confirmado <strong>Francesc-Marc \u00c1lvaro (ERC), Vicen\u00e7 Vidal (M\u00e9s)<\/strong> y <strong>\u00c0gueda Mic\u00f3 (Comprom\u00eds)<\/strong> tras registrar la iniciativa.<\/p>\n<p class=\"voc-p\" style=\"\">La propuesta, seg\u00fan ha informado ERC, se debatir\u00e1 en la Comisi\u00f3n de Pol\u00edtica Territorial de la C\u00e1mara Baja y los promotores han recordado que \u00abEspa\u00f1a es signataria de la <strong>Carta Europea de las Lenguas Regionales o Minoritarias<\/strong> que obliga a los Estados a garantizar la presencia de las lenguas hist\u00f3ricas en los medios de comunicaci\u00f3n p\u00fablicos y a evitar restricciones territoriales en su difusi\u00f3n\u00bb. En paralelo, tambi\u00e9n se ha reclamado m\u00e1s financiaci\u00f3n p\u00fablica para reforzar RTVE en Valencia y Mallorca.<\/p>\n<p class=\"voc-p\" style=\"\">Esta reivindicaci\u00f3n de las formaciones nacionalistas, recuperada la misma semana que se pone en marcha La2 Cat, iniciando el proceso de sustituci\u00f3n de La2 en Catalu\u00f1a, no es nueva y est\u00e1 vinculada a la idea pol\u00edtica de los &#8216;Pa\u00edses Catalanes&#8217;. En este sentido, la iniciativa siempre ha chocado con aspectos t\u00e9cnicos y legales, empezando por <strong>la territorialidad de las cadenas auton\u00f3micas,<\/strong> cuyo espacio de difusi\u00f3n se limita a los l\u00edmites regionales, e incluyendo las dificultades de encontrar frecuencias abiertas o libres para las emisiones.<\/p>\n","protected":false},"excerpt":{"rendered":"ERC presiona al PSOE para que TV3, La2 Cat (el nuevo canal en catal\u00e1n que se emite en&hellip;\n","protected":false},"author":2,"featured_media":173982,"comment_status":"","ping_status":"","sticky":false,"template":"","format":"standard","meta":{"footnotes":""},"categories":[171],"tags":[2456,35092,146,147,6324,25,24,4290,6335,1699,23,214,7151,235,50098],"class_list":{"0":"post-173981","1":"post","2":"type-post","3":"status-publish","4":"format-standard","5":"has-post-thumbnail","7":"category-tv","8":"tag-baleares","9":"tag-cat","10":"tag-entertainment","11":"tag-entretenimiento","12":"tag-erc","13":"tag-es","14":"tag-espana","15":"tag-la2","16":"tag-presiona","17":"tag-psoe","18":"tag-spain","19":"tag-tv","20":"tag-tv3","21":"tag-valencia","22":"tag-vean"},"share_on_mastodon":{"url":"","error":""},"_links":{"self":[{"href":"https:\/\/www.europesays.com\/es\/wp-json\/wp\/v2\/posts\/173981","targetHints":{"allow":["GET"]}}],"collection":[{"href":"https:\/\/www.europesays.com\/es\/wp-json\/wp\/v2\/posts"}],"about":[{"href":"https:\/\/www.europesays.com\/es\/wp-json\/wp\/v2\/types\/post"}],"author":[{"embeddable":true,"href":"https:\/\/www.europesays.com\/es\/wp-json\/wp\/v2\/users\/2"}],"replies":[{"embeddable":true,"href":"https:\/\/www.europesays.com\/es\/wp-json\/wp\/v2\/comments?post=173981"}],"version-history":[{"count":0,"href":"https:\/\/www.europesays.com\/es\/wp-json\/wp\/v2\/posts\/173981\/revisions"}],"wp:featuredmedia":[{"embeddable":true,"href":"https:\/\/www.europesays.com\/es\/wp-json\/wp\/v2\/media\/173982"}],"wp:attachment":[{"href":"https:\/\/www.europesays.com\/es\/wp-json\/wp\/v2\/media?parent=173981"}],"wp:term":[{"taxonomy":"category","embeddable":true,"href":"https:\/\/www.europesays.com\/es\/wp-json\/wp\/v2\/categories?post=173981"},{"taxonomy":"post_tag","embeddable":true,"href":"https:\/\/www.europesays.com\/es\/wp-json\/wp\/v2\/tags?post=173981"}],"curies":[{"name":"wp","href":"https:\/\/api.w.org\/{rel}","templated":true}]}}