{"id":174003,"date":"2025-10-13T13:27:11","date_gmt":"2025-10-13T13:27:11","guid":{"rendered":"https:\/\/www.europesays.com\/es\/174003\/"},"modified":"2025-10-13T13:27:11","modified_gmt":"2025-10-13T13:27:11","slug":"la-plaza-de-toros-de-chinchon-protagonista-en-la-apertura-de-las-jornadas-taurinas","status":"publish","type":"post","link":"https:\/\/www.europesays.com\/es\/174003\/","title":{"rendered":"La plaza de toros de Chinch\u00f3n, protagonista en la apertura de las Jornadas Taurinas"},"content":{"rendered":"<p>El pr\u00f3ximo\u00a0<b>mi\u00e9rcoles 15 de octubre<\/b>, el\u00a0<b>Teatro Lope de Vega <\/b>de<b> Chinch\u00f3n<\/b>\u00a0acoger\u00e1 la\u00a0<b>primera sesi\u00f3n de las Jornadas Taurinas<\/b>, un ciclo que cada a\u00f1o antecede al c\u00e9lebre festival taurino de la localidad. En esta inauguraci\u00f3n, el<strong>\u00a0<\/strong><b>editor y escritor Juan Salazar Larraz<\/b>\u00a0y el\u00a0<b>gestor cultural Ra\u00fal Alonso S\u00e1ez<\/b>\u00a0protagonizar\u00e1n un\u00a0<b>di\u00e1logo sobre la hist\u00f3rica plaza de toros de Chinch\u00f3n<\/b> y su v\u00ednculo con otros cosos emblem\u00e1ticos de Espa\u00f1a. El encuentro dar\u00e1 comienzo a las\u00a0<b>20:00 horas<\/b>.<\/p>\n","protected":false},"excerpt":{"rendered":"El pr\u00f3ximo\u00a0mi\u00e9rcoles 15 de octubre, el\u00a0Teatro Lope de Vega de Chinch\u00f3n\u00a0acoger\u00e1 la\u00a0primera sesi\u00f3n de las Jornadas Taurinas, un&hellip;\n","protected":false},"author":2,"featured_media":174004,"comment_status":"","ping_status":"","sticky":false,"template":"","format":"standard","meta":{"footnotes":""},"categories":[277],"tags":[45,373,50102,168,25,24,50103,23,167,374],"class_list":{"0":"post-174003","1":"post","2":"type-post","3":"status-publish","4":"format-standard","5":"has-post-thumbnail","7":"category-toreo","8":"tag-45","9":"tag-bullfighting","10":"tag-chinchon","11":"tag-deportes","12":"tag-es","13":"tag-espana","14":"tag-jornadas-taurinas","15":"tag-spain","16":"tag-sports","17":"tag-toreo"},"share_on_mastodon":{"url":"","error":""},"_links":{"self":[{"href":"https:\/\/www.europesays.com\/es\/wp-json\/wp\/v2\/posts\/174003","targetHints":{"allow":["GET"]}}],"collection":[{"href":"https:\/\/www.europesays.com\/es\/wp-json\/wp\/v2\/posts"}],"about":[{"href":"https:\/\/www.europesays.com\/es\/wp-json\/wp\/v2\/types\/post"}],"author":[{"embeddable":true,"href":"https:\/\/www.europesays.com\/es\/wp-json\/wp\/v2\/users\/2"}],"replies":[{"embeddable":true,"href":"https:\/\/www.europesays.com\/es\/wp-json\/wp\/v2\/comments?post=174003"}],"version-history":[{"count":0,"href":"https:\/\/www.europesays.com\/es\/wp-json\/wp\/v2\/posts\/174003\/revisions"}],"wp:featuredmedia":[{"embeddable":true,"href":"https:\/\/www.europesays.com\/es\/wp-json\/wp\/v2\/media\/174004"}],"wp:attachment":[{"href":"https:\/\/www.europesays.com\/es\/wp-json\/wp\/v2\/media?parent=174003"}],"wp:term":[{"taxonomy":"category","embeddable":true,"href":"https:\/\/www.europesays.com\/es\/wp-json\/wp\/v2\/categories?post=174003"},{"taxonomy":"post_tag","embeddable":true,"href":"https:\/\/www.europesays.com\/es\/wp-json\/wp\/v2\/tags?post=174003"}],"curies":[{"name":"wp","href":"https:\/\/api.w.org\/{rel}","templated":true}]}}