{"id":174005,"date":"2025-10-13T13:30:10","date_gmt":"2025-10-13T13:30:10","guid":{"rendered":"https:\/\/www.europesays.com\/es\/174005\/"},"modified":"2025-10-13T13:30:10","modified_gmt":"2025-10-13T13:30:10","slug":"miguel-angel-campo-jugador-del-tenis-club-recreativo-repsol-puertollano-finalista-del-campeonato-provincial-infantil","status":"publish","type":"post","link":"https:\/\/www.europesays.com\/es\/174005\/","title":{"rendered":"Miguel \u00c1ngel Campo, jugador del Tenis Club Recreativo Repsol Puertollano, finalista del campeonato provincial infantil"},"content":{"rendered":"<p>Este fin de semana, en las instalaciones municipales de Puertollano, se ha disputado el campeonato provincial en categor\u00eda infantil. Un total de 6 chicas y 13 chicos procedentes de varios puntos de la provincia han jugado sus partidos durante s\u00e1bado y domingo.<\/p>\n<p>En categor\u00eda femenina, Carmen Pozo consegu\u00eda la victoria en un partido muy igualado frente a Roc\u00edo Carretero, jugadora de Alcolea y n\u00b01 del cuadro. Segundo partido consecutivo que le gana Carmen a Roc\u00edo en poco m\u00e1s de una semana.<\/p>\n<p>En categor\u00eda masculina, Eduardo Moreno ganaba en el super tie break a Miguel \u00c1ngel Campo, jugador del Tenis Club Recreativo Repsol Puertollano.<\/p>\n<p>Tanto los finalistas como los terceros clasificados representaran a la provincia de Ciudad Real en el Campeonato Regional que se disputar\u00e1 el pr\u00f3ximo mes en Albacete.<\/p>\n","protected":false},"excerpt":{"rendered":"Este fin de semana, en las instalaciones municipales de Puertollano, se ha disputado el campeonato provincial en categor\u00eda&hellip;\n","protected":false},"author":2,"featured_media":174006,"comment_status":"","ping_status":"","sticky":false,"template":"","format":"standard","meta":{"footnotes":""},"categories":[274],"tags":[634,168,25,24,23,167,327,42887,326],"class_list":{"0":"post-174005","1":"post","2":"type-post","3":"status-publish","4":"format-standard","5":"has-post-thumbnail","7":"category-tenis","8":"tag-deporte","9":"tag-deportes","10":"tag-es","11":"tag-espana","12":"tag-spain","13":"tag-sports","14":"tag-tenis","15":"tag-tenis-club-recreativo-repsol","16":"tag-tennis"},"share_on_mastodon":{"url":"","error":""},"_links":{"self":[{"href":"https:\/\/www.europesays.com\/es\/wp-json\/wp\/v2\/posts\/174005","targetHints":{"allow":["GET"]}}],"collection":[{"href":"https:\/\/www.europesays.com\/es\/wp-json\/wp\/v2\/posts"}],"about":[{"href":"https:\/\/www.europesays.com\/es\/wp-json\/wp\/v2\/types\/post"}],"author":[{"embeddable":true,"href":"https:\/\/www.europesays.com\/es\/wp-json\/wp\/v2\/users\/2"}],"replies":[{"embeddable":true,"href":"https:\/\/www.europesays.com\/es\/wp-json\/wp\/v2\/comments?post=174005"}],"version-history":[{"count":0,"href":"https:\/\/www.europesays.com\/es\/wp-json\/wp\/v2\/posts\/174005\/revisions"}],"wp:featuredmedia":[{"embeddable":true,"href":"https:\/\/www.europesays.com\/es\/wp-json\/wp\/v2\/media\/174006"}],"wp:attachment":[{"href":"https:\/\/www.europesays.com\/es\/wp-json\/wp\/v2\/media?parent=174005"}],"wp:term":[{"taxonomy":"category","embeddable":true,"href":"https:\/\/www.europesays.com\/es\/wp-json\/wp\/v2\/categories?post=174005"},{"taxonomy":"post_tag","embeddable":true,"href":"https:\/\/www.europesays.com\/es\/wp-json\/wp\/v2\/tags?post=174005"}],"curies":[{"name":"wp","href":"https:\/\/api.w.org\/{rel}","templated":true}]}}