{"id":174009,"date":"2025-10-13T13:32:10","date_gmt":"2025-10-13T13:32:10","guid":{"rendered":"https:\/\/www.europesays.com\/es\/174009\/"},"modified":"2025-10-13T13:32:10","modified_gmt":"2025-10-13T13:32:10","slug":"haas-lucira-en-austin-una-decoracion-especial-en-homenaje-a-ee-uu","status":"publish","type":"post","link":"https:\/\/www.europesays.com\/es\/174009\/","title":{"rendered":"Haas lucir\u00e1 en Austin una decoraci\u00f3n especial en homenaje a EE.UU."},"content":{"rendered":"<p>            <img decoding=\"async\" width=\"1200\" height=\"801\" src=\"https:\/\/www.europesays.com\/es\/wp-content\/uploads\/2025\/10\/12243.jpg\" class=\"attachment-full size-full wp-post-image\" alt=\"\" loading=\"lazy\"\/><\/p>\n<p style=\"display:none\">Haas lucir\u00e1 en Austin una decoraci\u00f3n especial en homenaje a EE.UU.<\/p>\n<p style=\"display:none\">Hasta que Cadillac aterrice en la parrilla de la m\u00e1xima categor\u00eda del automovilismo el pr\u00f3ximo curso, el \u00fanico equipo americano de la F\u00f3rmula 1 sigue siendo Haas F1 Team y, como ha hecho cada a\u00f1&#8230;<\/p>\n<p>\n            Hasta que Cadillac aterrice en la parrilla de la m\u00e1xima categor\u00eda del automovilismo el pr\u00f3ximo curso, el \u00fanico equipo americano de la F\u00f3rmula 1 sigue siendo Haas F1 Team y, como ha hecho cada a\u00f1o, lo celebrar\u00e1 de una manera especial este fin de semana en el GP de Estados Unidos 2025.<br \/>La escuder\u00eda de Esteban Ocon y Oliver Bearman llegar\u00e1 al Circuito de las Am\u00e9ricas con una decoraci\u00f3n &#8230;<a class=\"more\" href=\"https:\/\/es.motorsport.com\/f1\/news\/haas-decoracion-especial-austin-eeuu\/10767245\/?utm_source=RSS&amp;utm_medium=referral&amp;utm_campaign=RSS-ALL&amp;utm_term=News&amp;utm_content=es\" rel=\"nofollow noopener\" target=\"_blank\">Sigue leyendo<\/a><\/p>\n<p>Fuente: <a target=\"_blank\" href=\"https:\/\/es.motorsport.com\/f1\/news\/haas-decoracion-especial-austin-eeuu\/10767245\/?utm_source=RSS&amp;utm_medium=referral&amp;utm_campaign=RSS-ALL&amp;utm_term=News&amp;utm_content=es\" rel=\"nofollow noopener\">https:\/\/es.motorsport.com\/f1\/news\/haas-decoracion-especial-austin-eeuu\/10767245\/?utm_source=RSS&amp;utm_medium=referral&amp;utm_campaign=RSS-ALL&amp;utm_term=News&amp;utm_content=es<\/a><\/p>\n","protected":false},"excerpt":{"rendered":"Haas lucir\u00e1 en Austin una decoraci\u00f3n especial en homenaje a EE.UU. Hasta que Cadillac aterrice en la parrilla&hellip;\n","protected":false},"author":2,"featured_media":174010,"comment_status":"","ping_status":"","sticky":false,"template":"","format":"standard","meta":{"footnotes":""},"categories":[270],"tags":[168,25,24,306,271,272,23,167],"class_list":{"0":"post-174009","1":"post","2":"type-post","3":"status-publish","4":"format-standard","5":"has-post-thumbnail","7":"category-formula-1","8":"tag-deportes","9":"tag-es","10":"tag-espana","11":"tag-f1","12":"tag-formula-1","13":"tag-formula1","14":"tag-spain","15":"tag-sports"},"share_on_mastodon":{"url":"","error":""},"_links":{"self":[{"href":"https:\/\/www.europesays.com\/es\/wp-json\/wp\/v2\/posts\/174009","targetHints":{"allow":["GET"]}}],"collection":[{"href":"https:\/\/www.europesays.com\/es\/wp-json\/wp\/v2\/posts"}],"about":[{"href":"https:\/\/www.europesays.com\/es\/wp-json\/wp\/v2\/types\/post"}],"author":[{"embeddable":true,"href":"https:\/\/www.europesays.com\/es\/wp-json\/wp\/v2\/users\/2"}],"replies":[{"embeddable":true,"href":"https:\/\/www.europesays.com\/es\/wp-json\/wp\/v2\/comments?post=174009"}],"version-history":[{"count":0,"href":"https:\/\/www.europesays.com\/es\/wp-json\/wp\/v2\/posts\/174009\/revisions"}],"wp:featuredmedia":[{"embeddable":true,"href":"https:\/\/www.europesays.com\/es\/wp-json\/wp\/v2\/media\/174010"}],"wp:attachment":[{"href":"https:\/\/www.europesays.com\/es\/wp-json\/wp\/v2\/media?parent=174009"}],"wp:term":[{"taxonomy":"category","embeddable":true,"href":"https:\/\/www.europesays.com\/es\/wp-json\/wp\/v2\/categories?post=174009"},{"taxonomy":"post_tag","embeddable":true,"href":"https:\/\/www.europesays.com\/es\/wp-json\/wp\/v2\/tags?post=174009"}],"curies":[{"name":"wp","href":"https:\/\/api.w.org\/{rel}","templated":true}]}}