{"id":174021,"date":"2025-10-13T13:39:22","date_gmt":"2025-10-13T13:39:22","guid":{"rendered":"https:\/\/www.europesays.com\/es\/174021\/"},"modified":"2025-10-13T13:39:22","modified_gmt":"2025-10-13T13:39:22","slug":"ringo-starr-mantiene-vivo-el-legado-de-los-beatles-y-afirmo-todas-las-generaciones-nos-escuchan","status":"publish","type":"post","link":"https:\/\/www.europesays.com\/es\/174021\/","title":{"rendered":"Ringo Starr mantiene vivo el legado de los Beatles y afirm\u00f3: \u201cTodas las generaciones nos escuchan\u201d"},"content":{"rendered":"<p>Durante el \u00faltimo a\u00f1o, los temas de Los Beatles que m\u00e1s reproducciones acumularon fueron Come Together, Here Comes the Sun y Now and Then (YouTube\/The Beatles)<\/p>\n<p class=\"paragraph\"><a href=\"https:\/\/www.infobae.com\/tendencias\/2025\/07\/07\/ringo-starr-a-los-85-como-es-su-rutina-de-alimentacion-y-ejercicio-para-mantenerse-en-plenitud\/\" target=\"_blank\" rel=\"noreferrer nofollow noopener\" title=\"https:\/\/www.infobae.com\/tendencias\/2025\/07\/07\/ringo-starr-a-los-85-como-es-su-rutina-de-alimentacion-y-ejercicio-para-mantenerse-en-plenitud\/\"><b>Ringo Starr<\/b><\/a>, ic\u00f3nica figura de la bater\u00eda y miembro emblem\u00e1tico de <a href=\"https:\/\/www.infobae.com\/entretenimiento\/2025\/07\/24\/the-beatles-llegan-al-cine-en-2028-los-detalles-de-la-tetralogia-que-explorara-la-intimidad-de-la-mitica-banda\/\" target=\"_blank\" rel=\"noreferrer nofollow noopener\" title=\"https:\/\/www.infobae.com\/entretenimiento\/2025\/07\/24\/the-beatles-llegan-al-cine-en-2028-los-detalles-de-la-tetralogia-que-explorara-la-intimidad-de-la-mitica-banda\/\"><b>The Beatles<\/b><\/a>, conserva la vigencia de la banda seis d\u00e9cadas despu\u00e9s de su irrupci\u00f3n en la cultura popular. <\/p>\n<p class=\"paragraph\">Desde su residencia en <b>Los \u00c1ngeles<\/b>, el m\u00fasico comparti\u00f3 con Financial Times su visi\u00f3n sobre el paso del tiempo, su impulso creativo y la exposici\u00f3n de su obra visual en Las Vegas, siempre con la energ\u00eda y el humor que lo distinguen.<\/p>\n<p class=\"paragraph\">Con <b>85 a\u00f1os<\/b> Starr afirm\u00f3 que en su mente nunca dej\u00f3 de tener 24. <b>\u201cTe dije que no puedes tener 27, yo solo tengo 24\u201d<\/b>, recuerda que le respondi\u00f3 a su hijo Jason cuando este tem\u00eda cumplir 40. <\/p>\n<p class=\"paragraph\"><b>Esta percepci\u00f3n de juventud permanente se refleja tanto en su actitud como en su aspecto<\/b>: cabello oscuro, barba sin canas, gafas de sol y el collar con el s\u00edmbolo de la paz. Para Starr, el tiempo parece estirarse y contin\u00faa dedicado a lo que le apasiona.<\/p>\n<p><img alt=\"The Beatles siguen conquistando nuevas\" class=\"global-image\" decoding=\"async\" fetchpriority=\"low\" height=\"2244\" loading=\"lazy\" src=\"https:\/\/www.europesays.com\/es\/wp-content\/uploads\/2025\/10\/RF2DX2ZEHMYZNAANRQU7K5AOAQ.jpg\" width=\"3073\"\/>The Beatles siguen conquistando nuevas generaciones, con millones de reproducciones anuales de sus canciones (AP)<\/p>\n<p class=\"paragraph\">La vigencia de la banda de<b> Liverpool<\/b> no responde a la nostalgia, sino a una realidad palpable. <b>\u201cTodas las generaciones, si les gusta la m\u00fasica, escuchan a The Beatles\u201d<\/b>, sostuvo en la entrevista con Financial Times. <\/p>\n<p class=\"paragraph\">El grupo contin\u00faa cosechando \u00e9xito y, seg\u00fan Starr, las estad\u00edsticas lo respaldan: <b>\u201cLos Beatles siguen vendiendo discos. \u00a1Tenemos miles de millones de reproducciones al a\u00f1o! <\/b>Es incre\u00edble. Las canciones y la actitud eran geniales\u00bb.<b> <\/b><\/p>\n<p class=\"paragraph\">Tanto \u00e9l como <b>Paul McCartney <\/b>permanecen activos y coment\u00f3 que \u201c<b>Paul y yo seguimos haciendo lo mismo que hac\u00edamos antes<\/b>. Estamos de gira y grabamos discos\u201d.<\/p>\n<p class=\"paragraph\">La actualidad de Starr se extiende m\u00e1s all\u00e1 de la m\u00fasica. Este mes, su obra visual ocupa un lugar destacado en la <b>Galer\u00eda Animazing del Grand Canal Shoppes <\/b>de Las Vegas, justo cuando ofrece una serie de seis conciertos junto a la <b>All Starr Band<\/b> en el Venetian. <\/p>\n<p><img alt=\"Parte de los ingresos de\" class=\"global-image\" decoding=\"async\" fetchpriority=\"low\" height=\"2650\" loading=\"lazy\" src=\"https:\/\/www.europesays.com\/es\/wp-content\/uploads\/2025\/10\/YLNQSR7WFRVQCSDIZ5VE6XDEXY.jpg\" width=\"3729\"\/>Parte de los ingresos de su arte se destinan a la Fundaci\u00f3n Lotus, creada junto a su esposa Barbara Bach, y enfocada en apoyar a personas con adicciones (REUTERS)<\/p>\n<p class=\"paragraph\"><b>Las paredes exhiben impresiones y pinturas originales valoradas entre USD 2.000 y USD 200.000<\/b>, destinando parte de los ingresos a la <b>Fundaci\u00f3n Lotus<\/b>, la organizaci\u00f3n ben\u00e9fica que fund\u00f3 con su esposa, <b>Barbara Bach<\/b>, para apoyar a personas con adicciones. <\/p>\n<p class=\"paragraph\">\u201c<b>Disfruto simplemente levantarme y dirigirme al estudio para pintar<\/b>. Hay d\u00edas en que lo hago y otros en los que paso semanas sin tocar el lienzo\u201d, relat\u00f3 sobre su proceso creativo. <\/p>\n<p class=\"paragraph\"><b>El m\u00fasico tambi\u00e9n coment\u00f3 que se concentra frente al lienzo y pierde la noci\u00f3n del tiempo<\/b>: \u201cSimplemente voy al lienzo y empiezo&#8230; Y entonces te das cuenta de que llevas dos horas all\u00ed. Siempre me sorprende. Me encanta\u201d.<\/p>\n<p class=\"paragraph\">La faceta filantr\u00f3pica de se manifest\u00f3 con la consolidaci\u00f3n de su fundaci\u00f3n, que <b>canaliza recursos hacia personas con problemas de adicci\u00f3n<\/b>. Este compromiso surge de su propia experiencia y la de Bach, ambos sobrios desde su rehabilitaci\u00f3n en 1988. La venta de su arte en Las Vegas contribuye directamente a esta causa, fusionando su creatividad con la responsabilidad social.<\/p>\n<p class=\"paragraph\">El desembarco de Starr en el <b>arte visual<\/b> fue posterior y no inmediato. Su infancia en Liverpool, <b>marcada por la ausencia de su padre<\/b> y las dificultades econ\u00f3micas, tuvo escaso contacto con el arte. <\/p>\n<p><img alt=\"Starr relat\u00f3 c\u00f3mo la pintura\" class=\"global-image\" decoding=\"async\" fetchpriority=\"low\" height=\"2912\" loading=\"lazy\" src=\"https:\/\/www.europesays.com\/es\/wp-content\/uploads\/2025\/10\/B5WJW6PA7BD33DPTTBUGJCLFTM.jpg\" width=\"4368\"\/>Starr relat\u00f3 c\u00f3mo la pintura y el arte lo apasionan actualmente, mientras realiza una serie de conciertos con la All Starr Band en el Venetian de Las Vegas (EFE)<\/p>\n<p class=\"paragraph\">\u201cViv\u00edamos en una casa muy peque\u00f1a y <b>como mi padre se fue cuando yo ten\u00eda tres a\u00f1os, nos convertimos en una clase trabajadora de clase baja<\/b>. Mi madre ten\u00eda que trabajar arduamente, d\u00eda y noche, para pagar el alquiler y alimentarnos. Y mis abuelos la ayudaron. Me criaron tres de ellos: mi madre, mi abuela y mi abuelo\u201d, rememor\u00f3 en di\u00e1logo con Financial Times.<\/p>\n<p class=\"paragraph\"><b>El inter\u00e9s de Starr por el arte se consolid\u00f3 en la adultez<\/b>, durante sus estancias en <b>\u00c1msterdam<\/b>, donde comenz\u00f3 a experimentar y explorar distintas formas de expresi\u00f3n visual. <\/p>\n<p class=\"paragraph\">Reconoce que, en ese periodo, algunos h\u00e1bitos personales como el <b>consumo recreativo de marihuana influyeron en su acercamiento inicial al arte<\/b>, aunque aclar\u00f3 que actualmente ya no los practica y que su dedicaci\u00f3n a la pintura es fruto de su pasi\u00f3n y disciplina.<\/p>\n<p class=\"paragraph\"><b>Rembrandt<\/b> <b>es su pintor favorito<\/b>, y una de sus primeras creaciones fue un gran lienzo con \u201clike, a crazy tree\u201d (como un \u00e1rbol loco), pintado tras mudarse a M\u00f3naco en 1975, donde el sol reemplaz\u00f3 al gris de Liverpool.<\/p>\n<p><img alt=\"Seg\u00fan Ringo Starr, la ic\u00f3nica\" class=\"global-image\" decoding=\"async\" fetchpriority=\"low\" height=\"1080\" loading=\"lazy\" src=\"https:\/\/www.europesays.com\/es\/wp-content\/uploads\/2025\/10\/I5QIWBJMYVCTPCN6JTMC4AEMJY.jpg\" width=\"1920\"\/>Seg\u00fan Ringo Starr, la ic\u00f3nica tapa simboliza la simplicidad y el esp\u00edritu innovador que caracteriz\u00f3 a The Beatles<\/p>\n<p class=\"paragraph\">La conexi\u00f3n de <b>Los Beatles<\/b> con las artes visuales fue constante. <b>John Lennon<\/b> estudi\u00f3 en una escuela de arte, <b>Yoko Ono<\/b> desarroll\u00f3 una carrera conceptual, y la portada de \u201cSgt. Pepper\u2019s Lonely Hearts Club Band\u201d, obra de <b>Peter Blake<\/b>, se transform\u00f3 en un \u00edcono. <\/p>\n<p class=\"paragraph\">El baterista record\u00f3que la ic\u00f3nica <b>portada de <\/b><b>Abbey Road<\/b> <b>surgi\u00f3 de manera sencilla y espont\u00e1nea<\/b>: la banda decidi\u00f3 cruzar la calle sin complicaciones, y ese gesto cotidiano termin\u00f3 convirti\u00e9ndose en una de las im\u00e1genes m\u00e1s reconocibles de su legado, reflejando la creatividad y frescura del grupo.<\/p>\n<p class=\"paragraph\">El legado de la banda continua renov\u00e1ndose. En la \u00faltima d\u00e9cada, <b>nuevos hitos como la serie <\/b><b>\u201cGet Back\u201d<\/b><b> y el tema <\/b><b>\u201cNow and Then\u201d<\/b><b> reforzaron su vigencia<\/b>. Adem\u00e1s, la serie documental \u201cThe Beatles Anthology\u201d regresar\u00e1 en noviembre con una edici\u00f3n remasterizada y un episodio in\u00e9dito, seg\u00fan revel\u00f3 Financial Times.<\/p>\n","protected":false},"excerpt":{"rendered":"Durante el \u00faltimo a\u00f1o, los temas de Los Beatles que m\u00e1s reproducciones acumularon fueron Come Together, Here Comes&hellip;\n","protected":false},"author":2,"featured_media":174022,"comment_status":"","ping_status":"","sticky":false,"template":"","format":"standard","meta":{"footnotes":""},"categories":[170],"tags":[146,147,25,24,184,185,23,844,845],"class_list":{"0":"post-174021","1":"post","2":"type-post","3":"status-publish","4":"format-standard","5":"has-post-thumbnail","7":"category-musica","8":"tag-entertainment","9":"tag-entretenimiento","10":"tag-es","11":"tag-espana","12":"tag-music","13":"tag-musica","14":"tag-spain","15":"tag-standing-hands-in-pockets-looking-away-arms-crossed-side-by-side","16":"tag-standing-hands-in-pockets-looking-away-arms-crossed-side-by-side-sunglasses"},"share_on_mastodon":{"url":"","error":""},"_links":{"self":[{"href":"https:\/\/www.europesays.com\/es\/wp-json\/wp\/v2\/posts\/174021","targetHints":{"allow":["GET"]}}],"collection":[{"href":"https:\/\/www.europesays.com\/es\/wp-json\/wp\/v2\/posts"}],"about":[{"href":"https:\/\/www.europesays.com\/es\/wp-json\/wp\/v2\/types\/post"}],"author":[{"embeddable":true,"href":"https:\/\/www.europesays.com\/es\/wp-json\/wp\/v2\/users\/2"}],"replies":[{"embeddable":true,"href":"https:\/\/www.europesays.com\/es\/wp-json\/wp\/v2\/comments?post=174021"}],"version-history":[{"count":0,"href":"https:\/\/www.europesays.com\/es\/wp-json\/wp\/v2\/posts\/174021\/revisions"}],"wp:featuredmedia":[{"embeddable":true,"href":"https:\/\/www.europesays.com\/es\/wp-json\/wp\/v2\/media\/174022"}],"wp:attachment":[{"href":"https:\/\/www.europesays.com\/es\/wp-json\/wp\/v2\/media?parent=174021"}],"wp:term":[{"taxonomy":"category","embeddable":true,"href":"https:\/\/www.europesays.com\/es\/wp-json\/wp\/v2\/categories?post=174021"},{"taxonomy":"post_tag","embeddable":true,"href":"https:\/\/www.europesays.com\/es\/wp-json\/wp\/v2\/tags?post=174021"}],"curies":[{"name":"wp","href":"https:\/\/api.w.org\/{rel}","templated":true}]}}