{"id":174051,"date":"2025-10-13T13:56:16","date_gmt":"2025-10-13T13:56:16","guid":{"rendered":"https:\/\/www.europesays.com\/es\/174051\/"},"modified":"2025-10-13T13:56:16","modified_gmt":"2025-10-13T13:56:16","slug":"ricky-es-un-reto-como-entrenador-me-va-a-hacer-mejor","status":"publish","type":"post","link":"https:\/\/www.europesays.com\/es\/174051\/","title":{"rendered":"\u201cRicky es un reto como entrenador; me va a hacer mejor\u201d"},"content":{"rendered":"<p>Acostumbrado al \u00e9xito en categor\u00edas inferiores, Dani Miret se puso al frente del Joventut en la recta final del curso 2023-24. Tras ello, la pasada campa\u00f1a fue su primera a tiempo completo en una Penya que tuvo momentos brillantes en la Liga Endesa pero decepcion\u00f3 en Europa. Ahora, afronta el curso m\u00e1s ilusionante en a\u00f1os en Badalona: el del regreso al bressol de Ricky Rubio.<\/p>\n<p>Cambio de competici\u00f3n europea, volver a juntar a Ante Tomic y Simon Birgander, sobrevivir al tsunami NCAA, renovaci\u00f3n de Sam Dekker\u2026 Muchos detalles que analizar en profundidad de cara al Joventut que viene por delante. Pero uno por encima del resto, con el retorno de Ricky Rubio a donde todo empez\u00f3. Dani Miret pone la lupa en un verano lleno de emociones en Badalona.<\/p>\n<p><strong>Gigantes del Basket: Este verano no le hemos visto con selecciones inferiores, \u00bfc\u00f3mo ha ido?<\/strong><\/p>\n<p>Dani Miret: He estado con la u17 en Calatayud. No ha habido torneo, pero para m\u00ed es importante seguir ah\u00ed, conocer de primera mano a algunos chicos que estar\u00e1n en el Eurobasket u18 del a\u00f1o que viene, y a otros en din\u00e1mica de Federaci\u00f3n. Luego, he hecho cosas nuevas: estuve con los Atlanta Hawks, en su preparaci\u00f3n de la Summer League. Es mi primera experiencia as\u00ed, para ver d\u00f3nde priorizan las cosas. Tras ello, estuve con Jordi Mart\u00ed \u2014director deportivo del Joventut\u2014 en la Summer League, viendo jugadores que antes o despu\u00e9s acabar\u00e1n en Europa. Y acab\u00e9 con mi primer campus, algo que llevo a\u00f1os haciendo, pero nunca en formato propio. Es importante hacer cosas nuevas, y m\u00e1s esto porque el baloncesto formativo, con los ni\u00f1os, es de los m\u00e1s bonitos. Y claro, todo el verano pegado al tel\u00e9fono, reconstruyendo el equipo, viendo v\u00eddeos y analizando opciones para la temporada.<\/p>\n<p><strong>Gigantes del Basket:\u00a0 Hablemos de la pasada: su primera como t\u00e9cnico jefe a tiempo completo.<\/strong><\/p>\n<p>DM: Creo que cumplimos los principios m\u00e1s importantes que el Joventut representa. En un baloncesto donde el individuo muchas veces va por delante, hicimos un equipo comprometido que respondi\u00f3 en diferentes escenarios. En la Eurocup no trasladamos nuestro talento a c\u00f3mo se juega esa competici\u00f3n, muy distinta de la Liga Endesa en ritmo o f\u00edsico. En la ACB, todo lo contrario: demostramos poder ganar a los mejores, fuimos regulares y acabar entrando en la Copa del Rey, optando incluso a ser cabezas de serie, y terminar sextos con veinte victorias, muestra que fuimos un buen equipo. En el playoff nos sent\u00edamos preparados, pero tuvimos delante un rival que aprovech\u00f3 mejor sus opciones y sus armas.<\/p>\n<p><strong>Gigantes del Basket:\u00a0 Atreverse a poner juntos a Tomic y Pustovyi, por mucho que fuera por lesiones, en 2024 resulta antinatura y quiz\u00e1 algo aventurado\u2026\u00a0<\/strong><\/p>\n<p>DM: Ten\u00edamos problemas en el puesto de \u20184\u2019 y a gente funcionado bien en otras posiciones que pens\u00e1bamos que, si los toc\u00e1bamos mucho, pod\u00edamos salir perdiendo. Al final, Ante (Tomic) es un jugador con tanta calidad que, en lo primordial, que es ocupar bien los espacios, pocas veces se equivoca. Artem (Pustovyi) s\u00ed tiene espacios m\u00e1s concretos, aunque puede adaptarse a un quinteto tan extra\u00f1o. Muchas veces ten\u00edamos a los dos jugadores m\u00e1s altos de la pista, adem\u00e1s en la misma posici\u00f3n. Eso nos dio algunas ventajas, porque los \u20184\u2019 rivales enseguida atacaban a Tomic, pero no siempre les sal\u00eda, por falta de paciencia o de costumbre. Y nosotros ya sab\u00edamos que eso iba a pasar. Nos sali\u00f3 mejor m\u00e1s veces, con buen impacto castigando la pintura o el rebote de ataque. Incluso jugando con ritmo, porque Pustovyi pod\u00eda correr y Tomic llegando por detr\u00e1s con su talento hizo que funcionara muy bien. Hasta nos sorprendi\u00f3, pero como ten\u00edamos tanto rebote, gener\u00e1bamos muchos missmatch y de la necesidad surgi\u00f3 algo que nos vino bien. El equipo no estaba pensado para eso, fue una soluci\u00f3n llamativa, pocos equipos lo har\u00e1n en Europa, pero nos sentimos c\u00f3modos.<\/p>\n<p><strong>Gigantes del Basket:\u00a0 Birgander se march\u00f3 de Badalona diciendo que necesitaba salir de la sombra de Tomic.<\/strong><\/p>\n<p>DM: Esperamos de \u00e9l una versi\u00f3n mental muy diferente. Se ve\u00eda como el joven, detr\u00e1s de Tomic y que no iba a poder cambiarlo hiciera lo que hiciera. Vuelve con un nivel mejorado y con un rol totalmente diferente en cuanto a responsabilidad. Son los mismos de antes, pero ahora vamos a necesitar de \u00e9l esa mentalidad de marcarnos el nivel competitivo. Est\u00e1 en su prime y su impacto por implicaci\u00f3n y liderazgo va a ser diferencial.<\/p>\n<p><b><strong>Gigantes del Basket:\u00a0 <\/strong>\u00bfDe verdad hubo un momento del verano en el que a la Penya no le sal\u00edan las cuentas con los cupos?<\/b><\/p>\n<p>DM: Pues s\u00ed, parec\u00eda que \u00edbamos justos. Pero siempre pens\u00e9 que Yannick (Kraag) se iba a quedar, y es una de las mejores noticias del verano. No por cupo, sino por el jugador que est\u00e1 siendo y porque esa es la bandera del Joventut, tener a j\u00f3venes creciendo. Miguel Allen ha tenido mala suerte, pero le mantenemos, ha vuelto Ricky, porque me cuesta decir que le hemos fichado\u2026 y con Guillem Vives y la apuesta de Michael Ruzic de seguir, m\u00e1s Hakanson y Birgander, que es cupo en BCL, pues lo hemos solucionado. Ten\u00edamos dudas porque el tema de la NCAA nos da\u00f1a un poco, pero no es una situaci\u00f3n que tenga que perjudicar al Joventut: Ruzic podr\u00eda haberse ido y no lo ha hecho porque cree que, despu\u00e9s de un mal a\u00f1o, porque el primero fue espectacular, pudi\u00e9ndose ir a ganar mucho dinero a la NCAA, le da m\u00e1s valor deportivo a quedarse. A\u00fan somos capaces de convencer a uno de los mejores j\u00f3venes a quedarse con nosotros. Quiero darle valor a eso. Y luego, cuando todo esto madure, la calidad de nuestra cantera tendr\u00e1 a\u00fan m\u00e1s sentido: algunos sacrificar\u00e1n el baloncesto por el dinero, pero otros no lo har\u00e1n porque ver\u00e1n que la formaci\u00f3n que se hace all\u00ed no es la m\u00e1s adecuada. El Joventut ha conseguido con Rub\u00e9n Prey o Ian Plateeuw, aunque se vayan y no los controlemos aqu\u00ed, que al menos pueda seguir habiendo cierto control sobre ellos. No lo veo como un drama. El Joventut es una escuela muy potente con muchos jugadores. Toca tener paciencia, porque quiz\u00e1 en el primer equipo veamos algunos menos de los que acostumbr\u00e1bamos, pero creo que, cuando empiece la \u2018operaci\u00f3n retorno\u2019, vamos a ver las oportunidades y los fallos del sistema. Como todo en la vida, hay que adaptarse. De que los j\u00f3venes tengan buenas oportunidades y sean valorados no puedo quejarme. Ojal\u00e1 pasara tambi\u00e9n con entrenadores, que cada vez hay menos que quieren dedicar muchas horas con poca compensaci\u00f3n econ\u00f3mica y pocas opciones de llegar al baloncesto profesional.<\/p>\n<p><b><strong>Gigantes del Basket:\u00a0 <\/strong>\u00bfC\u00f3mo de importante era la renovaci\u00f3n de Sam Dekker?<\/b><\/p>\n<p>DM: Mucho, porque quer\u00eda tener continuidad del m\u00e1ximo n\u00famero de jugadores posibles. Ten\u00eda un a\u00f1o m\u00e1s en Londres y, en cuanto pudo resolverlo, mostr\u00f3 compromiso por volver a jugar en el Joventut. No por dinero, pues ten\u00eda mejores opciones, sino por compromiso y por querer hacerlo mejor empezando desde el inicio, algo en lo que me ha insistido mucho. Puede ayudar a que demos un paso m\u00e1s, que es lo que queremos. Le doy mucho valor al esfuerzo de todas las partes y a que un jugador de su talento vea el Joventut como algo especial.<\/p>\n<p><strong>Gigantes del Basket:\u00a0 \u00bfC\u00f3mo ha vivido todo el proceso en torno a Ricky Rubio?<\/strong><\/p>\n<p>DM: Empez\u00f3 el verano pasado, cuando hubo ya conversaciones y \u00e9l nos actualiz\u00f3 sus ideas. No estuvo cerca de fichar, pero s\u00ed est\u00e1bamos cerca todos. Ten\u00eda dudas en ese momento, y creo que la Penya lo hizo muy bien porque, al ver esas dudas, hay que poner primero a las personas. Ha ayudado el cari\u00f1o con el que se ha tratado todo, sin presiones y sin nada que no sea pensar en que \u00e9l disfrute y acabe bien su carrera. En el Bar\u00e7a no sali\u00f3 como esperaba y no quer\u00edamos que pasara lo mismo. Se le ha escuchado, porque tiene un pensamiento muy elaborado, no es cualquier cosa, as\u00ed que escucharle es fundamental porque la realidad que \u00e9l transmite puede conectar con el Joventut. Yo cada vez le he visto m\u00e1s ilusionado. Siempre dice que hubo una semilla que fue creciendo. Que entrenaba y quer\u00eda m\u00e1s. Que quer\u00eda volver a la Penya. Su fichaje no ha sido una negociaci\u00f3n como cualquier otra, sino m\u00e1s un proceso de encontrarnos, con el cari\u00f1o que tenemos que poner para que su llegada tenga un buen impacto para el club y para \u00e9l. Yo lo he vivido como un aficionado m\u00e1s; pensaba que era lo mejor que nos pod\u00eda pasar. Como entrenador, va a ser un reto, me va a hacer mejor. Y juntarlo con lo que queremos ser\u2026 \u00e9l es eso. Mi reto como entrenador del Joventut es transmitir esas cosas que creo que hicimos bien el a\u00f1o pasado. Y \u00e9l es un l\u00edder en eso. Es una estrella en valores, no por meter puntos. Va m\u00e1s all\u00e1 del baloncesto. Ahora quiere jugar y darle al Joventut un valor a\u00f1adido.<\/p>\n<p><strong>Gigantes del Basket:\u00a0 \u00bfQu\u00e9 expectativas tiene? No deja de ser un jugador y una persona muy especial.<\/strong><\/p>\n<p>DM: La sensaci\u00f3n que tengo es la de que quiere ser uno m\u00e1s. Es un jugador honesto y obviamente tendr\u00e1 buenos y malos momentos, pero quiere formar parte del equipo. Una de las cosas que me tocar\u00e1 liderar es que el equipo vaya mucho m\u00e1s all\u00e1 de que Ricky juegue bien o mal un d\u00eda. \u00c9l no va a hacer magia y nos va a ganar partidos solo con su nombre. Necesitamos la fuerza del grupo, y el equipo va primero. As\u00ed que el d\u00eda que otros est\u00e9n mejor que \u00e9l, ser\u00e1n los que lleven el peso y esa es la gesti\u00f3n m\u00e1s importante que tengo que hacer para que \u00e9l, primero, tenga tiempo, porque necesitar\u00e1 m\u00e1s d\u00edas de pretemporada para llegar a su m\u00e1ximo nivel competitivo. Por ello, necesitaremos que otros jugadores cojan esa responsabilidad y no se pasen en su admiraci\u00f3n hacia \u00e9l. La admiraci\u00f3n te hace ser mejor equipo, pero si te pasas te afecta. Tener a Ricky y estar en la misma l\u00ednea de pensamiento que \u00e9l seguro que me lo va a poner m\u00e1s f\u00e1cil, porque entrenas a la persona y al jugador y \u00e9l pone mucho de su parte para que esto funcione.<\/p>\n<p><strong>Gigantes del Basket:\u00a0 El paso a la Basketball Champions League. \u00bfC\u00f3mo lo interpretamos?<\/strong><\/p>\n<p>DM: Jugar partidos nos ayuda a mejorar de una forma, y en los primeros meses vamos a jugar menos. Pero eso nos da una oportunidad para crecer en esas semanas en las que no tengamos dos partidos a trav\u00e9s del entrenamiento. Tenemos jugadores veteranos a los que esa competici\u00f3n nos permitir\u00e1 gestionar sus energ\u00edas. Algo motivante es que desde el principio te juegas cosas. En la Liga Endesa por supuesto, porque si empiezas mal, te complicas la Copa, pero en la Eurocup un mal partido puedes diluirlo, mientras que en la BCL es m\u00e1s dif\u00edcil. Ha crecido mucho en los \u00faltimos a\u00f1os y es un proyecto interesante para el club. Tendremos que explicarlo muy bien porque a\u00fan hay gente que considera que vamos a una competici\u00f3n peor, cuando ahora la Eurocup y la BCL est\u00e1n muy igualadas\u2026 Incluso, dir\u00eda que, con Alba Berl\u00edn, Gran Canaria y nosotros hay un grupo amplio de equipos que competir\u00e1n para entrar en una Final Four de mucho prestigio.<\/p>\n<p><img decoding=\"async\" src=\"https:\/\/www.europesays.com\/es\/wp-content\/uploads\/2025\/10\/1760363774_508_mtracking.gif\" alt=\"Etiquetas de Mautic\" style=\"display:none;\"\/><\/p>\n<p><a href=\"https:\/\/www.gigantes.com\/tienda\/hemeroteca\/guia-nba-2025-26-no-1-561-octubre-2025\/\" rel=\"nofollow noopener\" target=\"_blank\"><img loading=\"lazy\" decoding=\"async\" class=\"aligncenter wp-image-761455 size-large\" src=\"https:\/\/www.europesays.com\/es\/wp-content\/uploads\/2025\/10\/INSTAGRAM-2-1024x1024.jpg.webp.webp\" alt=\"Gu\u00eda NBA\" width=\"680\" height=\"680\"  \/><\/a><\/p>\n<p>\t\t\t\t\t<img loading=\"lazy\" decoding=\"async\" src=\"https:\/\/www.europesays.com\/es\/wp-content\/uploads\/2025\/10\/mano.png\" width=\"60\" height=\"60\" alt=\"Deliza hacia abajo\"\/>Sigue deslizando hacia abajo para ver m\u00e1s contenidos<\/p>\n","protected":false},"excerpt":{"rendered":"Acostumbrado al \u00e9xito en categor\u00edas inferiores, Dani Miret se puso al frente del Joventut en la recta final&hellip;\n","protected":false},"author":2,"featured_media":174052,"comment_status":"","ping_status":"","sticky":false,"template":"","format":"standard","meta":{"footnotes":""},"categories":[269],"tags":[299,298,50106,168,25,24,16012,665,23,167],"class_list":{"0":"post-174051","1":"post","2":"type-post","3":"status-publish","4":"format-standard","5":"has-post-thumbnail","7":"category-baloncesto","8":"tag-baloncesto","9":"tag-basketball","10":"tag-dani-miret","11":"tag-deportes","12":"tag-es","13":"tag-espana","14":"tag-joventut-badalona","15":"tag-liga-endesa","16":"tag-spain","17":"tag-sports"},"share_on_mastodon":{"url":"","error":""},"_links":{"self":[{"href":"https:\/\/www.europesays.com\/es\/wp-json\/wp\/v2\/posts\/174051","targetHints":{"allow":["GET"]}}],"collection":[{"href":"https:\/\/www.europesays.com\/es\/wp-json\/wp\/v2\/posts"}],"about":[{"href":"https:\/\/www.europesays.com\/es\/wp-json\/wp\/v2\/types\/post"}],"author":[{"embeddable":true,"href":"https:\/\/www.europesays.com\/es\/wp-json\/wp\/v2\/users\/2"}],"replies":[{"embeddable":true,"href":"https:\/\/www.europesays.com\/es\/wp-json\/wp\/v2\/comments?post=174051"}],"version-history":[{"count":0,"href":"https:\/\/www.europesays.com\/es\/wp-json\/wp\/v2\/posts\/174051\/revisions"}],"wp:featuredmedia":[{"embeddable":true,"href":"https:\/\/www.europesays.com\/es\/wp-json\/wp\/v2\/media\/174052"}],"wp:attachment":[{"href":"https:\/\/www.europesays.com\/es\/wp-json\/wp\/v2\/media?parent=174051"}],"wp:term":[{"taxonomy":"category","embeddable":true,"href":"https:\/\/www.europesays.com\/es\/wp-json\/wp\/v2\/categories?post=174051"},{"taxonomy":"post_tag","embeddable":true,"href":"https:\/\/www.europesays.com\/es\/wp-json\/wp\/v2\/tags?post=174051"}],"curies":[{"name":"wp","href":"https:\/\/api.w.org\/{rel}","templated":true}]}}