{"id":17406,"date":"2025-08-01T00:13:09","date_gmt":"2025-08-01T00:13:09","guid":{"rendered":"https:\/\/www.europesays.com\/es\/17406\/"},"modified":"2025-08-01T00:13:09","modified_gmt":"2025-08-01T00:13:09","slug":"eli-lilly-anuncia-que-donanemab-mantiene-beneficios-cognitivos-sostenidos-tras-tres-anos-de-tratamiento","status":"publish","type":"post","link":"https:\/\/www.europesays.com\/es\/17406\/","title":{"rendered":"Eli Lilly anuncia que donanemab mantiene beneficios cognitivos sostenidos tras tres a\u00f1os de tratamiento"},"content":{"rendered":"<p class=\"mostrar-fragmento\">Eli Lilly ha anunciado los resultados de la extensi\u00f3n a largo plazo (LTE, por sus siglas en ingl\u00e9s) del estudio fase 3 TRAILBLAZER-ALZ 2, que demuestran que los participantes tratados con donanemab experimentaron una ralentizaci\u00f3n del deterioro cognitivo, un beneficio que sigui\u00f3 aumentando a lo largo de tres a\u00f1os en &#8230;            &#13;\n        <\/p>\n<p> &#13;<\/p>\n<p>Eli Lilly ha anunciado los resultados de la extensi\u00f3n a largo plazo (LTE, por sus siglas en ingl\u00e9s) del <strong>estudio fase 3 TRAILBLAZER-ALZ 2<\/strong>, que demuestran que <strong>los participantes tratados con donanemab experimentaron una ralentizaci\u00f3n del deterioro cognitivo<\/strong>, un beneficio que sigui\u00f3 aumentando a lo largo de tres a\u00f1os en comparaci\u00f3n con una cohorte externa no tratada de la<strong> Iniciativa de Neuroimagen de la Enfermedad de Alzheimer <\/strong>(ADNI). Estos datos acaban de presentarse durante la Alzheimer&#8217;s Association International Conference (AAIC) de 2025, que se est\u00e1 celebrando en Toronto.<\/p>\n<p>Los participantes del estudio que comenzaron el tratamiento m\u00e1s tarde tambi\u00e9n obtuvieron beneficios. Sin embargo, el inicio temprano de la terapia con donanemab en los participantes del estudio redujo significativamente el riesgo de progresi\u00f3n a la siguiente etapa cl\u00ednica de la enfermedad en comparaci\u00f3n con aquellos que recibieron el tratamiento m\u00e1s tarde.<\/p>\n<p>\u00abLa extensi\u00f3n a largo plazo del estudio TRAILBLAZER-ALZ 2 reafirma que donanemab ofreci\u00f3 un beneficio cl\u00ednico sostenido que sigui\u00f3 aumentando a lo largo de tres a\u00f1os y manteniendo un perfil de seguridad constante\u00bb, ha afirmado <strong>Mark Mintun<\/strong>, M.D.  vicepresidente de Investigaci\u00f3n y Desarrollo en Neurociencia de Lilly. \u00abLos participantes siguieron mostrando resultados significativos, lo que refuerza el valor a largo plazo de la intervenci\u00f3n temprana\u00bb.<\/p>\n<p>El estudio fase 3 TRAILBLAZER-ALZ 2 LTE fue una extensi\u00f3n doble ciego del ensayo original TRAILBLAZER-ALZ 2, en el que se evalu\u00f3 la eficacia y la seguridad de donanemab en personas con enfermedad de Alzheimer sintom\u00e1tica temprana. Los participantes que inicialmente hab\u00edan recibido tratamiento con donanemab continuaron con el mismo o pasaron a recibir placebo, mientras que los que inicialmente hab\u00edan recibido placebo comenzaron a recibir donanemab. Se utiliz\u00f3 una cohorte de comparaci\u00f3n externa de la Iniciativa de Neuroimagen de la Enfermedad de Alzheimer (ADNI) para evaluar los resultados frente a una poblaci\u00f3n emparejada no tratada.<\/p>\n<p> &#13;<\/p>\n<p><strong>Los principales resultados preliminares del estudio TRAILBLAZER-ALZ 2 LTE incluyen:<\/strong><\/p>\n<ul>\n<li>Los beneficios de donanemab continuaron aumentando a lo largo de tres a\u00f1os en los participantes tratados en el estudio, en comparaci\u00f3n con los del grupo ADNI emparejado. Donanemab redujo el deterioro cognitivo en -0,6 a los 18 meses y luego en -1,2 a los 36 meses en la puntuaci\u00f3n Clinical Dementia Rating Sum of Boxes (CDR-SB) en los pacientes tratados inicialmente con donanemab en el estudio principal, en comparaci\u00f3n con el grupo ADNI.<\/li>\n<li>El inicio temprano del tratamiento con donanemab redujo el riesgo de progresi\u00f3n a la siguiente fase de la enfermedad en un 27%, seg\u00fan la puntuaci\u00f3n global de la escala Clinical Dementia Rating (CDR-G) en comparaci\u00f3n con el grupo que inici\u00f3 el tratamiento con donanemab de forma tard\u00eda.<\/li>\n<li>M\u00e1s del 75% de los participantes tratados con donanemab alcanzaron la eliminaci\u00f3n de amiloide en las 76 semanas siguientes al inicio del tratamiento con donanemab.<\/li>\n<li>Tras un seguimiento de hasta 2,5 a\u00f1os en los participantes que hab\u00edan completado el tratamiento, la reacumulaci\u00f3n de placas amiloides se mantuvo lenta, con una tasa aproximada de 2,4 CL\/a\u00f1o, en l\u00ednea con las observaciones y los modelos previos.<\/li>\n<li>No se identificaron nuevas se\u00f1ales de seguridad en la extensi\u00f3n a largo plazo durante los tres a\u00f1os, lo que refuerza a\u00fan m\u00e1s el perfil de seguridad establecido para donanemab.<\/li>\n<\/ul>\n<p>Las anomal\u00edas en la imagen relacionadas con el amiloide (ARIA) con edema\/derrame (ARIA-E) y con hemorragia\/hemosiderosis son efectos secundarios propios de esta clase de f\u00e1rmacos que generalmente no causan s\u00edntomas, pero pueden ser graves y potencialmente mortales. Los portadores de una o dos copias del gen ApoE4 pueden tener un mayor riesgo de desarrollar la enfermedad de Alzheimer y sufrir ARIA. Los pacientes deben consultar con su m\u00e9dico cualquier inquietud relacionada con la seguridad. Donanemab tambi\u00e9n puede causar ciertos tipos de reacciones al\u00e9rgicas, algunas de las cuales pueden ser graves y potencialmente mortales, que suelen producirse durante la perfusi\u00f3n o en los 30 minutos posteriores a la misma. El dolor de cabeza es otro efecto secundario com\u00fanmente notificado. <\/p>\n<p>&#13;<br \/>\n            SEGUIR LEYENDO&#13;\n        <\/p>\n","protected":false},"excerpt":{"rendered":"Eli Lilly ha anunciado los resultados de la extensi\u00f3n a largo plazo (LTE, por sus siglas en ingl\u00e9s)&hellip;\n","protected":false},"author":2,"featured_media":17407,"comment_status":"","ping_status":"","sticky":false,"template":"","format":"standard","meta":{"footnotes":""},"categories":[92],"tags":[11121,3350,988,4187,11127,8299,5078,11101,11117,4340,2245,11100,11116,11115,2053,25,24,11122,4521,1142,11128,1080,165,11130,8918,7216,5968,31,11119,11123,1817,10016,11120,11125,11129,11124,885,166,11126,11118,23,3271,10888,3476,1064,603],"class_list":{"0":"post-17406","1":"post","2":"type-post","3":"status-publish","4":"format-standard","5":"has-post-thumbnail","7":"category-salud","8":"tag-aaic","9":"tag-alzheimer","10":"tag-anos","11":"tag-anuncia","12":"tag-aseguran","13":"tag-beneficio","14":"tag-beneficios","15":"tag-cognitivo","16":"tag-cognitivos","17":"tag-compania","18":"tag-conferencia","19":"tag-deterioro","20":"tag-donanemab","21":"tag-eli","22":"tag-ensayo","23":"tag-es","24":"tag-espana","25":"tag-extension","26":"tag-fase","27":"tag-forma","28":"tag-fue","29":"tag-ha","30":"tag-health","31":"tag-iniciaron","32":"tag-largo","33":"tag-lilly","34":"tag-mantiene","35":"tag-mayor","36":"tag-medica","37":"tag-muestran","38":"tag-pacientes","39":"tag-plazo","40":"tag-presentado","41":"tag-progresiva","42":"tag-quienes","43":"tag-ralentizacion","44":"tag-resultados","45":"tag-salud","46":"tag-sintomatico","47":"tag-sostenidos","48":"tag-spain","49":"tag-su","50":"tag-temprana","51":"tag-temprano","52":"tag-tratamiento","53":"tag-tres"},"share_on_mastodon":{"url":"","error":""},"_links":{"self":[{"href":"https:\/\/www.europesays.com\/es\/wp-json\/wp\/v2\/posts\/17406","targetHints":{"allow":["GET"]}}],"collection":[{"href":"https:\/\/www.europesays.com\/es\/wp-json\/wp\/v2\/posts"}],"about":[{"href":"https:\/\/www.europesays.com\/es\/wp-json\/wp\/v2\/types\/post"}],"author":[{"embeddable":true,"href":"https:\/\/www.europesays.com\/es\/wp-json\/wp\/v2\/users\/2"}],"replies":[{"embeddable":true,"href":"https:\/\/www.europesays.com\/es\/wp-json\/wp\/v2\/comments?post=17406"}],"version-history":[{"count":0,"href":"https:\/\/www.europesays.com\/es\/wp-json\/wp\/v2\/posts\/17406\/revisions"}],"wp:featuredmedia":[{"embeddable":true,"href":"https:\/\/www.europesays.com\/es\/wp-json\/wp\/v2\/media\/17407"}],"wp:attachment":[{"href":"https:\/\/www.europesays.com\/es\/wp-json\/wp\/v2\/media?parent=17406"}],"wp:term":[{"taxonomy":"category","embeddable":true,"href":"https:\/\/www.europesays.com\/es\/wp-json\/wp\/v2\/categories?post=17406"},{"taxonomy":"post_tag","embeddable":true,"href":"https:\/\/www.europesays.com\/es\/wp-json\/wp\/v2\/tags?post=17406"}],"curies":[{"name":"wp","href":"https:\/\/api.w.org\/{rel}","templated":true}]}}