{"id":174090,"date":"2025-10-13T14:18:08","date_gmt":"2025-10-13T14:18:08","guid":{"rendered":"https:\/\/www.europesays.com\/es\/174090\/"},"modified":"2025-10-13T14:18:08","modified_gmt":"2025-10-13T14:18:08","slug":"luke-browning-sustituira-a-sainz-en-los-libres-1-del-gp-de-estados-unidos","status":"publish","type":"post","link":"https:\/\/www.europesays.com\/es\/174090\/","title":{"rendered":"Luke Browning sustituir\u00e1 a Sainz en los Libres 1 del GP de Estados Unidos"},"content":{"rendered":"<p>\u00a0\u00a0\u00a0MADRID, 13 Oct. (EUROPA PRESS) &#8211; <\/p>\n<p>\u00a0\u00a0\u00a0El piloto brit\u00e1nico de la Williams Racing Academy Luke Browning formar\u00e1 parte en los primeros entrenamientos libres del Gran Premio de M\u00e9xico 2025, al volante del FW47 de Carlos Sainz, seg\u00fan inform\u00f3 el equipo Atlassian Williams Racing este lunes en un comunicado. <\/p>\n<p>\u00a0\u00a0\u00a0Esta ser\u00e1 la tercera de las cuatro sesiones obligatorias para pilotos debutantes este a\u00f1o para el equipo Williams. Browning se encuentra actualmente inmerso en la batalla por el Campeonato de F\u00f3rmula 2 de la FIA, ocupando la tercera posici\u00f3n de la clasificaci\u00f3n a falta de dos carreras. Una temporada ha sido acumula nueve podios y una victoria en su primera campa\u00f1a completa en la F2. <\/p>\n<p>\u00a0\u00a0\u00a0As\u00ed, el piloto madrile\u00f1o Carlos Sainz, que viene de hacer un podio y puntuar en las dos \u00faltimas carreras, se montar\u00e1 por primera vez en el FW47 durante el GP de Estados Unidos en la sesi\u00f3n de clasificaci\u00f3n sprint, que tendr\u00e1 lugar el pr\u00f3ximo viernes a las 23.30 horas. <\/p>\n","protected":false},"excerpt":{"rendered":"\u00a0\u00a0\u00a0MADRID, 13 Oct. (EUROPA PRESS) &#8211; \u00a0\u00a0\u00a0El piloto brit\u00e1nico de la Williams Racing Academy Luke Browning formar\u00e1 parte&hellip;\n","protected":false},"author":2,"featured_media":174091,"comment_status":"","ping_status":"","sticky":false,"template":"","format":"standard","meta":{"footnotes":""},"categories":[270],"tags":[168,25,24,306,271,272,23,167],"class_list":{"0":"post-174090","1":"post","2":"type-post","3":"status-publish","4":"format-standard","5":"has-post-thumbnail","7":"category-formula-1","8":"tag-deportes","9":"tag-es","10":"tag-espana","11":"tag-f1","12":"tag-formula-1","13":"tag-formula1","14":"tag-spain","15":"tag-sports"},"share_on_mastodon":{"url":"","error":""},"_links":{"self":[{"href":"https:\/\/www.europesays.com\/es\/wp-json\/wp\/v2\/posts\/174090","targetHints":{"allow":["GET"]}}],"collection":[{"href":"https:\/\/www.europesays.com\/es\/wp-json\/wp\/v2\/posts"}],"about":[{"href":"https:\/\/www.europesays.com\/es\/wp-json\/wp\/v2\/types\/post"}],"author":[{"embeddable":true,"href":"https:\/\/www.europesays.com\/es\/wp-json\/wp\/v2\/users\/2"}],"replies":[{"embeddable":true,"href":"https:\/\/www.europesays.com\/es\/wp-json\/wp\/v2\/comments?post=174090"}],"version-history":[{"count":0,"href":"https:\/\/www.europesays.com\/es\/wp-json\/wp\/v2\/posts\/174090\/revisions"}],"wp:featuredmedia":[{"embeddable":true,"href":"https:\/\/www.europesays.com\/es\/wp-json\/wp\/v2\/media\/174091"}],"wp:attachment":[{"href":"https:\/\/www.europesays.com\/es\/wp-json\/wp\/v2\/media?parent=174090"}],"wp:term":[{"taxonomy":"category","embeddable":true,"href":"https:\/\/www.europesays.com\/es\/wp-json\/wp\/v2\/categories?post=174090"},{"taxonomy":"post_tag","embeddable":true,"href":"https:\/\/www.europesays.com\/es\/wp-json\/wp\/v2\/tags?post=174090"}],"curies":[{"name":"wp","href":"https:\/\/api.w.org\/{rel}","templated":true}]}}