{"id":174123,"date":"2025-10-13T14:35:10","date_gmt":"2025-10-13T14:35:10","guid":{"rendered":"https:\/\/www.europesays.com\/es\/174123\/"},"modified":"2025-10-13T14:35:10","modified_gmt":"2025-10-13T14:35:10","slug":"juan-castro-pone-a-prueba-a-un-abanca-ademar-al-alza","status":"publish","type":"post","link":"https:\/\/www.europesays.com\/es\/174123\/","title":{"rendered":"Juan Castro pone a prueba a un Abanca Ademar al alza"},"content":{"rendered":"<p><a class=\"v-mdl-ath__fig-a\" href=\"https:\/\/www.leonoticias.com\/autor\/dani-gonzalez-2280.html\" title=\"Dani Gonz\u00e1lez\" rel=\"nofollow noopener\" target=\"_blank\"><br \/>\n<img decoding=\"async\" class=\"v-mdl-ath__img\" src=\"https:\/\/www.europesays.com\/es\/wp-content\/uploads\/2025\/08\/autor-2280-foto-4.jpeg\" alt=\"Dani Gonz\u00e1lez\"\/><br \/>\n<\/a><\/p>\n<p class=\"v-mdl-ath__p v-mdl-ath__p--6\">\nLunes, 13 de octubre 2025, 15:50<\/p>\n<p class=\"v-p\">El paso de las jornadas ha sentado bien, francamente bien a un Abanca Ademar al alza, en progresi\u00f3n. Enfrente de los de Dani Gordo aparece un reto, un dif\u00edcil examen para poner a prueba esa evoluci\u00f3n evidente del equipo leon\u00e9s.<\/p>\n<p class=\"v-p\">El Abanca Ademar inicia este martes (18:45 horas) su andadura en la fase de grupos de la Liga Europea ante un cl\u00e1sico de las competiciones continentales, el Kadetten suizo, liderado por un canterano marista y exjugador leon\u00e9s como Juan Castro.<\/p>\n<p class=\"v-p\">Los ademaristas, tras sumar dos triunfos consecutivos en Liga Asobal &#8211; <a href=\"https:\/\/www.leonoticias.com\/deportes\/ademar\/rodrigo-lidera-genial-triunfo-abanca-ademar-20251010220702-nt.html\" title=\"www.leonoticias.com\" data-voc-vtm-id=\"in-text-traffic\" data-mrf-link=\"www.leonoticias.com\" rel=\"nofollow noopener\" target=\"_blank\">el \u00faltimo con enorme autoridad ante Puente Genil<\/a> -, quieren seguir poniendo a prueba su buen momento de forma en la cancha helv\u00e9tica.<\/p>\n<p class=\"v-p\">Con el prop\u00f3sito de competir y mejorar el papel de la pasada edici\u00f3n de la Liga Europea, el Abanca Ademar viaja a Suiza sin los lesionados Lindqvist y Lodos, pero con los hermanos P\u00e9rez Arce en un estado de forma muy dulce.<\/p>\n<p class=\"v-p\">Rodrigo viene de sumar dos actuaciones brillantes de forma consecutiva, especialmente en Puente Genil, mientras que Gonzalo ya ocupa el puesto de m\u00e1ximo goleador de la Liga Asobal, mostr\u00e1ndose como un jugador muy efectivo cada vez que lanza.<\/p>\n<p class=\"v-p\">Con estos ingredientes, el Abanca Ademar quiere dar un paso m\u00e1s en su evoluci\u00f3n y crecimiento ante un siempre potente Kadetten donde, adem\u00e1s, tendr\u00e1n enfrente a un &#8216;director de orquesta&#8217; como Juan Castro que conoce perfectamente al equipo marista.<\/p>\n<p>Reporta un error<\/p>\n","protected":false},"excerpt":{"rendered":"Lunes, 13 de octubre 2025, 15:50 El paso de las jornadas ha sentado bien, francamente bien a un&hellip;\n","protected":false},"author":2,"featured_media":174124,"comment_status":"","ping_status":"","sticky":false,"template":"","format":"standard","meta":{"footnotes":""},"categories":[278],"tags":[6857,5871,7429,376,14982,168,25,24,375,409,1150,2761,23,167],"class_list":{"0":"post-174123","1":"post","2":"type-post","3":"status-publish","4":"format-standard","5":"has-post-thumbnail","7":"category-balonmano","8":"tag-abanca","9":"tag-ademar","10":"tag-alza","11":"tag-balonmano","12":"tag-castro","13":"tag-deportes","14":"tag-es","15":"tag-espana","16":"tag-handball","17":"tag-juan","18":"tag-pone","19":"tag-prueba","20":"tag-spain","21":"tag-sports"},"share_on_mastodon":{"url":"","error":""},"_links":{"self":[{"href":"https:\/\/www.europesays.com\/es\/wp-json\/wp\/v2\/posts\/174123","targetHints":{"allow":["GET"]}}],"collection":[{"href":"https:\/\/www.europesays.com\/es\/wp-json\/wp\/v2\/posts"}],"about":[{"href":"https:\/\/www.europesays.com\/es\/wp-json\/wp\/v2\/types\/post"}],"author":[{"embeddable":true,"href":"https:\/\/www.europesays.com\/es\/wp-json\/wp\/v2\/users\/2"}],"replies":[{"embeddable":true,"href":"https:\/\/www.europesays.com\/es\/wp-json\/wp\/v2\/comments?post=174123"}],"version-history":[{"count":0,"href":"https:\/\/www.europesays.com\/es\/wp-json\/wp\/v2\/posts\/174123\/revisions"}],"wp:featuredmedia":[{"embeddable":true,"href":"https:\/\/www.europesays.com\/es\/wp-json\/wp\/v2\/media\/174124"}],"wp:attachment":[{"href":"https:\/\/www.europesays.com\/es\/wp-json\/wp\/v2\/media?parent=174123"}],"wp:term":[{"taxonomy":"category","embeddable":true,"href":"https:\/\/www.europesays.com\/es\/wp-json\/wp\/v2\/categories?post=174123"},{"taxonomy":"post_tag","embeddable":true,"href":"https:\/\/www.europesays.com\/es\/wp-json\/wp\/v2\/tags?post=174123"}],"curies":[{"name":"wp","href":"https:\/\/api.w.org\/{rel}","templated":true}]}}