{"id":174143,"date":"2025-10-13T14:48:11","date_gmt":"2025-10-13T14:48:11","guid":{"rendered":"https:\/\/www.europesays.com\/es\/174143\/"},"modified":"2025-10-13T14:48:11","modified_gmt":"2025-10-13T14:48:11","slug":"vive-radio-avila-comienza-sus-emisiones-con-el-alcalde-como-embajador","status":"publish","type":"post","link":"https:\/\/www.europesays.com\/es\/174143\/","title":{"rendered":"Vive! Radio \u00c1vila comienza sus emisiones con el alcalde como embajador"},"content":{"rendered":"<p>Vive! Radio ha comenzado hoy sus emisiones locales en \u00c1vila, en el 91.2 FM, con un programa especial en directo desde el paseo del Rastro que se desarrolla a lo largo de la ma\u00f1ana y con el que la emisora se presenta oficialmente a los oyentes. El estreno ha arrancado a las 10.00 horas con la actuaci\u00f3n del m\u00fasico abulense Franky Moy, que ha puesto la nota musical a una jornada marcada por la cercan\u00eda y la participaci\u00f3n ciudadana.<\/p>\n<p>La directora de la emisora, Patricia Carrera, y el periodista Javier Ruiz Ay\u00facar han sido los encargados de dar la bienvenida y presentar un espacio que cuenta con invitados de distintos \u00e1mbitos sociales, culturales y empresariales. El alcalde de \u00c1vila, Jes\u00fas Manuel S\u00e1nchez Cabrera, ha sido el primer entrevistado de Vive! Radio, destacando la importancia de una emisora que dedique su tiempo a hablar de la ciudad y de su gente.<\/p>\n<p>El programa contin\u00faa con entrevistas al teniente coronel Francisco Crespo, jefe del Centro Militar de Cr\u00eda Caballar de \u00c1vila; a Isabel L\u00f3pez Resina, directora general de Santa Teresa Gourmet; a David G\u00f3mez, vicepresidente del Hogar de \u00c1vila en Madrid; a Enrique Berm\u00fadez, consejero delegado del Hospital Santa Teresa; a Inmaculada Pose, directora general de FAEMA; y a Miguel \u00c1ngel del Monte, director general del Grupo Garbantel. Tambi\u00e9n participa el cronista Jes\u00fas M.\u00aa Sanchidri\u00e1n, colaborador de la emisora, con su secci\u00f3n &#8216;Cr\u00f3nica de \u00c1vila&#8217;.<\/p>\n<p>La jornada, amenizada con varias actuaciones musicales de Franky Moy y la participaci\u00f3n de los oyentes desde la calle, concluir\u00e1 poco antes del mediod\u00eda con el paso a la programaci\u00f3n regional de Vive! Radio, recordando el nuevo dial 91.2 FM, la web <a href=\"https:\/\/www.viveradio.es\/\" rel=\"nofollow noopener\" target=\"_blank\">viveradio.es<\/a> y la aplicaci\u00f3n m\u00f3vil (<a href=\"https:\/\/apps.apple.com\/es\/app\/vive-radio\/id577014019\" rel=\"nofollow noopener\" target=\"_blank\">IOS<\/a> y <a href=\"https:\/\/play.google.com\/store\/search?q=vive%20radio&amp;c=apps&amp;hl=es\" rel=\"nofollow noopener\" target=\"_blank\">Android<\/a>), desde donde podr\u00e1 seguirse la nueva programaci\u00f3n local de la emisora.<\/p>\n","protected":false},"excerpt":{"rendered":"Vive! Radio ha comenzado hoy sus emisiones locales en \u00c1vila, en el 91.2 FM, con un programa especial&hellip;\n","protected":false},"author":2,"featured_media":174144,"comment_status":"","ping_status":"","sticky":false,"template":"","format":"standard","meta":{"footnotes":""},"categories":[170],"tags":[7607,146,147,25,24,50116,184,185,48834,23,48833],"class_list":{"0":"post-174143","1":"post","2":"type-post","3":"status-publish","4":"format-standard","5":"has-post-thumbnail","7":"category-musica","8":"tag-avila","9":"tag-entertainment","10":"tag-entretenimiento","11":"tag-es","12":"tag-espana","13":"tag-jesus-manuel-sanchez","14":"tag-music","15":"tag-musica","16":"tag-paseo-del-rastro","17":"tag-spain","18":"tag-vive-radio"},"share_on_mastodon":{"url":"","error":""},"_links":{"self":[{"href":"https:\/\/www.europesays.com\/es\/wp-json\/wp\/v2\/posts\/174143","targetHints":{"allow":["GET"]}}],"collection":[{"href":"https:\/\/www.europesays.com\/es\/wp-json\/wp\/v2\/posts"}],"about":[{"href":"https:\/\/www.europesays.com\/es\/wp-json\/wp\/v2\/types\/post"}],"author":[{"embeddable":true,"href":"https:\/\/www.europesays.com\/es\/wp-json\/wp\/v2\/users\/2"}],"replies":[{"embeddable":true,"href":"https:\/\/www.europesays.com\/es\/wp-json\/wp\/v2\/comments?post=174143"}],"version-history":[{"count":0,"href":"https:\/\/www.europesays.com\/es\/wp-json\/wp\/v2\/posts\/174143\/revisions"}],"wp:featuredmedia":[{"embeddable":true,"href":"https:\/\/www.europesays.com\/es\/wp-json\/wp\/v2\/media\/174144"}],"wp:attachment":[{"href":"https:\/\/www.europesays.com\/es\/wp-json\/wp\/v2\/media?parent=174143"}],"wp:term":[{"taxonomy":"category","embeddable":true,"href":"https:\/\/www.europesays.com\/es\/wp-json\/wp\/v2\/categories?post=174143"},{"taxonomy":"post_tag","embeddable":true,"href":"https:\/\/www.europesays.com\/es\/wp-json\/wp\/v2\/tags?post=174143"}],"curies":[{"name":"wp","href":"https:\/\/api.w.org\/{rel}","templated":true}]}}