{"id":174197,"date":"2025-10-13T15:18:10","date_gmt":"2025-10-13T15:18:10","guid":{"rendered":"https:\/\/www.europesays.com\/es\/174197\/"},"modified":"2025-10-13T15:18:10","modified_gmt":"2025-10-13T15:18:10","slug":"dos-diputados-del-parlamento-israeli-interrumpen-a-gritos-el-discurso-de-donald-trump-terrorista","status":"publish","type":"post","link":"https:\/\/www.europesays.com\/es\/174197\/","title":{"rendered":"Dos diputados del Parlamento israel\u00ed interrumpen a gritos el discurso de Donald Trump: \u00ab\u00a1Terrorista!\u00bb"},"content":{"rendered":"<p class=\"c-paragraph\">Dos diputados del Parlamento israel\u00ed (Kn\u00e9set)\u00a0<b>han interrumpido a gritos<\/b> este lunes el discurso que estaba realizando en la C\u00e1mara el presidente estadounidense, <a href=\"https:\/\/www.20minutos.es\/tags\/personas\/donald-trump.html\" title=\"Donald Trump\" rel=\"nofollow noopener\" target=\"_blank\">Donald Trump<\/a>,<b> <\/b>para celebrar la liberaci\u00f3n de rehenes israel\u00edes como parte de Acuerdo de Paz alcanzado entre <a href=\"https:\/\/www.20minutos.es\/tags\/lugares\/israel.html\" title=\"Israel\" rel=\"nofollow noopener\" target=\"_blank\">Israel <\/a>y <a href=\"https:\/\/www.20minutos.es\/tags\/instituciones-empresas\/hamas.html\" title=\"Ham\u00e1s\" rel=\"nofollow noopener\" target=\"_blank\">Ham\u00e1s<\/a>. Los dos pol\u00edticos se han levantado de sus asientos, le han llamado \u00abterrorista\u00bb y han portado adem\u00e1s carteles en los que pod\u00eda leerse el texto: \u00abReconoced Palestina\u00bb.\u00a0<\/p>\n<p class=\"c-paragraph\">Los hechos han ocurrido mientras el mandatario estadounidense se encontraba realizando su discurso.\u00a0<b>Ayman Odeh y Ofer Cassif<\/b>, ambos de la coalici\u00f3n \u00e1rabe-jud\u00eda Hadash Taal, se han levantado de sus asientos y han propinado varios gritos en se\u00f1al de protesta contra el mandatario estadounidense, entre ellos, se han podido escuchar gritos de \u00a1terrorista!\u00bb y \u00a1Genocidio!\u00bb<\/p>\n<p class=\"c-paragraph\">Tal y como se ha podido comprobar en la se\u00f1al de la retransmisi\u00f3n, los equipos de seguridad han arrastrado a Cassif,\u00a0el \u00fanico jud\u00edo de la formaci\u00f3n y de principios comunistas,<b> hasta fuera de la sala.<\/b>\u00a0Tambi\u00e9n han sacado del pleno a Ayman Odeh, palestino y l\u00edder del partido.<\/p>\n<p class=\"c-paragraph\">Tras los hechos, Trump ha tenido que paralizar su discurso y <b>las autoridades de la sala\u00a0<b>han expulsado r\u00e1pidamente<\/b><\/b>\u00a0a los dos parlamentarios. Despu\u00e9s de ello, el mandatario estadounidense ha continuado su intervenci\u00f3n con total normalidad y ha llegado a bromar sobre la rapidez con la que han actuado los equipos de seguridad del Parlamento israel\u00ed. <b>\u00abHa sido muy eficiente\u00bb<\/b>, ha dicho Trump, un comentario que ha despertado las risas del resto de parlamentarios presentes en la sala.\u00a0<\/p>\n<p class=\"c-paragraph\">Tras ser expulsado, los dos pol\u00edticos han explicado su protesta en redes sociales. <b>\u00abNo vinimos a interferir, sino a exigir justicia. <\/b>Una verdadera paz que salvar\u00e1 a los dos pueblos de la tierra y de la destrucci\u00f3n s\u00f3lo llegar\u00e1 con el final de la ocupaci\u00f3n y el apartheid, y el establecimiento de un Estado palestino junto a Israel\u00bb, ha escrito por su parte Cassif en su perfil de X.<b><b>\u00a0\u00ab\u00a1Ni\u00e9guense a ser conquistadores! \u00a1Resistan al maldito Gobierno!\u00bb<\/b><\/b>, ha a\u00f1adido.<\/p>\n<p class=\"c-paragraph\">Tambi\u00e9n se ha manifestado en sus redes sociales Odeh, quien ha se\u00f1alado que ha protestado para pedir que se reconozca el Estado palestino. \u00abMe expulsaron de la sesi\u00f3n plenaria simplemente porque plante\u00e9 la demanda m\u00e1s simple, una demanda <b>con la que toda la comunidad internacional est\u00e1 de acuerdo: reconocer un Estado palestino\u00bb,<\/b> ha escrito en sus redes sociales.<\/p>\n<p class=\"c-paragraph\">El texto lo ha acompa\u00f1ado con una fotograf\u00eda en la que sostiene el mismo cartel que ha portado Cassif. <b>\u00abReconozcan esta simple realidad<\/b>, aqu\u00ed hay dos pueblos y nadie se mueve de aqu\u00ed\u00bb, ha a\u00f1adido.\u00a0<\/p>\n","protected":false},"excerpt":{"rendered":"Dos diputados del Parlamento israel\u00ed (Kn\u00e9set)\u00a0han interrumpido a gritos este lunes el discurso que estaba realizando en la&hellip;\n","protected":false},"author":2,"featured_media":174198,"comment_status":"","ping_status":"","sticky":false,"template":"","format":"standard","meta":{"footnotes":""},"categories":[42],"tags":[17,18,13,14,11,61,62,63,64,17377,703,19,20,9,10,15,16,14863,3638,12,21,22,20877,65,66,67],"class_list":{"0":"post-174197","1":"post","2":"type-post","3":"status-publish","4":"format-standard","5":"has-post-thumbnail","7":"category-internacional","8":"tag-breaking-news","9":"tag-breakingnews","10":"tag-featured-news","11":"tag-featurednews","12":"tag-headlines","13":"tag-internacional","14":"tag-international","15":"tag-international-news","16":"tag-internationalnews","17":"tag-interrumpe","18":"tag-israeli","19":"tag-latest-news","20":"tag-latestnews","21":"tag-news","22":"tag-noticias","23":"tag-noticias-destacadas","24":"tag-noticiasdestacadas","25":"tag-parlamento","26":"tag-persona","27":"tag-titulares","28":"tag-ultimas-noticias","29":"tag-ultimasnoticias","30":"tag-una","31":"tag-world","32":"tag-world-news","33":"tag-worldnews"},"share_on_mastodon":{"url":"","error":""},"_links":{"self":[{"href":"https:\/\/www.europesays.com\/es\/wp-json\/wp\/v2\/posts\/174197","targetHints":{"allow":["GET"]}}],"collection":[{"href":"https:\/\/www.europesays.com\/es\/wp-json\/wp\/v2\/posts"}],"about":[{"href":"https:\/\/www.europesays.com\/es\/wp-json\/wp\/v2\/types\/post"}],"author":[{"embeddable":true,"href":"https:\/\/www.europesays.com\/es\/wp-json\/wp\/v2\/users\/2"}],"replies":[{"embeddable":true,"href":"https:\/\/www.europesays.com\/es\/wp-json\/wp\/v2\/comments?post=174197"}],"version-history":[{"count":0,"href":"https:\/\/www.europesays.com\/es\/wp-json\/wp\/v2\/posts\/174197\/revisions"}],"wp:featuredmedia":[{"embeddable":true,"href":"https:\/\/www.europesays.com\/es\/wp-json\/wp\/v2\/media\/174198"}],"wp:attachment":[{"href":"https:\/\/www.europesays.com\/es\/wp-json\/wp\/v2\/media?parent=174197"}],"wp:term":[{"taxonomy":"category","embeddable":true,"href":"https:\/\/www.europesays.com\/es\/wp-json\/wp\/v2\/categories?post=174197"},{"taxonomy":"post_tag","embeddable":true,"href":"https:\/\/www.europesays.com\/es\/wp-json\/wp\/v2\/tags?post=174197"}],"curies":[{"name":"wp","href":"https:\/\/api.w.org\/{rel}","templated":true}]}}