{"id":174211,"date":"2025-10-13T15:27:08","date_gmt":"2025-10-13T15:27:08","guid":{"rendered":"https:\/\/www.europesays.com\/es\/174211\/"},"modified":"2025-10-13T15:27:08","modified_gmt":"2025-10-13T15:27:08","slug":"f1-establece-la-fecha-de-lanzamiento-de-apple-streaming-como-mirar-en-linea","status":"publish","type":"post","link":"https:\/\/www.europesays.com\/es\/174211\/","title":{"rendered":"&#8216;F1&#8217; establece la fecha de lanzamiento de Apple Streaming: c\u00f3mo mirar en l\u00ednea"},"content":{"rendered":"<p>\t\u201c<a rel=\"nofollow noopener\" href=\"https:\/\/variety.com\/t\/f1\/\" id=\"auto-tag_f1\" data-tag=\"f1\" target=\"_blank\">F1<\/a>: The Movie\u201d llegar\u00e1 a la pantalla chica durante la temporada navide\u00f1a. El drama deportivo, protagonizado por <a rel=\"nofollow noopener\" href=\"https:\/\/variety.com\/t\/brad-pitt\/\" id=\"auto-tag_brad-pitt\" data-tag=\"brad-pitt\" target=\"_blank\">Brad Pitt<\/a> como ex piloto de F\u00f3rmula Uno, har\u00e1 su debut mundial en streaming en Apple TV el 12 de diciembre. <\/p>\n<p>\t\u201cF1\u201d se estren\u00f3 en los cines en junio y gener\u00f3 la enorme cifra de 629 millones de d\u00f3lares en la taquilla mundial, convirti\u00e9ndose en la pel\u00edcula m\u00e1s taquillera de la carrera de Pitt, as\u00ed como la pel\u00edcula m\u00e1s taquillera de Apple Original Films. Es uno de los seis lanzamientos de 2025 que superar\u00e1n la marca de los 600 millones de d\u00f3lares. Dirigida por Joseph Kosinski (\u201cTop Gun: Maverick\u201d), \u201cF1\u201d sigue al personaje de Pitt mientras emerge de su retiro para entrenar a un piloto novato y salvar a un equipo en quiebra. Damson Idris, Kerry Condon y Tobias Menzies coprotagonizan la pel\u00edcula, mientras que el campe\u00f3n de F\u00f3rmula Uno de la vida real, Lewis Hamilton, se cuenta entre los productores.<\/p>\n<p>\t\u00abHa sido emocionante ver al p\u00fablico de todo el mundo acoger \u2018F1 The Movie\u2019 en los cines\u00bb, dijo el productor Jerry Bruckheimer. \u00abAhora, estamos m\u00e1s que emocionados de llevar este emocionante viaje cinematogr\u00e1fico a los fan\u00e1ticos de todo el mundo a trav\u00e9s del incomparable alcance global de Apple TV. Asociarnos con Apple y la F\u00f3rmula 1 ha sido un viaje incre\u00edble, y estamos orgullosos de que a\u00fan m\u00e1s espectadores, de todos los rincones del mundo, puedan experimentar la acci\u00f3n trepidante y la pasi\u00f3n que define la \u2018F1\u2032\u00bb.<\/p>\n<p>\tDespu\u00e9s de una serie de fracasos comerciales de Apple, incluidos \u201cKillers of the Flower Moon\u201d y \u201cNapoleon\u201d, la popular \u201cF1\u201d ha sido considerada un paso en la direcci\u00f3n correcta para las ambiciones teatrales del incipiente estudio. La pel\u00edcula con un presupuesto de 250 millones de d\u00f3lares se benefici\u00f3 en taquilla del boca a boca positivo, formatos premium como Imax y Dolby, as\u00ed como del atractivo internacional (los territorios de ultramar representaron la impresionante cifra de 439 millones de d\u00f3lares en ventas de entradas). <\/p>\n<p>\tEn Variedades rese\u00f1a, cr\u00edtico de cine jefe Owen Gleiberman <a rel=\"nofollow noopener\" data-id=\"https:\/\/variety.com\/2025\/film\/reviews\/f1-review-brad-pitt-javier-bardem-damson-idris-1236432987\/\" data-type=\"link\" href=\"https:\/\/variety.com\/2025\/film\/reviews\/f1-review-brad-pitt-javier-bardem-damson-idris-1236432987\/\" target=\"_blank\">elogi\u00f3 la aventura de acci\u00f3n<\/a>escribiendo que \u00abhay un cierto tipo de pel\u00edcula de verano que est\u00e1 tan acelerada y lista para funcionar, tan cargada de flash, talento y poder estelar, sin mencionar un tema irresistible, que antes de que la pel\u00edcula apenas est\u00e9 en marcha, puedes sentir que te emocionas por estar emocionado. \u2018F1\u2019 es una de esas pel\u00edculas\u00bb.<\/p>\n","protected":false},"excerpt":{"rendered":"\u201cF1: The Movie\u201d llegar\u00e1 a la pantalla chica durante la temporada navide\u00f1a. El drama deportivo, protagonizado por Brad&hellip;\n","protected":false},"author":2,"featured_media":174212,"comment_status":"","ping_status":"","sticky":false,"template":"","format":"standard","meta":{"footnotes":""},"categories":[270],"tags":[168,25,24,306,271,272,23,167],"class_list":{"0":"post-174211","1":"post","2":"type-post","3":"status-publish","4":"format-standard","5":"has-post-thumbnail","7":"category-formula-1","8":"tag-deportes","9":"tag-es","10":"tag-espana","11":"tag-f1","12":"tag-formula-1","13":"tag-formula1","14":"tag-spain","15":"tag-sports"},"share_on_mastodon":{"url":"","error":""},"_links":{"self":[{"href":"https:\/\/www.europesays.com\/es\/wp-json\/wp\/v2\/posts\/174211","targetHints":{"allow":["GET"]}}],"collection":[{"href":"https:\/\/www.europesays.com\/es\/wp-json\/wp\/v2\/posts"}],"about":[{"href":"https:\/\/www.europesays.com\/es\/wp-json\/wp\/v2\/types\/post"}],"author":[{"embeddable":true,"href":"https:\/\/www.europesays.com\/es\/wp-json\/wp\/v2\/users\/2"}],"replies":[{"embeddable":true,"href":"https:\/\/www.europesays.com\/es\/wp-json\/wp\/v2\/comments?post=174211"}],"version-history":[{"count":0,"href":"https:\/\/www.europesays.com\/es\/wp-json\/wp\/v2\/posts\/174211\/revisions"}],"wp:featuredmedia":[{"embeddable":true,"href":"https:\/\/www.europesays.com\/es\/wp-json\/wp\/v2\/media\/174212"}],"wp:attachment":[{"href":"https:\/\/www.europesays.com\/es\/wp-json\/wp\/v2\/media?parent=174211"}],"wp:term":[{"taxonomy":"category","embeddable":true,"href":"https:\/\/www.europesays.com\/es\/wp-json\/wp\/v2\/categories?post=174211"},{"taxonomy":"post_tag","embeddable":true,"href":"https:\/\/www.europesays.com\/es\/wp-json\/wp\/v2\/tags?post=174211"}],"curies":[{"name":"wp","href":"https:\/\/api.w.org\/{rel}","templated":true}]}}