{"id":174217,"date":"2025-10-13T15:30:23","date_gmt":"2025-10-13T15:30:23","guid":{"rendered":"https:\/\/www.europesays.com\/es\/174217\/"},"modified":"2025-10-13T15:30:23","modified_gmt":"2025-10-13T15:30:23","slug":"vestidos-distraccion-negro-total-y-una-pose-favorita","status":"publish","type":"post","link":"https:\/\/www.europesays.com\/es\/174217\/","title":{"rendered":"vestidos \u00abdistracci\u00f3n\u00bb, negro total y una pose favorita"},"content":{"rendered":"<p id=\"eEqJHIOhrB\" data-wc=\"163\">Hay algo de guion secreto \u2014a lo pel\u00edcula de Sofia Coppola\u2014 en la manera en que <a class=\"hm-link ho-link\" href=\"https:\/\/www.hola.com\/actualidad\/20251013861143\/isabel-junot-embarazada-segundo-hijo-alvaro-falco\/\" rel=\"noopener nofollow\" target=\"_blank\" data-mrf-recirculation=\"article-body-link\">Isabelle Junot ha llevado (y anunciado) su segundo embarazo<\/a>. Con esa mezcla de naturalidad, estrategia y savoir faire que solo dominan las mujeres acostumbradas al foco, la marquesa de Cubas ha desfilado por cenas de gala, eventos de moda y escapadas internacionales sin que nadie percibiera lo evidente. Ahora, con su caracter\u00edstico humor, ha decidido compartirlo: <strong>Noticia de \u00faltima hora. Pr\u00f3ximamente&#8230; \u00bfni\u00f1a o ni\u00f1o?<\/strong> La publicaci\u00f3n, acompa\u00f1ada de tres im\u00e1genes luciendo ya una incipiente tripa, ha recibido miles de reacciones, entre ellas la de Tamara Falc\u00f3, prima de su marido, que ha celebrado la noticia con un bravo. Pero lo m\u00e1s fascinante de esta historia no es el anuncio en s\u00ed, sino c\u00f3mo Isabelle en plena temporada de eventos \u2014entre ellos, los <a class=\"hm-link ho-link\" href=\"https:\/\/www.hola.com\/actualidad\/20250921856822\/isabelle-junot-responde-al-divertido-cuestionario-de-gen-h\/\" rel=\"noopener nofollow\" target=\"_blank\" data-mrf-recirculation=\"article-body-link\">premios GEN \u00a1H! de \u00a1HOLA!<\/a>, el desfile de Carolina Herrera en Madrid o su reciente viaje a Italia\u2014 ha logrado que nadie lo advirtiera antes.\u00a0<\/p>\n<p>  <img src=\"https:\/\/www.europesays.com\/es\/wp-content\/uploads\/2025\/10\/3ee18b505d6d-saveclipapp564123069185307418570197978974109388008482576n.jpg\"   width=\"1080\" height=\"1800\" loading=\"lazy\" decoding=\"async\" alt=\"Isabelle Junot anuncia su segundo embarazo\" fetchpriority=\"auto\" class=\"image ho-image\"\/>\u00a9 @isabellejunot<\/p>\n<p>  <img src=\"https:\/\/www.europesays.com\/es\/wp-content\/uploads\/2025\/10\/db0d551825b9-saveclipapp562733304185307418810197978589005669654250284n.jpg\"   width=\"1080\" height=\"1800\" loading=\"lazy\" decoding=\"async\" alt=\"Isabelle Junot anuncia su segundo embarazo\" fetchpriority=\"auto\" class=\"image ho-image\"\/>\u00a9 @isabellejunot<\/p>\n<p>Una marquesa contempor\u00e1nea<\/p>\n<p id=\"ebyNSJ9oljj\" data-wc=\"118\"><a class=\"hm-link ho-link\" href=\"https:\/\/www.hola.com\/actualidad\/20220406331040\/boda-alvaro-falco-isabelle-junot-detalles-imagenes-invitados-novios\/\" rel=\"noopener nofollow\" target=\"_blank\" data-mrf-recirculation=\"article-body-link\">Casada con \u00c1lvaro Falc\u00f3<\/a> desde abril de 2022 y <a class=\"hm-link ho-link\" href=\"https:\/\/www.hola.com\/actualidad\/20250308817955\/isabelle-junot-supermama-hija-philippa-fotos-mas-divertidas-madre-hija\/\" rel=\"noopener nofollow\" target=\"_blank\" data-mrf-recirculation=\"article-body-link\">madre de la peque\u00f1a Philippa<\/a>, Isabelle Junot representa una nueva generaci\u00f3n de arist\u00f3cratas que se mueven entre la tradici\u00f3n y la naturalidad millennial. Formada, cosmopolita y con un discurso propio sobre bienestar y estilo de vida \u2014es autora del libro <strong>Eat Girl<\/strong>, centrado en la relaci\u00f3n sana con la comida\u2014, ha sabido construir una imagen coherente, elegante, pero nunca acartonada. Durante los \u00faltimos meses, Isabelle ha encadenado apariciones p\u00fablicas en las que su elecci\u00f3n de prendas, cortes y poses parec\u00edan responder a un guion invisible. A continuaci\u00f3n, repasamos algunas de esas apariciones \u2014donde la moda fue su c\u00f3mplice\u2014 y los trucos que aplic\u00f3 para que su embarazo pasara inadvertido.<\/p>\n<p> <img src=\"https:\/\/www.europesays.com\/es\/wp-content\/uploads\/2025\/10\/d9171c38ed37-551067519185260980280197972922192922016082016n.jpg\"   width=\"804\" height=\"1024\" loading=\"lazy\" decoding=\"async\" alt=\"Isabelle Junot embarazada de su segundo hijo\" fetchpriority=\"auto\" class=\"image ho-image\"\/>\u00a9 @isabellejunot<br \/>\nEn el desfile de Carolina Herrera en Madrid: el poder del oversize<\/p>\n<p id=\"eTILPzVHFwz\" data-wc=\"101\">En la Plaza Mayor, durante el esperado <a class=\"hm-link ho-link\" href=\"https:\/\/www.hola.com\/actualidad\/20250918856656\/carolina-herrera-desfile-plaza-mayor-invitadas\/\" rel=\"noopener nofollow\" target=\"_blank\" data-mrf-recirculation=\"article-body-link\">desfile de Carolina Herrera<\/a> \u2014una cita que marc\u00f3 la consagraci\u00f3n de Wes Gordon como director creativo de la firma\u2014, Isabelle apost\u00f3 por un <strong data-end=\"3260\" data-start=\"3219\">minivestido naranja de silueta amplia<\/strong>, casi escult\u00f3rica. Un dise\u00f1o de l\u00edneas rectas y mangas abullonadas que, adem\u00e1s de resultar impecable para un evento de estas caracter\u00edsticas, ten\u00eda una ventaja t\u00e1ctica: <strong data-end=\"3444\" data-start=\"3412\">no marcar absolutamente nada<\/strong>. El truco es cl\u00e1sico pero infalible: prendas oversize\u00a0que aportan movimiento, elegancia y \u2014sobre todo\u2014 discreci\u00f3n. En su caso, la elecci\u00f3n de un color vibrante desviaba la atenci\u00f3n de la forma, centr\u00e1ndola en la energ\u00eda del look.<\/p>\n<p>  <img src=\"https:\/\/www.europesays.com\/es\/wp-content\/uploads\/2025\/10\/50f617fae556-551021625185257998070197977901860330709137343n.jpg\"   width=\"1080\" height=\"1800\" loading=\"lazy\" decoding=\"async\" alt=\"Isabelle Junot embarazada de su segundo hijo\" fetchpriority=\"auto\" class=\"image ho-image\"\/>\u00a9 @isabellejunot<\/p>\n<p>  <img src=\"https:\/\/www.europesays.com\/es\/wp-content\/uploads\/2025\/10\/d0cafd50d32b-550659593185257998610197978819658671213031215n.jpg\"   width=\"1080\" height=\"1800\" loading=\"lazy\" decoding=\"async\" alt=\"Isabelle Junot embarazada de su segundo hijo\" fetchpriority=\"auto\" class=\"image ho-image\"\/>\u00a9 @isabellejunot<\/p>\n<p>En los premios GEN \u00a1H! de \u00a1HOLA!: el vestido \u201cdistracci\u00f3n\u201d<\/p>\n<p id=\"eHtkGnVCLLz\" data-wc=\"88\">Pocas piezas resultan m\u00e1s fotog\u00e9nicas que un vestido de <strong data-end=\"3845\" data-start=\"3811\">flecos met\u00e1licos en movimiento<\/strong>. Isabelle lo sab\u00eda, y por eso escogi\u00f3 uno para asistir a <a class=\"hm-link ho-link\" href=\"https:\/\/www.hola.com\/actualidad\/20250922856031\/isabelle-junot-premio-gen-h-new-healthy-life-no-vale-pena-perder-vida-contando-calorias\/\" rel=\"noopener nofollow\" target=\"_blank\" data-mrf-recirculation=\"article-body-link\">los premios GEN \u00a1H! de \u00a1HOLA!<\/a> Los flecos, adem\u00e1s de aportar dinamismo, generan una ilusi\u00f3n \u00f3ptica que <strong data-end=\"4042\" data-start=\"4008\">difumina las l\u00edneas del cuerpo<\/strong>. Mientras todos miraban el brillo y el vaiv\u00e9n del tejido, la futura mam\u00e1 se aseguraba de que su figura quedara en segundo plano. Un recurso que podr\u00edamos llamarlo \u201cvestido distracci\u00f3n\u201d: cuando el dise\u00f1o es tan interesante que nadie repara en la silueta.<\/p>\n<p>  <img src=\"https:\/\/www.europesays.com\/es\/wp-content\/uploads\/2025\/10\/c113c1e5572d-561393214185303458090197973384078394691599892n.jpg\"   width=\"1080\" height=\"1800\" loading=\"lazy\" decoding=\"async\" alt=\"Isabelle Junot embarazada de su segundo hijo\" fetchpriority=\"auto\" class=\"image ho-image\"\/>\u00a9 @isabellejunot<\/p>\n<p>  <img src=\"https:\/\/www.europesays.com\/es\/wp-content\/uploads\/2025\/10\/04295846cbe3-561641768185303457670197971318983019681060819n.jpg\"   width=\"1080\" height=\"1800\" loading=\"lazy\" decoding=\"async\" alt=\"Isabelle Junot embarazada de su segundo hijo\" fetchpriority=\"auto\" class=\"image ho-image\"\/>\u00a9 @isabellejunot<\/p>\n<p>En la cena de Bvlgari en el Claustro del Museo del Prado: el arte de posar<\/p>\n<p id=\"eo8mnoKigvUD\" data-wc=\"90\">En <a class=\"hm-link ho-link\" href=\"https:\/\/www.hola.com\/moda\/20251011861015\/invitadas-looks-evento-bvlgari-joyas-madrid\/\" rel=\"noopener nofollow\" target=\"_blank\" data-mrf-recirculation=\"article-body-link\">uno de los eventos m\u00e1s exclusivos de la temporada<\/a>, la arist\u00f3crata eligi\u00f3 un <strong data-end=\"4490\" data-start=\"4467\">vestido negro efecto blazer\u00a0<\/strong>y un peque\u00f1o bolso de mano que \u2014casualmente\u2014 sujet\u00f3 frente al abdomen en muchas de las fotos. No fue casualidad: <strong data-end=\"4638\" data-start=\"4605\">la pose del bolso por delante<\/strong> es uno de los trucos m\u00e1s antiguos (y m\u00e1s eficaces) para camuflar un embarazo incipiente. Adem\u00e1s, el negro es el color por excelencia para disimular vol\u00famenes. Isabelle lo combin\u00f3 con joyas de la firma italiana, dejando que el brillo se concentrara en su cuello y mu\u00f1ecas.\u00a0<\/p>\n<p>  <img src=\"https:\/\/www.europesays.com\/es\/wp-content\/uploads\/2025\/10\/fe796d431c84-554477261185277078610197972766023553118159741n.jpg\"   width=\"1080\" height=\"1800\" loading=\"lazy\" decoding=\"async\" alt=\"Isabelle Junot embarazada de su segundo hijo\" fetchpriority=\"auto\" class=\"image ho-image\"\/>\u00a9 @isabellejunot<\/p>\n<p>  <img src=\"https:\/\/www.europesays.com\/es\/wp-content\/uploads\/2025\/10\/f1255a7d762a-555082117185277078190197974593588854878452583n.jpg\"   width=\"1080\" height=\"1800\" loading=\"lazy\" decoding=\"async\" alt=\"Isabelle Junot embarazada de su segundo hijo\" fetchpriority=\"auto\" class=\"image ho-image\"\/>\u00a9 @isabellejunot<\/p>\n<p>En el viaje a Italia con Tamara Falc\u00f3 e \u00cd\u00f1igo Onieva: el poder del negro total<\/p>\n<p id=\"eUOKuyiRyCA\" data-wc=\"55\">En su reciente escapada a Bolonia y M\u00f3dena, Isabelle recurri\u00f3 al recurso m\u00e1s fiable de todos: <strong data-end=\"5721\" data-gid=\"ebDvFAa4UGx6\" data-start=\"5703\">el negro total<\/strong>. Este color sigue siendo el mejor aliado de cualquier embarazo discreto: estiliza, afina y camufla sin esfuerzo. Y, en su caso, no se trataba de esconder, sino de <strong data-end=\"6013\" data-gid=\"edBBlZsPvNpw\" data-start=\"5954\">preservar un anuncio para cuando ella decidiera hacerlo<\/strong>.\u00a0<\/p>\n<p>  <img src=\"https:\/\/www.europesays.com\/es\/wp-content\/uploads\/2025\/10\/beeb6a1e4de8-557439039185288384290197976414239466739964739n.jpg\"   width=\"1080\" height=\"1800\" loading=\"lazy\" decoding=\"async\" alt=\"Isabelle Junot embarazada de su segundo hijo\" fetchpriority=\"auto\" class=\"image ho-image\"\/>\u00a9 @isabellejunot<\/p>\n<p>  <img src=\"https:\/\/www.europesays.com\/es\/wp-content\/uploads\/2025\/10\/2b12f5b53665-559165679185288384920197977174154822824360682n.jpg\"   width=\"1080\" height=\"1800\" loading=\"lazy\" decoding=\"async\" alt=\"Isabelle Junot embarazada de su segundo hijo\" fetchpriority=\"auto\" class=\"image ho-image\"\/>\u00a9 @isabellejunot<\/p>\n<p>En la reuni\u00f3n del club de lectura con Sassa de Osma: el poder de los estampados<\/p>\n<p id=\"eVBn4RvBPmHa\" data-wc=\"66\">Hace unos d\u00edas, Isabelle se dej\u00f3 ver en una reuni\u00f3n del club de lectura con su amiga Sassa de Osma, luciendo un <strong data-end=\"420\" data-start=\"384\">vestido recto y llamativo<\/strong>. Su <strong data-end=\"514\" data-start=\"481\">estampado cargado\u00a0<\/strong>se llevaba todo el protagonismo, desviando la atenci\u00f3n de la silueta. El corte recto del vestido disimulaba el vientre incipiente, mientras los colores y motivos llenos de vida atrapaban la atenci\u00f3n. Un truco que funciona (casi) siempre.\u00a0<\/p>\n<p> <img src=\"https:\/\/www.europesays.com\/es\/wp-content\/uploads\/2025\/10\/c72d18cdac04-524956462185168361160197971599387072164305276n.jpg\"   width=\"768\" height=\"1024\" loading=\"lazy\" decoding=\"async\" alt=\"Isabelle Junot embarazada de su segundo hijo\" fetchpriority=\"auto\" class=\"image ho-image\"\/>\u00a9 @isabellejunot<br \/>\nEn sus vacaciones de verano: el corte imperio<\/p>\n<p id=\"eIUE6aevr04_\" data-wc=\"54\">Durante el verano, entre escapadas en barco y tardes al sol, la vimos optar por <strong data-end=\"5202\" data-start=\"5165\">vestidos fluidos de corte imperio<\/strong>: ajustados al pecho, con ca\u00edda libre desde ah\u00ed. Este tipo de dise\u00f1o, que ya popularizaron las damas de la Regencia brit\u00e1nica \u2014y que reaparece en cada temporada estival\u2014, <strong data-end=\"5431\" data-start=\"5375\">disimula sin perder feminidad ni elegancia<\/strong>.\u00a0<\/p>\n","protected":false},"excerpt":{"rendered":"Hay algo de guion secreto \u2014a lo pel\u00edcula de Sofia Coppola\u2014 en la manera en que Isabelle Junot&hellip;\n","protected":false},"author":2,"featured_media":174218,"comment_status":"","ping_status":"","sticky":false,"template":"","format":"standard","meta":{"footnotes":""},"categories":[174],"tags":[1024,255,50126,146,147,25,24,256,39747,1023,23,50125],"class_list":{"0":"post-174217","1":"post","2":"type-post","3":"status-publish","4":"format-standard","5":"has-post-thumbnail","7":"category-famosos","8":"tag-actualidad-moda","9":"tag-celebrities","10":"tag-embarazadas","11":"tag-entertainment","12":"tag-entretenimiento","13":"tag-es","14":"tag-espana","15":"tag-famosos","16":"tag-isabelle-junot","17":"tag-moda","18":"tag-spain","19":"tag-trucos-de-estilo"},"share_on_mastodon":{"url":"","error":""},"_links":{"self":[{"href":"https:\/\/www.europesays.com\/es\/wp-json\/wp\/v2\/posts\/174217","targetHints":{"allow":["GET"]}}],"collection":[{"href":"https:\/\/www.europesays.com\/es\/wp-json\/wp\/v2\/posts"}],"about":[{"href":"https:\/\/www.europesays.com\/es\/wp-json\/wp\/v2\/types\/post"}],"author":[{"embeddable":true,"href":"https:\/\/www.europesays.com\/es\/wp-json\/wp\/v2\/users\/2"}],"replies":[{"embeddable":true,"href":"https:\/\/www.europesays.com\/es\/wp-json\/wp\/v2\/comments?post=174217"}],"version-history":[{"count":0,"href":"https:\/\/www.europesays.com\/es\/wp-json\/wp\/v2\/posts\/174217\/revisions"}],"wp:featuredmedia":[{"embeddable":true,"href":"https:\/\/www.europesays.com\/es\/wp-json\/wp\/v2\/media\/174218"}],"wp:attachment":[{"href":"https:\/\/www.europesays.com\/es\/wp-json\/wp\/v2\/media?parent=174217"}],"wp:term":[{"taxonomy":"category","embeddable":true,"href":"https:\/\/www.europesays.com\/es\/wp-json\/wp\/v2\/categories?post=174217"},{"taxonomy":"post_tag","embeddable":true,"href":"https:\/\/www.europesays.com\/es\/wp-json\/wp\/v2\/tags?post=174217"}],"curies":[{"name":"wp","href":"https:\/\/api.w.org\/{rel}","templated":true}]}}