{"id":174227,"date":"2025-10-13T15:35:12","date_gmt":"2025-10-13T15:35:12","guid":{"rendered":"https:\/\/www.europesays.com\/es\/174227\/"},"modified":"2025-10-13T15:35:12","modified_gmt":"2025-10-13T15:35:12","slug":"cameron-monaghan-aparece-solo-unos-segundos-en-tron-ares-y-su-guionista-explica-que-paso-habia-mas-historia","status":"publish","type":"post","link":"https:\/\/www.europesays.com\/es\/174227\/","title":{"rendered":"Cameron Monaghan aparece solo unos segundos en &#8216;Tron: Ares&#8217; y su guionista explica qu\u00e9 pas\u00f3: \u00abHab\u00eda m\u00e1s historia\u00bb"},"content":{"rendered":"<p>Cuando se anunci\u00f3 el reparto de &#8216;<a href=\"https:\/\/www.ecartelera.com\/peliculas\/tron-ares\/\" rel=\"nofollow noopener\" target=\"_blank\">Tron: Ares<\/a>&#8216;, la tercera entrega de la saga de ciencia ficci\u00f3n que comenz\u00f3 en los 80, los fans de <a href=\"https:\/\/www.ecartelera.com\/personas\/cameron-monaghan\/\" rel=\"nofollow noopener\" target=\"_blank\">Cameron Monaghan<\/a> se alegraron mucho de ver al actor de &#8216;<a href=\"https:\/\/www.ecartelera.com\/series\/shameless-us\/\" rel=\"nofollow noopener\" target=\"_blank\">Shameless<\/a>&#8216; camino a la gran pantalla con una superproducci\u00f3n de Disney. Sin embargo, <b>tras el estreno de la pel\u00edcula el pasado 10 de octubre, la ilusi\u00f3n se convirti\u00f3 en decepci\u00f3n<\/b>.<\/p>\n<p>Resulta que la participaci\u00f3n de Monaghan en el film dirigido por <a href=\"https:\/\/www.ecartelera.com\/personas\/joachim-ronning\/\" rel=\"nofollow noopener\" target=\"_blank\">Joachim R\u00f8nning<\/a> es tan, tan peque\u00f1a, que es dif\u00edcil hasta catalogarla como cameo. El actor, conocido tambi\u00e9n por interpretar a Cal Kestis en el videojuego &#8216;Star Wars Jedi&#8217;, interpreta a un programa de la Red llamado Caius, pero <b>aparece en el film apenas 10 segundos, dejando su papel en poco m\u00e1s que un extra<\/b>.<\/p>\n<p>Jodie Turner-Smith (&#8216;Tron: Ares&#8217;) explica si Athena es una hero\u00edna o una villana<\/p>\n<p><video id=\"vid-35815\" class=\"video-js vjs-default-skin\" data-title=\"Jodie Turner-Smith ('Tron: Ares') explica si Athena es una hero\u00edna o una villana\" poster=\"https:\/\/www.ecartelera.com\/images\/videos\/35800\/f35815.jpg\" controls=\"\" preload=\"auto\" width=\"640\" height=\"360\" playsinline=\"\" data-vtt=\"\/\/v1.ecartelera.com\/video\/35800\/35815_sprite.vtt\" data-stream=\"1\">El navegador no soporta el tag de v\u00eddeo.<\/video><\/p>\n<p>X<\/p>\n<p>A pesar de su peque\u00f1o rol en &#8216;Tron: Ares&#8217;, Monaghan ha participado en la promoci\u00f3n de la pel\u00edcula, que protagonizan <a href=\"https:\/\/www.ecartelera.com\/personas\/jared-leto\/\" rel=\"nofollow noopener\" target=\"_blank\">Jared Leto<\/a>, <a href=\"https:\/\/www.ecartelera.com\/personas\/jodie-turner-smith\/\" rel=\"nofollow noopener\" target=\"_blank\">Jodie Turner-Smith<\/a>, <a href=\"https:\/\/www.ecartelera.com\/personas\/greta-lee\/\" rel=\"nofollow noopener\" target=\"_blank\">Greta Lee<\/a> y <a href=\"https:\/\/www.ecartelera.com\/personas\/evan-peters\/\" rel=\"nofollow noopener\" target=\"_blank\">Evan Peters<\/a>. <b>El actor acudi\u00f3 a la premier en Hollywood, llegando a posar con sus compa\u00f1eros de elenco<\/b>, y tambi\u00e9n realiz\u00f3 entrevistas en la alfombra roja.<\/p>\n<blockquote class=\"twitter-tweet\">\n<p lang=\"en\" dir=\"ltr\">The stars of Tron: Ares attended the World Premiere in Hollywood featuring a performance by Nine Inch Nails. See the film only in theaters this Friday. <a href=\"https:\/\/t.co\/c1jnFXtLHK\" rel=\"nofollow\">pic.twitter.com\/c1jnFXtLHK<\/a><\/p>\n<p>\u2014 Walt Disney Studios (@DisneyStudios) <a href=\"https:\/\/twitter.com\/DisneyStudios\/status\/1975448316826853438?ref_src=twsrc%5Etfw\" rel=\"nofollow noopener\" target=\"_blank\">October 7, 2025<\/a><\/p><\/blockquote>\n<p>En redes, Monaghan ha compartido orgulloso su trabajo en la pel\u00edcula, con una publicaci\u00f3n en Instagram donde recopila im\u00e1genes de la producci\u00f3n, <b>incluido un v\u00eddeo de entrenamiento en el que lo vemos poniendo en pr\u00e1ctica impresionantes movimientos de combate<\/b>. En la pantalla, sin embargo, todo ese trabajo duro se ha traducido en solo una peque\u00f1a escena y una aparici\u00f3n sin casco que, si parpadeas, te la pierdes.<\/p>\n<blockquote class=\"instagram-media\" data-instgrm-captioned=\"\" data-instgrm-permalink=\"https:\/\/www.instagram.com\/p\/DPpKXPbEjgA\/?utm_source=ig_embed&amp;utm_campaign=loading\" data-instgrm-version=\"14\" style=\" background:#FFF; border:0; border-radius:3px; box-shadow:0 0 1px 0 rgba(0,0,0,0.5),0 1px 10px 0 rgba(0,0,0,0.15); margin: 1px; max-width:540px; min-width:326px; padding:0; width:99.375%; width:-webkit-calc(100% - 2px); width:calc(100% - 2px);\"\/>\n<blockquote><p>\u00abUn poco m\u00e1s de im\u00e1genes tras las c\u00e1maras de &#8216;Tron: Ares&#8217;, con <b>especial atenci\u00f3n al equipo de especialistas con el que trabaj\u00e9 principalmente en este proyecto<\/b>. Son lo m\u00e1ximo y me encant\u00f3 aprender de ellos. En especial, un agradecimiento especial a mi doble de riesgo, Cody Laudan, y al coordinador de combates, Brian Ho\u00bb.<\/p><\/blockquote>\n<p>Lo que ha ocurrido con Monaghan es el pan de cada d\u00eda en Hollywood. Un actor ficha por una superproducci\u00f3n y, cuando la pel\u00edcula llega a los cines, su papel ha sido tan recortado que pr\u00e1cticamente ha desaparecido de ella. <b>Le pas\u00f3 recientemente a <a href=\"https:\/\/www.ecartelera.com\/personas\/simone-ashley\/\" rel=\"nofollow noopener\" target=\"_blank\">Simone Ashley<\/a>, que interpret\u00f3 a un personaje secundario en &#8216;<a href=\"https:\/\/www.ecartelera.com\/peliculas\/f1\/\" rel=\"nofollow noopener\" target=\"_blank\">F1: La pel\u00edcula<\/a>&#8216;, pero fue <a href=\"https:\/\/www.ecartelera.com\/noticias\/director-f1-explica-motivo-desaparicion-simone-ashley-80996\/\" rel=\"nofollow noopener\" target=\"_blank\">eliminado en la sala de montaje<\/a><\/b>, dejando solo un plano de la actriz en las 2 horas y 35 minutos que dura la pel\u00edcula.<\/p>\n<p>\t\t\t\t\t\t\t<img decoding=\"async\" loading=\"lazy\" src=\"https:\/\/www.europesays.com\/es\/wp-content\/uploads\/2025\/10\/245297_cameron-monaghan-aparece-solo-unos-segundos-en-tr.jpg\" alt=\"Cameron Monaghan\" width=\"1200\" height=\"690\"\/>\t<\/p>\n<p>\t\t\t\t\t\tCameron Monaghan (Instagram)<\/p>\n<p>Con la pel\u00edcula ya en salas, su guionista, Jesse Wigutow, confirma que el papel de Monaghan como Caius era m\u00e1s extenso y explica qu\u00e9 ocurri\u00f3. Ha sido en una entrevista con <a target=\"_blank\" href=\"https:\/\/collider.com\/tron-ares-changes-from-ascention-ending-spoilers-jesse-wigutow\/\" rel=\"nofollow noopener\">Collider<\/a>, donde <b>Wigutow afirma que \u00abese personaje ten\u00eda un poco m\u00e1s de arco en un momento dado\u00bb<\/b>.<\/p>\n<p>\u00abHab\u00eda una historia que contar sobre ese personaje\u00bb, reconoce el guionista. \u00abTodo se remonta a las diferentes Redes. En un momento del desarrollo <b>nos detuvimos m\u00e1s tiempo, narrativamente, en las regiones inferiores de la Red de Dillinger [Peters] y los expulsados<\/b>, y en c\u00f3mo se ve\u00eda todo eso\u00bb. <\/p>\n<p>\t\t\t\t\t\t\t<img decoding=\"async\" loading=\"lazy\" src=\"https:\/\/www.europesays.com\/es\/wp-content\/uploads\/2025\/10\/245296_cameron-monaghan-aparece-solo-unos-segundos-en-tr.jpg\" alt=\"Los programas de 'Tron: Ares'\" width=\"1200\" height=\"683\"\/>\t<\/p>\n<p>\t\t\t\t\t\tLos programas de &#8216;Tron: Ares&#8217; (Disney)<\/p>\n<p>A continuaci\u00f3n, Wigutow explica <b>c\u00f3mo iba a ser esa trama secundaria centrada en programas desterrados<\/b>: \u00abSi eras un personaje ligeramente da\u00f1ado con un defecto, eras descartable, y algunos de ellos resurg\u00edan en su propio barrio, casi un asentamiento\u00bb. Este arco narrativo habr\u00eda llevado a Ares a explorar ese lugar, \u00abencontrando algo de humanidad en lo que experimentaba all\u00ed\u00bb. <\/p>\n<p>Aunque no ofrece detalles concretos, Wigutow da a entender que esta parte de la pel\u00edcula, y con ella la historia de Gaius, <b>se elimin\u00f3 por posibles motivos de tiempo, presupuesto o estructura: \u00abEso era parte de la narrativa, pero, de nuevo, hay un l\u00edmite a lo que puedes hacer\u00bb<\/b>.<\/p>\n<p>\u00bfLlegar\u00e1 su gran oportunidad?<\/p>\n<p>Cameron Monaghan se dio a conocer como Ian Gallagher en la irreverente dramedia de Showtime &#8216;Shameless&#8217;, donde fue uno de sus protagonistas durante once temporadas, junto a <a href=\"https:\/\/www.ecartelera.com\/personas\/jeremy-allen-white\/\" rel=\"nofollow noopener\" target=\"_blank\">Jeremy Allen White<\/a>, su hermano en la ficci\u00f3n y uno de los actores del momento. Adem\u00e1s, <b>Monaghan se gan\u00f3 un hueco especial entre los fans de los c\u00f3mics con su versi\u00f3n del Joker<\/b> para la serie &#8216;<a href=\"https:\/\/www.ecartelera.com\/series\/gotham\/\" rel=\"nofollow noopener\" target=\"_blank\">Gotham<\/a>&#8216;.<\/p>\n<p>Su otro papel m\u00e1s famoso es el de Cal Kestis en los videojuegos &#8216;Star Wars Jedi&#8217; y &#8216;Star Wars Jedi: Fallen Order&#8217;. Su personaje, un Caballero Jedi que sobrevivi\u00f3 a la Orden 66 durante las Guerras Clon, ha alcanzado bastante popularidad entre los fans de la saga gal\u00e1ctica y <b>se especula mucho con su posible salto a la acci\u00f3n real<\/b>, interpretado por \u00e9l mismo en una <a href=\"https:\/\/www.ecartelera.com\/noticias\/star-wars-personaje-star-wars-jedi-live-action-79582\/\" rel=\"nofollow noopener\" target=\"_blank\">rumoreada serie para Disney+<\/a>.<\/p>\n<p><script async src=\"https:\/\/platform.twitter.com\/widgets.js\" charset=\"utf-8\"><\/script><script async src=\"\/\/www.instagram.com\/embed.js\"><\/script><\/p>\n","protected":false},"excerpt":{"rendered":"Cuando se anunci\u00f3 el reparto de &#8216;Tron: Ares&#8216;, la tercera entrega de la saga de ciencia ficci\u00f3n que&hellip;\n","protected":false},"author":2,"featured_media":174228,"comment_status":"","ping_status":"","sticky":false,"template":"","format":"standard","meta":{"footnotes":""},"categories":[169],"tags":[1014,1015,1013,177,1011,146,147,25,24,782,176,1019,1016,175,753,1012,23,1017,1018],"class_list":{"0":"post-174227","1":"post","2":"type-post","3":"status-publish","4":"format-standard","5":"has-post-thumbnail","7":"category-cine","8":"tag-actores","9":"tag-actrices","10":"tag-cartelera","11":"tag-cine","12":"tag-ecartelera","13":"tag-entertainment","14":"tag-entretenimiento","15":"tag-es","16":"tag-espana","17":"tag-estrellas","18":"tag-film","19":"tag-fotogramas","20":"tag-fotos","21":"tag-movies","22":"tag-peliculas","23":"tag-pelis","24":"tag-spain","25":"tag-trailers","26":"tag-videos"},"share_on_mastodon":{"url":"","error":""},"_links":{"self":[{"href":"https:\/\/www.europesays.com\/es\/wp-json\/wp\/v2\/posts\/174227","targetHints":{"allow":["GET"]}}],"collection":[{"href":"https:\/\/www.europesays.com\/es\/wp-json\/wp\/v2\/posts"}],"about":[{"href":"https:\/\/www.europesays.com\/es\/wp-json\/wp\/v2\/types\/post"}],"author":[{"embeddable":true,"href":"https:\/\/www.europesays.com\/es\/wp-json\/wp\/v2\/users\/2"}],"replies":[{"embeddable":true,"href":"https:\/\/www.europesays.com\/es\/wp-json\/wp\/v2\/comments?post=174227"}],"version-history":[{"count":0,"href":"https:\/\/www.europesays.com\/es\/wp-json\/wp\/v2\/posts\/174227\/revisions"}],"wp:featuredmedia":[{"embeddable":true,"href":"https:\/\/www.europesays.com\/es\/wp-json\/wp\/v2\/media\/174228"}],"wp:attachment":[{"href":"https:\/\/www.europesays.com\/es\/wp-json\/wp\/v2\/media?parent=174227"}],"wp:term":[{"taxonomy":"category","embeddable":true,"href":"https:\/\/www.europesays.com\/es\/wp-json\/wp\/v2\/categories?post=174227"},{"taxonomy":"post_tag","embeddable":true,"href":"https:\/\/www.europesays.com\/es\/wp-json\/wp\/v2\/tags?post=174227"}],"curies":[{"name":"wp","href":"https:\/\/api.w.org\/{rel}","templated":true}]}}