{"id":174254,"date":"2025-10-13T15:51:14","date_gmt":"2025-10-13T15:51:14","guid":{"rendered":"https:\/\/www.europesays.com\/es\/174254\/"},"modified":"2025-10-13T15:51:14","modified_gmt":"2025-10-13T15:51:14","slug":"alivio-en-el-baskonia-con-rodions-kurucs","status":"publish","type":"post","link":"https:\/\/www.europesays.com\/es\/174254\/","title":{"rendered":"Alivio en el Baskonia con Rodions Kurucs"},"content":{"rendered":"<p>\n        <strong>Buenas noticias para Paolo Galbiati, que respira aliviado tras las pruebas m\u00e9dicas a las que se ha sometido hoy Rodions Kurucs<\/strong>, que no han revelado ninguna lesi\u00f3n de gravedad en la fascia plantar, por lo que la <strong>lesi\u00f3n <\/strong>que sufri\u00f3 en el encuentro de ayer en la victoria del <a href=\"https:\/\/www.noticiasdealava.eus\/baskonia\/\" title=\"Baskonia\" class=\"link copy\" rel=\"nofollow noopener\" target=\"_blank\">Baskonia<\/a> contra el Real Madrid <strong>se queda finalmente en un susto<\/strong>.\n<\/p>\n<p class=\"article-body__text \">\n        Kurucs, en su segundo encuentro de la temporada como azulgrana tras haber debutado el pasado jueves contra el Panathinaikos, <strong>tuvo que abandonar el encuentro a los siete minutos de juego tras sufrir dolores en la fascia plantar de su pie izquierdo.<\/strong>\n<\/p>\n<p class=\"article-body__text \">\n        <strong>En dicha zona fue operado en verano, concretamente a finales de agosto,<\/strong> por los problemas que arrastraba en la zona desde la pasada temporada con el UCAM Murcia y que le impidieron participar en el Eurobasket.\n<\/p>\n<p>            <a href=\"https:\/\/www.noticiasdealava.eus\/baskonia\/2025\/10\/12\/brillante-heroica-inyeccion-moral-105-10203856.html\" title=\"Una brillante y heroica inyecci\u00f3n de moral (105-100)\" class=\"new__media\" rel=\"nofollow noopener\" target=\"_blank\"><\/p>\n<p>                <img alt=\"Una brillante y heroica inyecci\u00f3n de moral (105-100)\" data-src=\"https:\/\/www.europesays.com\/es\/wp-content\/uploads\/2025\/10\/3901be8a-cec9-4187-b9c6-e31830bd7494_16-9-aspect-ratio_default_0.jpg\" class=\"lozad\"\/><\/p>\n<p>        <\/a><\/p>\n<p>        <a href=\"https:\/\/www.noticiasdealava.eus\/baskonia\/2025\/10\/12\/brillante-heroica-inyeccion-moral-105-10203856.html\" title=\"Una brillante y heroica inyecci\u00f3n de moral (105-100)\" class=\"new__headline\" rel=\"nofollow noopener\" target=\"_blank\"><br \/>\n            Una brillante y heroica inyecci\u00f3n de moral (105-100)<br \/>\n        <\/a><\/p>\n<p class=\"article-body__text \">\n        En una acci\u00f3n del partido contra el Madrid sin aparente peligro, el let\u00f3n hizo saltar todas las alarmas cuando, despu\u00e9s de aterrizar tras un lanzamiento forzado cuando se agotaba la posesi\u00f3n, <strong>se march\u00f3 directamente a los vestuarios cojeando y con ostensibles gestos de dolor<\/strong>.\n<\/p>\n<p class=\"article-body__text \">\n        Paolo Galbiati no quiso mojarse al opinar sobre la gravedad del asunto al terminar el encuentro. El preparador transalpino prefiri\u00f3 esperar a tener noticias este lunes, cuando, afortunadamente, <strong>se descart\u00f3 una reca\u00edda de su fascitis plantar que habr\u00eda supuesto un importante golpe para la rotaci\u00f3n interior del equipo y tambi\u00e9n para el jugador<\/strong>, que habr\u00eda tenido que parar en seco de nuevo a los pocos d\u00edas de debutar\n<\/p>\n<p>            <a href=\"https:\/\/www.noticiasdealava.eus\/baskonia\/2025\/10\/12\/rodions-kurucs-recae-real-madrid-10204262.html\" title=\"Preocupaci\u00f3n por el estado de Rodions Kurucs\" class=\"new__media\" rel=\"nofollow noopener\" target=\"_blank\"><\/p>\n<p>                <img alt=\"Preocupaci\u00f3n por el estado de Rodions Kurucs\" data-src=\"https:\/\/www.europesays.com\/es\/wp-content\/uploads\/2025\/10\/00c5006b-8704-4983-a4cb-78837f2779b7_16-9-aspect-ratio_default_0_x553y681.jpg\" class=\"lozad\"\/><\/p>\n<p>        <\/a><\/p>\n<p>        <a href=\"https:\/\/www.noticiasdealava.eus\/baskonia\/2025\/10\/12\/rodions-kurucs-recae-real-madrid-10204262.html\" title=\"Preocupaci\u00f3n por el estado de Rodions Kurucs\" class=\"new__headline\" rel=\"nofollow noopener\" target=\"_blank\"><br \/>\n            Preocupaci\u00f3n por el estado de Rodions Kurucs<br \/>\n        <\/a><\/p>\n<p class=\"article-body__text \">\n        La lesi\u00f3n, por lo tanto, se queda en simplemente <strong>unas molestias en la zona propias de su proceso de rehabilitaci\u00f3n que, aunque le dificultar\u00e1n participar en la cita de Euroliga del mi\u00e9rcoles contra el Par\u00eds Basketball, no deber\u00edan impedirle reaparecer a lo largo de esta semana<\/strong>.\n<\/p>\n<p>  Cautela imprescindible<\/p>\n<p class=\"article-body__text \">\n        En cualquier caso, el club <strong>manejar\u00e1 la situaci\u00f3n con cierta cautela<\/strong> para no arriesgarse a que las molestias se conviertan en una lesi\u00f3n m\u00e1s importante.\n<\/p>\n<p class=\"article-body__text \">\n        Durante el poco tiempo que Kurucs ha estado sano, <strong>el Baskonia ya se ha cerciorado de su val\u00eda para el nuevo proyecto<\/strong>. Ante el Panathinaikos ejerci\u00f3 como improvisado cinco firmando una buena labor en ataque y aportando solidez al rebote. Al tratarse de un jugador vers\u00e1til y con una destacada presencia a nivel f\u00edsico, <strong>el b\u00e1ltico promete ser una pieza muy importante en los esquemas de Galbiati cuando consiga algo de ritmo<\/strong>.<\/p>\n","protected":false},"excerpt":{"rendered":"Buenas noticias para Paolo Galbiati, que respira aliviado tras las pruebas m\u00e9dicas a las que se ha sometido&hellip;\n","protected":false},"author":2,"featured_media":174255,"comment_status":"","ping_status":"","sticky":false,"template":"","format":"standard","meta":{"footnotes":""},"categories":[269],"tags":[12754,299,298,4714,168,25,24,25866,25865,23,167],"class_list":{"0":"post-174254","1":"post","2":"type-post","3":"status-publish","4":"format-standard","5":"has-post-thumbnail","7":"category-baloncesto","8":"tag-alivio","9":"tag-baloncesto","10":"tag-basketball","11":"tag-baskonia","12":"tag-deportes","13":"tag-es","14":"tag-espana","15":"tag-kurucs","16":"tag-rodions","17":"tag-spain","18":"tag-sports"},"share_on_mastodon":{"url":"","error":""},"_links":{"self":[{"href":"https:\/\/www.europesays.com\/es\/wp-json\/wp\/v2\/posts\/174254","targetHints":{"allow":["GET"]}}],"collection":[{"href":"https:\/\/www.europesays.com\/es\/wp-json\/wp\/v2\/posts"}],"about":[{"href":"https:\/\/www.europesays.com\/es\/wp-json\/wp\/v2\/types\/post"}],"author":[{"embeddable":true,"href":"https:\/\/www.europesays.com\/es\/wp-json\/wp\/v2\/users\/2"}],"replies":[{"embeddable":true,"href":"https:\/\/www.europesays.com\/es\/wp-json\/wp\/v2\/comments?post=174254"}],"version-history":[{"count":0,"href":"https:\/\/www.europesays.com\/es\/wp-json\/wp\/v2\/posts\/174254\/revisions"}],"wp:featuredmedia":[{"embeddable":true,"href":"https:\/\/www.europesays.com\/es\/wp-json\/wp\/v2\/media\/174255"}],"wp:attachment":[{"href":"https:\/\/www.europesays.com\/es\/wp-json\/wp\/v2\/media?parent=174254"}],"wp:term":[{"taxonomy":"category","embeddable":true,"href":"https:\/\/www.europesays.com\/es\/wp-json\/wp\/v2\/categories?post=174254"},{"taxonomy":"post_tag","embeddable":true,"href":"https:\/\/www.europesays.com\/es\/wp-json\/wp\/v2\/tags?post=174254"}],"curies":[{"name":"wp","href":"https:\/\/api.w.org\/{rel}","templated":true}]}}