{"id":174280,"date":"2025-10-13T16:05:11","date_gmt":"2025-10-13T16:05:11","guid":{"rendered":"https:\/\/www.europesays.com\/es\/174280\/"},"modified":"2025-10-13T16:05:11","modified_gmt":"2025-10-13T16:05:11","slug":"ribeira-la-coruna-ya-tiene-su-primera-alcaldesa","status":"publish","type":"post","link":"https:\/\/www.europesays.com\/es\/174280\/","title":{"rendered":"Ribeira (La Coru\u00f1a) ya tiene su primera alcaldesa"},"content":{"rendered":"<p style=\"\"><strong>No hubo sorpresas.<\/strong> En un abarrotado auditorio que ejerce como consistorio provisional de Ribeira, la moci\u00f3n de censura liderada por la popular Mariola Sampedro ha recibido el apoyo de los 10 concejales de su partido y tres del Partido Barbanza Independiente (PBBI), una escisi\u00f3n  &#8230; del PP que, en un movimiento no entendido por muchos, <a href=\"https:\/\/www.abc.es\/espana\/galicia\/escision-pp-entrega-bng-alcaldia-ribeira-coruna-20230707201600-nt.html\" rel=\"nofollow noopener\" target=\"_self\" data-voc-vtm-id=\"in-text-traffic\" title=\"en 2023 dio el bast\u00f3n de mando\" data-mrf-link=\"www.abc.es\">en 2023 dio el bast\u00f3n de mando<\/a> al nacionalista Luis P\u00e9rez Barral.<\/p>\n<p class=\"voc-p\" style=\"\">El primer alcalde ribeirense del BNG ha entregado su bast\u00f3n de mando a la primera alcaldesa de la democracia de la capital barbanzana en un pleno que <strong>se han encargado de calentar las decenas de personas presentes en el p\u00fablico<\/strong>. \u00abHemos venido a apoyar al alcalde\u00bb saliente, comentaban algunos, otros a \u00abla [nueva] alcaldesa Mariola\u00bb.<\/p>\n<p class=\"voc-p\" style=\"\">Quienes han apoyado la moci\u00f3n, han entrado juntos, primero, precedidos por <strong>Sampedro, ovacionada por los suyos entre gritos de &#8216;alcaldesa, alcaldesa&#8217;<\/strong>, pero tambi\u00e9n con algunos &#8216;corruptos&#8217; y &#8216;traidores&#8217; de fondo por los partidarios de P\u00e9rez Barral. El ya exregidor entr\u00f3, tambi\u00e9n con sus aplausos y sus gritos de &#8216;alcalde, alcalde&#8217;, liderando la comitiva de los que no apoyaron la censura, entre los que se incluyen, como estaba previsto, Tania Redondo y Juan Luis Furones, ahora concejales no adscritos, antes del PBBI, <a href=\"https:\/\/www.abc.es\/espana\/galicia\/derecha-reconcilia-gobernar-ribeira-nunca-nacionalista-20251004185115-nt.html\" rel=\"nofollow noopener\" target=\"_self\" data-voc-vtm-id=\"in-text-traffic\" title=\"que se desmarcaron\" data-mrf-link=\"www.abc.es\">que se desmarcaron<\/a>.<\/p>\n<p class=\"voc-p\" style=\"\">Al encargado de leer la moci\u00f3n le ha costado hacerlo de manera continuada, entre risas y exabruptos de los partidarios del alcalde nacionalista. M\u00e1s dif\u00edcil a\u00fan fue para Sampedro leer su discurso como candidata, en el que asegur\u00f3 que <strong>detr\u00e1s de la moci\u00f3n \u00abno hay ambiciones personales, ni c\u00e1lculos partidistas\u00bb<\/strong>, sino \u00abun compromiso con los vecinos de Ribeira, porque gobernar Ribeira no puede ser gobernar solo para unos pocos\u00bb. <\/p>\n<p class=\"voc-p\" style=\"\">Sampedro reivindic\u00f3 los m\u00e1s de 5.000 votos obtenidos en las elecciones por el PP y record\u00f3 que <strong>en 2023 \u00abacataron con deportividad las reglas de la democracia\u00bb<\/strong> por las que, a pesar de haber quedado cerca de la mayor\u00eda absoluta, la suma de \u00abtres partidos les desplaz\u00f3 a la oposici\u00f3n\u00bb. <\/p>\n<p class=\"voc-p\" style=\"\">P\u00e9rez Barral, a continuaci\u00f3n, fue <strong>m\u00e1s interrumpido por los suyos que por los otros, para jalearle,<\/strong> acompa\u00f1\u00e1ndole con gritos y aplausos en su discurso en el que fue se\u00f1alando a los tres concejales del PBBI que apoyaron la moci\u00f3n. \u00abSi miran sus rostros ver\u00e1n las caras de la traici\u00f3n\u00bb, espet\u00f3. En la cara de Sampedro dijo ver la \u00abcorrupci\u00f3n\u00bb y la acus\u00f3 de coaccionar a los partidarios de la censura.<\/p>\n<p class=\"voc-p\" style=\"\">Antes, <strong>el ya exalcalde carg\u00f3 contra una moci\u00f3n \u00absin ning\u00fan motivo objetivo,<\/strong> que solo responde a intereses partidistas de dos partidos e intereses particulares de los concelleiros y concelleiras que la suscriben\u00ab. \u00bbSi tuviera algo de dignidad, retirar\u00eda esta moci\u00f3n de censura\u00ab, a\u00f1adi\u00f3 P\u00e9rez Barral.<\/p>\n<p class=\"voc-p\" style=\"\"><strong>La ahora concejala no adscrita Tania Redondo,<\/strong> que primero firm\u00f3 la moci\u00f3n y despu\u00e9s se retract\u00f3, aprovech\u00f3 su turno para reivindicar lo hecho hasta ahora: \u00abImpulsar Ribeira hacia un cambio positivo, que pusiera por delante los intereses de la ciudadan\u00eda por delante de los partidistas\u00bb. \u00abSolo deseo que las personas que se incorporan ahora lo hagan con la misma voluntad\u00bb de \u00abtrabajar para Ribeira\u00bb y \u00abno para unas siglas pol\u00edticas\u00bb. <\/p>\n<p class=\"voc-p\" style=\"\"><strong>Juan Luis Furones, que ven\u00eda de Ciudadanos<\/strong> y no apoy\u00f3 la moci\u00f3n desde el principio, opt\u00f3 tambi\u00e9n por reivindicar logros y recordar que \u00abseg\u00fan la ley de normalizaci\u00f3n ling\u00fc\u00edstica, Ribeira se escribe con B\u00bb, una pol\u00e9mica avivada recientemente por P\u00e9rez Barral al decidir quitar de la ciudad los carteles en los que la B y la V se fusionaban en forma de coraz\u00f3n, buscando el consenso. Termin\u00f3 con el manido \u00abvencer\u00e9is, pero no convencer\u00e9is\u00bb de Unamuno, al que le a\u00f1adi\u00f3 un \u00abdignidad\u00bb. Le sigui\u00f3 el portavoz del PSOE, Francisco Su\u00e1rez-Puerta, citando a Sim\u00f3n Bol\u00edvar: \u00abLa lealtad es admirada hasta por el enemigo\u00bb.<\/p>\n<p class=\"voc-p\" style=\"\">A la intervenci\u00f3n del<strong> portavoz del PBBI, Vicente Mari\u00f1o,<\/strong> le precedieron gritos de \u00abJudas\u00bb, \u00abvendido\u00bb y \u00abtraidor\u00bb. Intent\u00f3 centrar su discurso, interrumpido frase a frase, en censurar la acci\u00f3n de gobierno de P\u00e9rez Barral y en defender el motivo de la moci\u00f3n:  el \u00abincumplimiento reiterado por parte del Bloque Nacionalista Galego\u00bb al no saber gobernar en coalici\u00f3n. \u00abRibeira no es nacionalista\u00bb, zanj\u00f3. <\/p>\n<p class=\"voc-p\" style=\"\">\u00abNo vamos a permitir que se antepongan los intereses partidistas del BNG para seguir tejiendo sus redes clientelares\u00bb, a\u00f1adi\u00f3 Mari\u00f1o, porque \u00abRibeira tiene dignidad\u00bb. <strong>\u00abLa se\u00f1ora Ana Pont\u00f3n todav\u00eda no ha contactado con el PBBI<\/strong> para agradecer que el BNG ostentase la alcald\u00eda de Ribeira durante dos a\u00f1os, tres meses y seis d\u00edas\u00ab,  ironiz\u00f3 para terminar. \u00bbTampoco el se\u00f1or P\u00e9rez Barral, por haber sido alcalde gracias a un partido de derechas\u00ab, en referencia a su propia formaci\u00f3n.<\/p>\n<p class=\"voc-p\" style=\"\">Adem\u00e1s de vecinos de Ribeira, entre el p\u00fablico han podido verse a <strong>primeros espadas del PPdeG, BNG y PSdeG,<\/strong> como Paula Prado, secretaria general de los populares gallegos, N\u00e9stor Rego, diputado nacionalista en el Congreso, o Aitor Bouza, parlamentario socialista.<\/p>\n<p class=\"voc-p\" style=\"\">[Noticia en elaboraci\u00f3n]<\/p>\n","protected":false},"excerpt":{"rendered":"No hubo sorpresas. En un abarrotado auditorio que ejerce como consistorio provisional de Ribeira, la moci\u00f3n de censura&hellip;\n","protected":false},"author":2,"featured_media":174281,"comment_status":"","ping_status":"","sticky":false,"template":"","format":"standard","meta":{"footnotes":""},"categories":[8],"tags":[18114,17,18,25,24,13,14,11,19,20,9,10,15,16,1078,21389,23,12,21,22],"class_list":{"0":"post-174280","1":"post","2":"type-post","3":"status-publish","4":"format-standard","5":"has-post-thumbnail","7":"category-espana","8":"tag-alcaldesa","9":"tag-breaking-news","10":"tag-breakingnews","11":"tag-es","12":"tag-espana","13":"tag-featured-news","14":"tag-featurednews","15":"tag-headlines","16":"tag-latest-news","17":"tag-latestnews","18":"tag-news","19":"tag-noticias","20":"tag-noticias-destacadas","21":"tag-noticiasdestacadas","22":"tag-primera","23":"tag-ribeira","24":"tag-spain","25":"tag-titulares","26":"tag-ultimas-noticias","27":"tag-ultimasnoticias"},"share_on_mastodon":{"url":"","error":""},"_links":{"self":[{"href":"https:\/\/www.europesays.com\/es\/wp-json\/wp\/v2\/posts\/174280","targetHints":{"allow":["GET"]}}],"collection":[{"href":"https:\/\/www.europesays.com\/es\/wp-json\/wp\/v2\/posts"}],"about":[{"href":"https:\/\/www.europesays.com\/es\/wp-json\/wp\/v2\/types\/post"}],"author":[{"embeddable":true,"href":"https:\/\/www.europesays.com\/es\/wp-json\/wp\/v2\/users\/2"}],"replies":[{"embeddable":true,"href":"https:\/\/www.europesays.com\/es\/wp-json\/wp\/v2\/comments?post=174280"}],"version-history":[{"count":0,"href":"https:\/\/www.europesays.com\/es\/wp-json\/wp\/v2\/posts\/174280\/revisions"}],"wp:featuredmedia":[{"embeddable":true,"href":"https:\/\/www.europesays.com\/es\/wp-json\/wp\/v2\/media\/174281"}],"wp:attachment":[{"href":"https:\/\/www.europesays.com\/es\/wp-json\/wp\/v2\/media?parent=174280"}],"wp:term":[{"taxonomy":"category","embeddable":true,"href":"https:\/\/www.europesays.com\/es\/wp-json\/wp\/v2\/categories?post=174280"},{"taxonomy":"post_tag","embeddable":true,"href":"https:\/\/www.europesays.com\/es\/wp-json\/wp\/v2\/tags?post=174280"}],"curies":[{"name":"wp","href":"https:\/\/api.w.org\/{rel}","templated":true}]}}