{"id":174314,"date":"2025-10-13T16:24:10","date_gmt":"2025-10-13T16:24:10","guid":{"rendered":"https:\/\/www.europesays.com\/es\/174314\/"},"modified":"2025-10-13T16:24:10","modified_gmt":"2025-10-13T16:24:10","slug":"de-yolanda-diaz-a-la-hermana-de-miguel-angel-blanco-la-firma-pontevedresa-coosy-viste-a-las-mujeres-del-besamanos-real-la-voz-de-galicia","status":"publish","type":"post","link":"https:\/\/www.europesays.com\/es\/174314\/","title":{"rendered":"De Yolanda D\u00edaz a la hermana de Miguel \u00c1ngel Blanco, la firma pontevedresa Coosy viste a las mujeres del besamanos real &#8211; La Voz de Galicia"},"content":{"rendered":"<ol>\n<li><a href=\"https:\/\/news.google.com\/rss\/articles\/CBMingJBVV95cUxPZE00d0NUMm51dGdHMmNXS1JLZ2Z0QXc1cHRDa1FjaF9hZUlCRzhqcW1fanpyQmlZNnNja2xSMHFjM0V0SGtJcTJObDFxd1IxYjhhaXBpNlEtOURQek1sZ1NHNkM3NU1XaTJXNVhJUkt4dFJCZF9ZMmFBM3ZmaVc4VVVueURYa1hER2NYbHU3a2hvQWlaZjRtcERjaWdwTllYMDBRWXhYTVBkMjdFRjlpbmxqT01OVU4wazhXNGpSOGd2XzYxVDJRME1ZMXRXMUVxUnJMTXZjWmdrTDhGV01kd25lSEtxc3B3akVwbVdJUzE4bDNHckFndmxaSl96OVhQenBmNXJrV1ZTZ3g2Ti1ITFFrZ3NldlBRSzNaTGVB?oc=5\" target=\"_blank\" rel=\"nofollow noopener\">De Yolanda D\u00edaz a la hermana de Miguel \u00c1ngel Blanco, la firma pontevedresa Coosy viste a las mujeres del besamanos real<\/a>&nbsp;&nbsp;La Voz de Galicia<\/li>\n<li><a href=\"https:\/\/news.google.com\/rss\/articles\/CBMiiAFBVV95cUxPMEFZZjBIcGF3U1FqTnFrZjhhRXpqS25haUFRX2E4dFB1UERJSmV3VThON1JCcUFMeXZaUDYzVWozX21NZzY2YzQ0U01LTmJpQlhNM1hMTTk5dGFhMEtJc0htdlVrSjVkYkJPT05WYm91X1lXUnBUR3MyOUpqSkdQblRvbzJsbzlQ0gGIAUFVX3lxTE9sSHk2MC0tTG15Y3NINS16dzhsaFRTWDFJdEpTTjZRM3RRRXNvN1pIR3EzUmxjQ2R4QnlVY1FRNWRpaklhbFFYbHN3MUpzeG01TUNHNzJtMDBpSHlQZ0ZJSW82X2VFS25SZ2NTS2FrQ0RROFRabmpYSDJ3V0J5Y00wZ2xEMTY1YS0?oc=5\" target=\"_blank\" rel=\"nofollow noopener\">De Yolanda D\u00edaz a Ana Rosa, los looks m\u00e1s destacables de la recepci\u00f3n de los Reyes por el d\u00eda de la Hispanidad 2025<\/a>&nbsp;&nbsp;El Mundo<\/li>\n<li><a href=\"https:\/\/news.google.com\/rss\/articles\/CBMizgFBVV95cUxOWGhqS3BJWHRMX2p1cG9MaGR2M3MwbHpQeGZUOTZzNXZHZS1RWklJWWphVm5IXzVfOVllbWdxdGNWUGRxOXIwQm5KLU1BcG1pWmpubE0yRGxrblh6WjFLLVdJOWdhT3ZOV25ueFlFQ0M1Mjk2MmNfekNtdDBjODNsMnNIdThBUkxIcDF4UWszZEFRaTVCdDZDUkpESmRPV1pFNnhGY1BMWURTZ09aWWZrNE5PX1p0TTJDMUt1TGI2cEVQTjB1ZDJoaW1vRkxQQdIB0wFBVV95cUxNbThlTXhQaXEzb3R3OUs2OThNUUNSY0JaYzlTS0xKbDlVdjJsN3BsOEVid2N2R1JYYWFQVEd2UWlSWTVSUmpoNVN5b2VNaGxOQzNha0hrTlJaVU9sYUNpQXNHUWtQc21ueXB6QkpiWG9HRnRUa2tyVThxVDRuZXM5Y2ZIWDlPMTJEckRBMjdHX0ZKa3ZLVVlGc1ZFRW5lZ2JlMHp3cXota2E1emlUYzA1OGhsY1VXWU51WlljdzZ2NGwyelN4M2dqMmVDNjRPY2JRTnM0?oc=5\" target=\"_blank\" rel=\"nofollow noopener\">Manuela Villena vuelve a ser la mejor vestida del besamanos de la reina Letizia y Felipe VI: espectacular con un conjunto made in Spain<\/a>&nbsp;&nbsp;Mujerhoy<\/li>\n<li><a href=\"https:\/\/news.google.com\/rss\/articles\/CBMiywFBVV95cUxQbzk2MVA0ZnpNSjA2RVhXbjNZOWJhZTAxc3M0U2hkRGU1TzJ5endCZDk3T1JPR1pubmZMbklxQmRSUkJ1TzZ1TVRVRlZjTlY5NWtVa2p6QmdsXy0yaXVvVVF1WGlXdkhQYl9iUkxxWHNmdVc1NmVNYzI2elRZVlVoSTBkX1JkNld2blZ2UDNjLXYxYUd2TWpBdTV5aWc3V3RqMnVVOFU3ZS0xUDJFRU9mbTY1bWJHYzZTc0hKR0hlN085djgwZ3U4amdDRQ?oc=5\" target=\"_blank\" rel=\"nofollow noopener\">De Teresa Urquijo a Ana Rosa Quintana: errores y aciertos en el besamanos del D\u00eda de la Hispanidad<\/a>&nbsp;&nbsp;20Minutos<\/li>\n<li><a href=\"https:\/\/news.google.com\/rss\/articles\/CBMitwFBVV95cUxOVUtRYmZDLUkzeFJjblVsaHBaUThQX2FLemNNUlUwd2x5TkhGTGt1ZzNyS2lVQ3owMUhBTFZUWmFXNjg2WExDRmFKV0tHT2ZScjlacEQ2VXU0YjV6UnlyMElOeGlwSmNsZTdzdDY5U2U5V3poS0F2VXFFblNBUFpDQ21xYkdRWVJfczRLVXh2dktrRmYzbGJMMlVLeDNQdUZrd0RYMGRhZHNZRmFBeVl1R1VNUmZZMmfSAbwBQVVfeXFMTjRyTVloU2FhcG1YOWkwMVVNTFlxWExveXNtV3VrT29sSDdxVEFrcHY4b2JDd1ZuSktFVnYycUsyRW1qTUI5Q2tjX29EaDUwMlJLSE1qZkFPUk56V1pWSzgzRzJNaHd0eWdscTBtbkcxMUVTWGstdjhsV29yVWFjakZBN0ZVa1NHTFF2TF9KenF6NnFjTVRhUk45S3VCN1JydmVVazBzc1htcllYMFJXZkxnWWx2TmRKZFVabXM?oc=5\" target=\"_blank\" rel=\"nofollow noopener\">La invitada mejor vestida del D\u00eda de la Hispanidad con un look impecable y unos zapatos de Zara<\/a>&nbsp;&nbsp;Vanitatis<\/li>\n<\/ol>\n","protected":false},"excerpt":{"rendered":"De Yolanda D\u00edaz a la hermana de Miguel \u00c1ngel Blanco, la firma pontevedresa Coosy viste a las mujeres&hellip;\n","protected":false},"author":2,"featured_media":174315,"comment_status":"","ping_status":"","sticky":false,"template":"","format":"standard","meta":{"footnotes":""},"categories":[91],"tags":[146,147,25,24,1160,1026,9170,811,23,5184,4454],"class_list":{"0":"post-174314","1":"post","2":"type-post","3":"status-publish","4":"format-standard","5":"has-post-thumbnail","7":"category-entretenimiento","8":"tag-entertainment","9":"tag-entretenimiento","10":"tag-es","11":"tag-espana","12":"tag-guardia-civil","13":"tag-infanta-sofia","14":"tag-pontevedra-ciudad","15":"tag-princesa-leonor","16":"tag-spain","17":"tag-tamara-falco","18":"tag-yolanda-diaz"},"share_on_mastodon":{"url":"","error":""},"_links":{"self":[{"href":"https:\/\/www.europesays.com\/es\/wp-json\/wp\/v2\/posts\/174314","targetHints":{"allow":["GET"]}}],"collection":[{"href":"https:\/\/www.europesays.com\/es\/wp-json\/wp\/v2\/posts"}],"about":[{"href":"https:\/\/www.europesays.com\/es\/wp-json\/wp\/v2\/types\/post"}],"author":[{"embeddable":true,"href":"https:\/\/www.europesays.com\/es\/wp-json\/wp\/v2\/users\/2"}],"replies":[{"embeddable":true,"href":"https:\/\/www.europesays.com\/es\/wp-json\/wp\/v2\/comments?post=174314"}],"version-history":[{"count":0,"href":"https:\/\/www.europesays.com\/es\/wp-json\/wp\/v2\/posts\/174314\/revisions"}],"wp:featuredmedia":[{"embeddable":true,"href":"https:\/\/www.europesays.com\/es\/wp-json\/wp\/v2\/media\/174315"}],"wp:attachment":[{"href":"https:\/\/www.europesays.com\/es\/wp-json\/wp\/v2\/media?parent=174314"}],"wp:term":[{"taxonomy":"category","embeddable":true,"href":"https:\/\/www.europesays.com\/es\/wp-json\/wp\/v2\/categories?post=174314"},{"taxonomy":"post_tag","embeddable":true,"href":"https:\/\/www.europesays.com\/es\/wp-json\/wp\/v2\/tags?post=174314"}],"curies":[{"name":"wp","href":"https:\/\/api.w.org\/{rel}","templated":true}]}}