{"id":174326,"date":"2025-10-13T16:31:08","date_gmt":"2025-10-13T16:31:08","guid":{"rendered":"https:\/\/www.europesays.com\/es\/174326\/"},"modified":"2025-10-13T16:31:08","modified_gmt":"2025-10-13T16:31:08","slug":"serradilla-urdangarin-suarez-nevado-y-martinez-novedades-en-los-hispanos","status":"publish","type":"post","link":"https:\/\/www.europesays.com\/es\/174326\/","title":{"rendered":"Serradilla, Urdangar\u00edn, Su\u00e1rez, Nevado y Mart\u00ednez, novedades en los Hispanos"},"content":{"rendered":"<p class=\"\"><b>Antonio Serradilla (1,96), <\/b>que el a\u00f1o pasado gan\u00f3 la Liga alemana y la Champions con el Magdeburg, y esta temporada act\u00faa en el Stuttugart, es una de las cinco novedades en la convocatoria de Jordi Ribera para jugar dos amistosos en Suecia. Tambi\u00e9n lo son el lateral derecho del Granollers Pablo Urdangar\u00edn, el central Natan Su\u00e1rez (Sporting de Lisboa), el pivote \u00c1lvaro Mart\u00ednez (Logro\u00f1o) y el central o lateral izquierdo Mario Nevado (Bidasoa). <\/p>\n<p class=\"\"><b>\u201cSerradilla est\u00e1 jugando en ataque y en defensa\u201d, <\/b>comentaba Jordi Ribera del lateral andaluz, destacando que su equipo \u201cpr\u00e1cticamente renuncia al pivote para atacar con cuatro laterales\u201d.<\/p>\n<p class=\"\"><b>De \u00c1lvaro Mart\u00ednez, o de Javi Rodr\u00edguez (Benfica)<\/b>, se puede decir que aprovechan la baja por lesi\u00f3n de <b>Abel Serdio<\/b>, pivote en el Wisla Plock. \u00c1lvaro ya estuvo en las listas de Ribera cuando el pivote jugaba en el Valladolid, equipo al que le marc\u00f3 11 goles de 12 lanzamientos el pasado domingo.<b> Victor Romero <\/b>tambi\u00e9n se mantiene en la lista.<\/p>\n<p class=\"\"><b>Natan Su\u00e1rez <\/b>completar\u00e1 el terceto de centrales, con los habituales, <b>Casado (Montpellier) y Tarrafeta (Nantes). <\/b>Mientras que Nevado, la pasada campa\u00f1a en el Nava, entra en la lista como lateral izquierdo, con Serradilla y<b> Gurri <\/b>(Sporting de Lisboa). En el lateral derecho, los habituales<b> \u00c1lex Dujshebaev <\/b>(Kielce), <b> Garciandia <\/b>(Pick Szeged) y otra novedad de primer calibre: <b>Pablo Urdangar\u00edn (Granollers), <\/b>que el a\u00f1o pasad\u00f2 mut\u00f3 de extremo a lateral, y se ha ganado la convocatoria.<\/p>\n<p>Noticias relacionadas<\/p>\n<p class=\"\">En la porter\u00eda, <b>Sergey Hern\u00e1ndez <\/b>(Magdeburg) y <b>Corrales <\/b>(Veszprem), y en los extremos se mantienen las dobles parejas, con tres jugadores del Bar\u00e7a,<b> Barrufet, Dani Fern\u00e1ndez y Al\u00e9ix G\u00f3mez<\/b>, y uno del Nantes, <b>Odriozola<\/b>.<\/p>\n<p class=\"\"><b>\u00a1Tus opiniones importan!<\/b> Comenta en los art\u00edculos y suscr\u00edbete gratis a nuestra <a href=\"https:\/\/asfan.as.com\/newsletters\/\" target=\"_blank\" rel=\"nofollow noopener\" title=\"https:\/\/asfan.as.com\/newsletters\/\">newsletter<\/a> y a las alertas informativas en la <a href=\"https:\/\/as.com\/aplicacion-de-as-n\/\" target=\"_blank\" rel=\"nofollow noopener\" title=\"https:\/\/as.com\/aplicacion-de-as-n\/\">App<\/a> o el canal de <a href=\"https:\/\/www.whatsapp.com\/channel\/0029VaAasdA7j6g745nz9M10\" target=\"_blank\" rel=\"nofollow noopener\" title=\"https:\/\/www.whatsapp.com\/channel\/0029VaAasdA7j6g745nz9M10\">WhatsApp<\/a>. \u00bfBuscas licenciar contenido? Haz clic <a href=\"https:\/\/profesional.elpais.com\/soluciones-sindicacion?utm_medium=interno&amp;utm_source=crosslinking&amp;utm_campaign=sindicacion_as_pie_articulos\" target=\"_blank\" rel=\"nofollow noopener\" title=\"https:\/\/profesional.elpais.com\/soluciones-sindicacion?utm_medium=interno&amp;utm_source=crosslinking&amp;utm_campaign=sindicacion_as_pie_articulos\">aqu\u00ed<\/a><\/p>\n","protected":false},"excerpt":{"rendered":"Antonio Serradilla (1,96), que el a\u00f1o pasado gan\u00f3 la Liga alemana y la Champions con el Magdeburg, y&hellip;\n","protected":false},"author":2,"featured_media":174327,"comment_status":"","ping_status":"","sticky":false,"template":"","format":"standard","meta":{"footnotes":""},"categories":[278],"tags":[376,168,25,24,375,23,167],"class_list":{"0":"post-174326","1":"post","2":"type-post","3":"status-publish","4":"format-standard","5":"has-post-thumbnail","7":"category-balonmano","8":"tag-balonmano","9":"tag-deportes","10":"tag-es","11":"tag-espana","12":"tag-handball","13":"tag-spain","14":"tag-sports"},"share_on_mastodon":{"url":"","error":""},"_links":{"self":[{"href":"https:\/\/www.europesays.com\/es\/wp-json\/wp\/v2\/posts\/174326","targetHints":{"allow":["GET"]}}],"collection":[{"href":"https:\/\/www.europesays.com\/es\/wp-json\/wp\/v2\/posts"}],"about":[{"href":"https:\/\/www.europesays.com\/es\/wp-json\/wp\/v2\/types\/post"}],"author":[{"embeddable":true,"href":"https:\/\/www.europesays.com\/es\/wp-json\/wp\/v2\/users\/2"}],"replies":[{"embeddable":true,"href":"https:\/\/www.europesays.com\/es\/wp-json\/wp\/v2\/comments?post=174326"}],"version-history":[{"count":0,"href":"https:\/\/www.europesays.com\/es\/wp-json\/wp\/v2\/posts\/174326\/revisions"}],"wp:featuredmedia":[{"embeddable":true,"href":"https:\/\/www.europesays.com\/es\/wp-json\/wp\/v2\/media\/174327"}],"wp:attachment":[{"href":"https:\/\/www.europesays.com\/es\/wp-json\/wp\/v2\/media?parent=174326"}],"wp:term":[{"taxonomy":"category","embeddable":true,"href":"https:\/\/www.europesays.com\/es\/wp-json\/wp\/v2\/categories?post=174326"},{"taxonomy":"post_tag","embeddable":true,"href":"https:\/\/www.europesays.com\/es\/wp-json\/wp\/v2\/tags?post=174326"}],"curies":[{"name":"wp","href":"https:\/\/api.w.org\/{rel}","templated":true}]}}