{"id":174328,"date":"2025-10-13T16:32:08","date_gmt":"2025-10-13T16:32:08","guid":{"rendered":"https:\/\/www.europesays.com\/es\/174328\/"},"modified":"2025-10-13T16:32:08","modified_gmt":"2025-10-13T16:32:08","slug":"el-cid-volteado-por-el-primero-en-el-festival-de-sevilla","status":"publish","type":"post","link":"https:\/\/www.europesays.com\/es\/174328\/","title":{"rendered":"El Cid, volteado por el primero en el festival de Sevilla"},"content":{"rendered":"<p>Abri\u00f3 plaza un novillo de <strong>Espartaco<\/strong> de bonitas hechuras. <strong>El Cid<\/strong> lo recibi\u00f3 con un ramillete de lances limpios y templados. Al llevarlo al caballo fue prendido y volteado de forma aparatosa, aunque sin consecuencias. El toro aparent\u00f3 tener problemas en la vista. Recibi\u00f3 dos puyazos sin emplearse. Prob\u00f3 las condiciones del animal en una primera tanda con la derecha. Le midi\u00f3 mucho el novillo y aguant\u00f3 <strong>El Cid<\/strong>. Por la izquierda se le venci\u00f3 con peligro. Volvi\u00f3 a la derecha ya con el utrero rajado y parado. Lo exprimi\u00f3 con muletazos sueltos y buenos de pecho. Lo mat\u00f3 de estocada corta tendida.<\/p>\n<p><strong>Sevilla<\/strong>, lunes 13 de octubre de 2025. Festival homenaje a la dinast\u00eda <strong>V\u00e1zquez<\/strong> y a beneficio de la bolsa de caridad de la Hermandad de San Bernardo y la Hermandad del Amor. Novillos, por orden de lidia, de <strong>Espartaco<\/strong> (1\u00ba y 5\u00ba), <strong>Domingo<\/strong> <strong>Hern\u00e1ndez<\/strong> (2\u00ba y 3\u00ba), <strong>Talavante<\/strong> (4\u00ba y 6\u00ba) y <strong>El<\/strong> <strong>Parralejo<\/strong> (7\u00ba). <strong>Manuel Jes\u00fas \u00abEl Cid\u00bb<\/strong>, ovaci\u00f3n con saludos;<strong> Alejandro Talavante, Juan Ortega, Pablo Aguado, Manolo V\u00e1zquez, Javier Zulueta<\/strong> y el novillero sin picadores\u00a0<strong>Manuel Dom\u00ednguez<\/strong>. <strong>Entrada:<\/strong> Lleno de \u00abNo hay billetes\u00bb.<\/p>\n","protected":false},"excerpt":{"rendered":"Abri\u00f3 plaza un novillo de Espartaco de bonitas hechuras. El Cid lo recibi\u00f3 con un ramillete de lances&hellip;\n","protected":false},"author":2,"featured_media":174329,"comment_status":"","ping_status":"","sticky":false,"template":"","format":"standard","meta":{"footnotes":""},"categories":[277],"tags":[45,13726,373,168,37051,23147,50133,25,24,50134,19178,4035,50135,50136,4037,1171,23,167,6142,374],"class_list":{"0":"post-174328","1":"post","2":"type-post","3":"status-publish","4":"format-standard","5":"has-post-thumbnail","7":"category-toreo","8":"tag-45","9":"tag-alejandro-talavante","10":"tag-bullfighting","11":"tag-deportes","12":"tag-domingo-hernandez","13":"tag-el-cid","14":"tag-el-parralejo","15":"tag-es","16":"tag-espana","17":"tag-espartaco","18":"tag-javier-zulueta","19":"tag-juan-ortega","20":"tag-manolo-vazquez","21":"tag-manuel-dominguez","22":"tag-pablo-aguado","23":"tag-sevilla","24":"tag-spain","25":"tag-sports","26":"tag-talavante","27":"tag-toreo"},"share_on_mastodon":{"url":"","error":""},"_links":{"self":[{"href":"https:\/\/www.europesays.com\/es\/wp-json\/wp\/v2\/posts\/174328","targetHints":{"allow":["GET"]}}],"collection":[{"href":"https:\/\/www.europesays.com\/es\/wp-json\/wp\/v2\/posts"}],"about":[{"href":"https:\/\/www.europesays.com\/es\/wp-json\/wp\/v2\/types\/post"}],"author":[{"embeddable":true,"href":"https:\/\/www.europesays.com\/es\/wp-json\/wp\/v2\/users\/2"}],"replies":[{"embeddable":true,"href":"https:\/\/www.europesays.com\/es\/wp-json\/wp\/v2\/comments?post=174328"}],"version-history":[{"count":0,"href":"https:\/\/www.europesays.com\/es\/wp-json\/wp\/v2\/posts\/174328\/revisions"}],"wp:featuredmedia":[{"embeddable":true,"href":"https:\/\/www.europesays.com\/es\/wp-json\/wp\/v2\/media\/174329"}],"wp:attachment":[{"href":"https:\/\/www.europesays.com\/es\/wp-json\/wp\/v2\/media?parent=174328"}],"wp:term":[{"taxonomy":"category","embeddable":true,"href":"https:\/\/www.europesays.com\/es\/wp-json\/wp\/v2\/categories?post=174328"},{"taxonomy":"post_tag","embeddable":true,"href":"https:\/\/www.europesays.com\/es\/wp-json\/wp\/v2\/tags?post=174328"}],"curies":[{"name":"wp","href":"https:\/\/api.w.org\/{rel}","templated":true}]}}