{"id":174343,"date":"2025-10-13T16:43:09","date_gmt":"2025-10-13T16:43:09","guid":{"rendered":"https:\/\/www.europesays.com\/es\/174343\/"},"modified":"2025-10-13T16:43:09","modified_gmt":"2025-10-13T16:43:09","slug":"hemos-encontrado-la-novela-de-suspense-de-menos-de-300-paginas-que-esta-entre-las-mas-vendidas-de-octubre-y-que-recuerda-a-los-libros-de-javier-castillo","status":"publish","type":"post","link":"https:\/\/www.europesays.com\/es\/174343\/","title":{"rendered":"Hemos encontrado la novela de suspense, de menos de 300 p\u00e1ginas, que est\u00e1 entre las m\u00e1s vendidas de octubre y que recuerda a los libros de Javier Castillo"},"content":{"rendered":"<p data-journey-content=\"true\" data-node-id=\"3\" class=\"body-dropcap css-x7ayhf emevuu60\">Una de las cosas que m\u00e1s nos gusta cuando cae en nuestras manos una novela de suspense es que nos permite jugar a ser detectives. Si la trama est\u00e1 bien armada, adem\u00e1s, este tipo de relatos logran engancharnos y nos obligan a seguir hasta que descubrimos a esa mente retorcida que suele estar detr\u00e1s de los sucesos que se narran. <a href=\"https:\/\/www.cosmopolitan.com\/es\/entretenimiento-cultura\/a64668114\/dolores-redondo-escritora-entrevista\/\" data-vars-ga-outbound-link=\"https:\/\/www.cosmopolitan.com\/es\/entretenimiento-cultura\/a64668114\/dolores-redondo-escritora-entrevista\/\" data-vars-ga-ux-element=\"Hyperlink\" data-vars-ga-call-to-action=\"Dolores Redondo\" data-node-id=\"3.1\" class=\"body-link css-103hk4r emevuu60\" rel=\"nofollow noopener\" target=\"_blank\">Dolores Redondo<\/a> o Javier Castillo son dos de nuestros autores nacionales que son aut\u00e9nticos expertos en abducirnos cuando empezamos a leer sus novelas, pero no son los \u00fanicos. Estos suelen estar siempre en las listas de m\u00e1s vendidos y, a veces, la comparten con otros autores que quiz\u00e1s no ten\u00edamos en el radar y que pueden resultar interesantes. <\/p>\n<p data-journey-content=\"true\" data-node-id=\"6\" class=\"css-6wxqfj emevuu60\">Nos pas\u00f3 hace poco con &#8216;El brillo de las luci\u00e9rnagas&#8217; o <a href=\"https:\/\/www.cosmopolitan.com\/es\/entretenimiento-cultura\/a66060916\/novela-de-suspense-el-canto-de-los-grillos\/\" data-vars-ga-outbound-link=\"https:\/\/www.cosmopolitan.com\/es\/entretenimiento-cultura\/a66060916\/novela-de-suspense-el-canto-de-los-grillos\/\" data-vars-ga-ux-element=\"Hyperlink\" data-vars-ga-call-to-action=\"&#039;El canto de los grillos&#039;, \" data-node-id=\"6.1\" class=\"body-link css-103hk4r emevuu60\" rel=\"nofollow noopener\" target=\"_blank\">&#8216;El canto de los grillos&#8217;, <\/a>de Paul Pen, y con otro relato del que vamos a hablarte y es que hemos encontrado la novela de suspense, de menos de 300 p\u00e1ginas, que est\u00e1 entre las m\u00e1s vendidas de octubre y que puede recordar a los libros de Javier Castillo. Como ocurre en &#8216;La chica de nieve&#8217; de este autor, novela en la que Kiera desaparec\u00eda sin dejar rastro durante la cabalgata de Acci\u00f3n de Gracias de Nueva York, la trama de esta otra obra nos lleva hasta la Nochebuena, festividad en la que una adolescente llamada Nerea se esfuma. Unos d\u00edas despu\u00e9s, aparece el cuerpo de una joven muerta en el monte, el cad\u00e1ver est\u00e1 en mal estado, pero no es esta chica y, adem\u00e1s, la autopsia lanza detalles muy oscuros. Una unidad de la Guardia Civil se encargar\u00e1 del caso, concretamente, la sargento Gloria Torres y el capit\u00e1n Juan V\u00e1zquez, cuya misi\u00f3n es descubrir la identidad de la chica fallecida, ver si est\u00e1 conectada con otro crimen del pasado y, por supuesto, dar con Nerea.<\/p>\n<p>&#8216;Los hu\u00e9rfanos&#8217;<\/p>\n<p><a target=\"_blank\" rel=\"nofollow noopener\" data-theme-key=\"product-image-wrapper\" href=\"https:\/\/www.amazon.es\/dp\/B0CPZD7L1W?tag=cosmospain-21\" aria-label=\"3\u00a0\u20ac en Amazon for &#039;Los hu\u00e9rfanos&#039;\" data-href=\"https:\/\/www.amazon.es\/dp\/B0CPZD7L1W\" data-product-url=\"https:\/\/www.amazon.es\/dp\/B0CPZD7L1W\" data-affiliate=\"true\" data-affiliate-url=\"https:\/\/www.amazon.es\/dp\/B0CPZD7L1W?tag=cosmospain-21\" data-affiliate-network=\"{&quot;afflink_redirect&quot;:&quot;\/_p\/afflink\/ycJs\/amazon-los-huerfanos-una-novela-negra&quot;,&quot;site_id&quot;:&quot;12011353-0ac8-495b-87d1-541056f96655&quot;,&quot;network&quot;:{&quot;name&quot;:&quot;Amazon&quot;},&quot;metadata&quot;:{&quot;links&quot;:{&quot;default&quot;:&quot;https:\/\/www.amazon.es\/dp\/B0CPZD7L1W?tag=cosmospain-21&quot;}}}\" data-vars-ga-call-to-action=\"3\u00a0\u20ac en Amazon\" data-vars-ga-media-role=\"\" data-vars-ga-media-type=\"Single Product Embed\" data-vars-ga-outbound-link=\"https:\/\/www.amazon.es\/dp\/B0CPZD7L1W\" data-vars-ga-product-id=\"ec1ad964-8f2c-42f7-836a-c384520d0900\" data-vars-ga-product-price=\"2,69\u00a0\u20ac\" data-vars-ga-product-retailer-id=\"0153462b-2c53-4f52-bed4-f1abec1875aa\" data-vars-ga-product-sem3-category=\"Novelas juveniles sobre la ley y el crimen\" data-vars-ga-link-treatment=\"(not set) | (not set)\" data-vars-ga-sku=\"B0CPZD7L1W\" data-vars-ga-magento-tracking=\"1\" class=\"product-image-link ebgq4gw2 e1b8bpvs0 css-g6od0w e1c1bym14\"><img  alt=\"'Los hu\u00e9rfanos'\" title=\"'Los hu\u00e9rfanos'\" src=\"https:\/\/www.europesays.com\/es\/wp-content\/uploads\/2025\/10\/1759997558-71cQ8iM8zL.jpg\" width=\"1560\" height=\"2560\" decoding=\"async\" loading=\"lazy\"\/><\/a><\/p>\n<p data-journey-content=\"true\" data-node-id=\"9\" class=\"css-6wxqfj emevuu60\">&#8216;Los hu\u00e9rfanos&#8217;, que as\u00ed se titula esta novela escrita por \u00c1ngel Fern\u00e1ndez, figura como una de las m\u00e1s vendidas en Amazon en su versi\u00f3n para Kindle. \u00abHa sido una sorpresa gratificante. Me he olvidado de todo mientras estaba inmersa en la trama\u00bb, asegura una lectora. \u00abEngancha desde el primer momento. No puedes dejar de leer\u00bb, confirma otra. Los fans de este autor destacan su ritmo \u00e1gil y f\u00e1cil lectura, adem\u00e1s de sus personajes interesantes y la capacidad del autor para crear una intriga llena de giros que te genera esa sensaci\u00f3n de querer m\u00e1s. Lo mejor es que esta es la primera parte de una colecci\u00f3n que sigue con &#8216;Los nietos&#8217;, &#8216;Las novias&#8217; y &#8216;Los herederos&#8217;, con casos igual de impactantes como este con el que arranc\u00f3 la saga.<\/p>\n<p><img src=\"https:\/\/www.europesays.com\/es\/wp-content\/uploads\/2025\/10\/1760373789_199_e1694454-d386-417e-a277-82b27730d178_1561538111.jpg\" alt=\"Headshot of Marieta Taibo\" title=\"Headshot of Marieta Taibo\" width=\"100%\" height=\"100%\" decoding=\"async\" loading=\"lazy\" class=\"css-o0wq4v ev8dhu53\"\/><\/p>\n<p><a href=\"https:\/\/www.linkedin.com\/in\/marieta-taibo-gonz%C3%A1lez-88563485\/?originalSubdomain=es\" rel=\"nofollow noopener\" target=\"_blank\">Marieta Taib\u00f3 <\/a>es editora de actualidad y cultura en Cosmopolitan y experta cine y series de televisi\u00f3n desde hace m\u00e1s de una d\u00e9cada. Cuando no est\u00e1 escribiendo, la encontrar\u00e1s delante de la pantalla analizando los \u00faltimos estrenos de Netflix, Prime Video, HBO Max, Disney+ y el resto de plataformas en \u2018streaming\u2019 para recomendar aquellos t\u00edtulos interesantes o que lo van a petar. Entre cr\u00edtica y noticias de ficci\u00f3n televisiva, entrevista a actores. En su grabadora encontrar\u00e1s charlas de sus entrevistas con Blanca Su\u00e1rez, Mario Casas, \u00darsula Corber\u00f3, Ana de Armas, Miguel \u00c1ngel Silvestre, Leonardo Sbaraglia, Lily Collins, s\u00ed, \u2018Emily in Paris\u2019 o Christina Hendricks, la pelirroja de \u2018Mad Men\u2019, por citar algunos nombres. Fuera de la pantalla, adem\u00e1s, te recomendar\u00e1 los mejores planes de ocio y gastro. En otras etapas profesionales, tambi\u00e9n ha escrito de moda y belleza. De hecho, es autora del ensayo \u2018La cara secreta del negocio de la belleza\u2019, de la editorial Almuzara. Marieta Taibo es Licenciada en periodismo por la Universidad Complutense de Madrid y cuenta con el Curso Superior de Marketing y Comunicaci\u00f3n de Moda y Lujo de la revista Elle y la Universidad Complutense. Sus primeros pasos como redactora fueron en la secci\u00f3n de econom\u00eda de La revista de actualidad La Clave hasta que dio el salto a la de sociedad y cultura, su verdadera pasi\u00f3n. Posteriormente, trabaj\u00f3 en El Confidencial, y luego en la revista femenina AR como coordinadora de la agenda cultural y cabeza de la secci\u00f3n de cine. De ah\u00ed, dio el salto a las revistas Supertele y TP y en ellas estuvo diez a\u00f1os escribiendo de pel\u00edculas y series, labor que compaginaba como colaboradora de la revista Babylon Magazine haciendo reportajes en profundidad sobre cultura, hasta que lleg\u00f3 a Cosmopolitan hace seis a\u00f1os.<\/p>\n","protected":false},"excerpt":{"rendered":"Una de las cosas que m\u00e1s nos gusta cuando cae en nuestras manos una novela de suspense es&hellip;\n","protected":false},"author":2,"featured_media":174344,"comment_status":"","ping_status":"","sticky":false,"template":"","format":"standard","meta":{"footnotes":""},"categories":[172],"tags":[224,253,146,147,25,24,225,23],"class_list":{"0":"post-174343","1":"post","2":"type-post","3":"status-publish","4":"format-standard","5":"has-post-thumbnail","7":"category-libros","8":"tag-books","9":"tag-discover","10":"tag-entertainment","11":"tag-entretenimiento","12":"tag-es","13":"tag-espana","14":"tag-libros","15":"tag-spain"},"share_on_mastodon":{"url":"","error":""},"_links":{"self":[{"href":"https:\/\/www.europesays.com\/es\/wp-json\/wp\/v2\/posts\/174343","targetHints":{"allow":["GET"]}}],"collection":[{"href":"https:\/\/www.europesays.com\/es\/wp-json\/wp\/v2\/posts"}],"about":[{"href":"https:\/\/www.europesays.com\/es\/wp-json\/wp\/v2\/types\/post"}],"author":[{"embeddable":true,"href":"https:\/\/www.europesays.com\/es\/wp-json\/wp\/v2\/users\/2"}],"replies":[{"embeddable":true,"href":"https:\/\/www.europesays.com\/es\/wp-json\/wp\/v2\/comments?post=174343"}],"version-history":[{"count":0,"href":"https:\/\/www.europesays.com\/es\/wp-json\/wp\/v2\/posts\/174343\/revisions"}],"wp:featuredmedia":[{"embeddable":true,"href":"https:\/\/www.europesays.com\/es\/wp-json\/wp\/v2\/media\/174344"}],"wp:attachment":[{"href":"https:\/\/www.europesays.com\/es\/wp-json\/wp\/v2\/media?parent=174343"}],"wp:term":[{"taxonomy":"category","embeddable":true,"href":"https:\/\/www.europesays.com\/es\/wp-json\/wp\/v2\/categories?post=174343"},{"taxonomy":"post_tag","embeddable":true,"href":"https:\/\/www.europesays.com\/es\/wp-json\/wp\/v2\/tags?post=174343"}],"curies":[{"name":"wp","href":"https:\/\/api.w.org\/{rel}","templated":true}]}}