{"id":174345,"date":"2025-10-13T16:44:08","date_gmt":"2025-10-13T16:44:08","guid":{"rendered":"https:\/\/www.europesays.com\/es\/174345\/"},"modified":"2025-10-13T16:44:08","modified_gmt":"2025-10-13T16:44:08","slug":"jj-vaquero-regresa-hoy-lunes-a-el-hormiguero-y-habla-claro-sobre-su-salida-lo-que-yo-proponia-no-estaba-habian-elegido-siempre-lo-de-otros-companeros","status":"publish","type":"post","link":"https:\/\/www.europesays.com\/es\/174345\/","title":{"rendered":"JJ Vaquero regresa hoy lunes a &#8216;El Hormiguero&#8217; y habla claro sobre su salida: \u00abLo que yo propon\u00eda no estaba. Hab\u00edan elegido siempre lo de otros compa\u00f1eros\u00bb"},"content":{"rendered":"<p class=\"v-mdl-ath__p v-mdl-ath__p--6\">\nLunes, 13 de octubre 2025, 17:32<\/p>\n<p class=\"v-p\"><a href=\"https:\/\/www.lasprovincias.es\/culturas\/tv\/invitados-hormiguero-famosa-presentadora-dos-comicos-dos-20251012012025-nt.html\" target=\"_blank\" title=\"www.lasprovincias.es\" data-voc-vtm-id=\"in-text-traffic\" data-mrf-link=\"www.lasprovincias.es\" rel=\"nofollow noopener\">&#8216;El Hormiguero&#8217;<\/a> comienza una nueva semana televisiva con el foco puesto en liderar el ranking de audiencias dentro de la franja del access prime time por delante de sus rivales de la parrilla como <a href=\"https:\/\/www.lasprovincias.es\/culturas\/tv\/broncano-compra-c15-espectador-revuelta-quiero-vacilar-20251007225924-nt.html\" target=\"_blank\" title=\"www.lasprovincias.es\" data-voc-vtm-id=\"in-text-traffic\" data-mrf-link=\"www.lasprovincias.es\" rel=\"nofollow noopener\">&#8216;La Revuelta&#8217;<\/a>. Para lograr su objetivo, el programa cuenta con una serie de invitados que visitan a <a href=\"https:\/\/www.lasprovincias.es\/culturas\/tv\/ana-mena-sorprende-hormiguero-popular-cancion-odia-20251008012507-nt.html\" target=\"_blank\" title=\"www.lasprovincias.es\" data-voc-vtm-id=\"in-text-traffic\" data-mrf-link=\"www.lasprovincias.es\" rel=\"nofollow noopener\">Pablo Motos<\/a> para presentar sus proyectos y charlar sobre la actualidad nacional e internacional.<\/p>\n<p class=\"v-p\">Este lunes 13 de octubre, <a href=\"https:\/\/www.lasprovincias.es\/culturas\/tv\/experiencia-nuria-roca-juan-val-setas-alucinogenas-20251010143953-nt.html\" target=\"_blank\" title=\"www.lasprovincias.es\" data-voc-vtm-id=\"in-text-traffic\" data-mrf-link=\"www.lasprovincias.es\" rel=\"nofollow noopener\">el espacio de Antena 3<\/a> recibe la visita de JJ Vaquero junto a Goyo Jim\u00e9nez, dos humoristas que van a presentar su nueva pel\u00edcula, &#8216;Suj\u00e9tame el cubata&#8217;. Nacido en Valladolid, Jos\u00e9 Juan Vaquero (51 a\u00f1os) es uno de los humoristas m\u00e1s conocidos del panorama nacional.<\/p>\n<p class=\"v-p\">Monologuista de &#8216;El Club de la Comedia&#8217;, tambi\u00e9n ha grabado varios mon\u00f3logos para Comedy Central y &#8216;El Hormiguero&#8217;, entre otros. En su juventud, se dedic\u00f3 profesionalmente al culturismo. Ahora, adem\u00e1s de ejercer como c\u00f3mico, practica el levantamiento de peso muerto, conocido como &#8216;powerlifting&#8217;.<\/p>\n<p class=\"v-p\">JJ Vaquero ha trabajado como guionista de &#8216;El Hormiguero&#8217; desde 2009 hasta finales de 2021. Una etapa de su vida profesional llena de aspectos positivos, hasta que lleg\u00f3 un punto en el que la continuidad no era posible.<\/p>\n<p class=\"v-p\">\u00abLleg\u00f3 un momento en el que curraba desde Valladolid, porque yo lo ped\u00ed. Intentaba ayudar al programa, pero d\u00eda tras d\u00eda ve\u00eda que lo que propon\u00eda no estaba\u00bb. Habian elegido siempre lo de otros compa\u00f1eros\u00bb, explic\u00f3 en el podcast &#8216;Butaca 106&#8217;.<\/p>\n<p class=\"v-p\">Sus labores de guionista en el espacio de Antena 3 provocaron que en alguna ocasi\u00f3n fuera protagonista en pantalla. \u00abAl dejar de ser guionista, yo en pantalla nunca fui un habitual, pero cuando estaba all\u00ed ten\u00edan la opci\u00f3n de que yo pudiera hacer un mon\u00f3logo\u00bb, explicaba.<\/p>\n<p class=\"v-p\">Dejar &#8216;El Hormiguero&#8217; no fue una decisi\u00f3n f\u00e1cil, pero Vaquero quer\u00eda apostar por su familia y por otros proyectos que hab\u00eda emprendido en Valladolid. Por otra parte, este verano, el vallisoletano fue protagonista por el fracaso de un proyecto en el que estaba inmerso.<\/p>\n<p class=\"v-p\">RTVE pens\u00f3 en un programa llamado &#8216;La Garita&#8217; como sustituto de &#8216;La Revuelta&#8217; en la etapa estival, un formato en el que el vallisoletano y \u00c1lex Clavero repasaban los archivos de la cadena en clave de humor, pero este no funcion\u00f3.<\/p>\n<p>Reporta un error<\/p>\n","protected":false},"excerpt":{"rendered":"Lunes, 13 de octubre 2025, 17:32 &#8216;El Hormiguero&#8217; comienza una nueva semana televisiva con el foco puesto en&hellip;\n","protected":false},"author":2,"featured_media":174346,"comment_status":"","ping_status":"","sticky":false,"template":"","format":"standard","meta":{"footnotes":""},"categories":[171],"tags":[146,147,25,24,50137,17775,315,10783,11672,1051,23,214],"class_list":{"0":"post-174345","1":"post","2":"type-post","3":"status-publish","4":"format-standard","5":"has-post-thumbnail","7":"category-tv","8":"tag-entertainment","9":"tag-entretenimiento","10":"tag-es","11":"tag-espana","12":"tag-goyo","13":"tag-hormiguero","14":"tag-hoy","15":"tag-invitado","16":"tag-jimenez","17":"tag-lunes","18":"tag-spain","19":"tag-tv"},"share_on_mastodon":{"url":"","error":""},"_links":{"self":[{"href":"https:\/\/www.europesays.com\/es\/wp-json\/wp\/v2\/posts\/174345","targetHints":{"allow":["GET"]}}],"collection":[{"href":"https:\/\/www.europesays.com\/es\/wp-json\/wp\/v2\/posts"}],"about":[{"href":"https:\/\/www.europesays.com\/es\/wp-json\/wp\/v2\/types\/post"}],"author":[{"embeddable":true,"href":"https:\/\/www.europesays.com\/es\/wp-json\/wp\/v2\/users\/2"}],"replies":[{"embeddable":true,"href":"https:\/\/www.europesays.com\/es\/wp-json\/wp\/v2\/comments?post=174345"}],"version-history":[{"count":0,"href":"https:\/\/www.europesays.com\/es\/wp-json\/wp\/v2\/posts\/174345\/revisions"}],"wp:featuredmedia":[{"embeddable":true,"href":"https:\/\/www.europesays.com\/es\/wp-json\/wp\/v2\/media\/174346"}],"wp:attachment":[{"href":"https:\/\/www.europesays.com\/es\/wp-json\/wp\/v2\/media?parent=174345"}],"wp:term":[{"taxonomy":"category","embeddable":true,"href":"https:\/\/www.europesays.com\/es\/wp-json\/wp\/v2\/categories?post=174345"},{"taxonomy":"post_tag","embeddable":true,"href":"https:\/\/www.europesays.com\/es\/wp-json\/wp\/v2\/tags?post=174345"}],"curies":[{"name":"wp","href":"https:\/\/api.w.org\/{rel}","templated":true}]}}