{"id":174350,"date":"2025-10-13T16:47:15","date_gmt":"2025-10-13T16:47:15","guid":{"rendered":"https:\/\/www.europesays.com\/es\/174350\/"},"modified":"2025-10-13T16:47:15","modified_gmt":"2025-10-13T16:47:15","slug":"asi-queda-conformado-el-cuerpo-tecnico-de-emilio-larraz-en-el-real-zaragoza","status":"publish","type":"post","link":"https:\/\/www.europesays.com\/es\/174350\/","title":{"rendered":"As\u00ed queda conformado el cuerpo t\u00e9cnico de Emilio Larraz en el Real Zaragoza"},"content":{"rendered":"<p>            As\u00ed queda conformado el cuerpo t\u00e9cnico de Emilio Larraz en el Real Zaragoza                <\/p>\n<p>As\u00ed queda conformado el cuerpo t\u00e9cnico de Emilio Larraz en el Real Zaragoza<\/p>\n<p class=\"epigraph\">La promoci\u00f3n tambi\u00e9n de Chente Pueyo como segundo entrenador y de Joaqu\u00edn Moso como preparador de porteros son las dos grandes novedades<\/p>\n<p class=\"paragraph\"><a href=\"https:\/\/www.heraldo.es\/noticias\/deportes\/futbol\/real-zaragoza\/2025\/10\/13\/emilio-larraz-toma-el-mando-del-real-zaragoza-1861541.html\" title=\"Emilio Larraz toma el mando del Real Zaragoza\" rel=\"nofollow noopener\" target=\"_blank\">La promoci\u00f3n de Emilio Larraz<\/a> al primer equipo del Real Zaragoza y la salida del Gabi y sus cinco ayudantes ha obligado al club a reconfigurar el cuerpo t\u00e9cnico. Las dos grandes novedades son la promoci\u00f3n tambi\u00e9n de Chente Pueyo, mano derecha de Larraz en el Deportivo Arag\u00f3n, y de Joaqu\u00edn Moso, entrenador de porteros. S<b>iguen del cuerpo t\u00e9cnico anterior tanto Miki Lampre, ahora como preparador f\u00edsico principal, y Pablo Qu\u00edlez, analista y preparador tambi\u00e9n.  Tambi\u00e9n contin\u00faa el psic\u00f3logo Jes\u00fas Cabrero.<\/b><\/p>\n<p>            Conforme a los criterios de<br \/>\n            <a class=\"trustproject_img\" id=\"trustproject_img\" href=\"https:\/\/thetrustproject.org\/\" target=\"_blank\" rel=\"nofollow noopener\" aria-label=\"Trust Project\"><img decoding=\"async\" loading=\"lazy\" src=\"https:\/\/www.heraldo.es\/images\/Trust-Logo-Horizontal.svg\" alt=\"Logo Trust Project\" width=\"200\" height=\"34\"\/><\/a><\/p>\n<p>        <a href=\"https:\/\/www.henneo.com\/\" title=\"Grupo Henneo\" class=\"logo\" rel=\"nofollow noopener\" target=\"_blank\"><br \/>\n            <img decoding=\"async\" src=\"https:\/\/www.heraldo.es\/images\/logo_henneo_gris.svg\" alt=\"Logo Henneo\" width=\"559\" height=\"389\" loading=\"lazy\"\/><br \/>\n        <\/a><\/p>\n<p>\u00a9 HERALDO DE ARAGON EDITORA, S.L.U.<br \/>Tel\u00e9fono 976 765 000 \/ &#8211; P\u00ba. Independencia, 29, 50001 Zaragoza &#8211; CIF: B99288763 &#8211; Inscrita en el Registro Mercantil de Zaragoza al Tomo 3796, Libro 0, Folio 177, Secci\u00f3n 8, Hoja Z-50564<br \/>Queda prohibida toda reproducci\u00f3n sin permiso escrito de la empresa a los efectos del art\u00edculo 32.1, p\u00e1rrafo segundo, de la Ley de Propiedad Intelectual<\/p>\n<p>\n                P\u00ba Independencia, 29, 50001 Zaragoza<br \/> Tel\u00e9fono 976 765 000\n            <\/p>\n<p>                    Actualmente tu navegador no permite ejecutar JavaScript. Para poder disfrutar de nuestro contenido es necesario que lo permita.<br \/>\n                                        <img decoding=\"async\" loading=\"lazy\" alt=\"Heraldo logo\" src=\"https:\/\/dkumiip2e9ary.cloudfront.net\/xalok\/heraldo\/especiales\/hola-de-nuevo\/logo-heraldo.svg\" width=\"215\" height=\"43\"\/><\/p>\n","protected":false},"excerpt":{"rendered":"As\u00ed queda conformado el cuerpo t\u00e9cnico de Emilio Larraz en el Real Zaragoza As\u00ed queda conformado el cuerpo&hellip;\n","protected":false},"author":2,"featured_media":174351,"comment_status":"","ping_status":"","sticky":false,"template":"","format":"standard","meta":{"footnotes":""},"categories":[93],"tags":[50138,168,13836,25,24,48386,23,167,4059,491],"class_list":{"0":"post-174350","1":"post","2":"type-post","3":"status-publish","4":"format-standard","5":"has-post-thumbnail","7":"category-deportes","8":"tag-conformado","9":"tag-deportes","10":"tag-emilio","11":"tag-es","12":"tag-espana","13":"tag-larraz","14":"tag-spain","15":"tag-sports","16":"tag-tecnico","17":"tag-zaragoza"},"share_on_mastodon":{"url":"","error":""},"_links":{"self":[{"href":"https:\/\/www.europesays.com\/es\/wp-json\/wp\/v2\/posts\/174350","targetHints":{"allow":["GET"]}}],"collection":[{"href":"https:\/\/www.europesays.com\/es\/wp-json\/wp\/v2\/posts"}],"about":[{"href":"https:\/\/www.europesays.com\/es\/wp-json\/wp\/v2\/types\/post"}],"author":[{"embeddable":true,"href":"https:\/\/www.europesays.com\/es\/wp-json\/wp\/v2\/users\/2"}],"replies":[{"embeddable":true,"href":"https:\/\/www.europesays.com\/es\/wp-json\/wp\/v2\/comments?post=174350"}],"version-history":[{"count":0,"href":"https:\/\/www.europesays.com\/es\/wp-json\/wp\/v2\/posts\/174350\/revisions"}],"wp:featuredmedia":[{"embeddable":true,"href":"https:\/\/www.europesays.com\/es\/wp-json\/wp\/v2\/media\/174351"}],"wp:attachment":[{"href":"https:\/\/www.europesays.com\/es\/wp-json\/wp\/v2\/media?parent=174350"}],"wp:term":[{"taxonomy":"category","embeddable":true,"href":"https:\/\/www.europesays.com\/es\/wp-json\/wp\/v2\/categories?post=174350"},{"taxonomy":"post_tag","embeddable":true,"href":"https:\/\/www.europesays.com\/es\/wp-json\/wp\/v2\/tags?post=174350"}],"curies":[{"name":"wp","href":"https:\/\/api.w.org\/{rel}","templated":true}]}}