{"id":174386,"date":"2025-10-13T17:07:10","date_gmt":"2025-10-13T17:07:10","guid":{"rendered":"https:\/\/www.europesays.com\/es\/174386\/"},"modified":"2025-10-13T17:07:10","modified_gmt":"2025-10-13T17:07:10","slug":"la-granja-vip-en-vivo-hoy-alfredo-adame-duerme-con-las-vacas-y-se-hace-viral-su-platica-con-ellas","status":"publish","type":"post","link":"https:\/\/www.europesays.com\/es\/174386\/","title":{"rendered":"La Granja VIP en vivo hoy: Alfredo Adame duerme con las vacas y se hace viral su pl\u00e1tica con ellas"},"content":{"rendered":"<p>\u00bfD\u00f3nde ver La Granja VIP en vivo 24\/7?<\/p>\n<p class=\"paragraph\">Cada d\u00eda, a partir de este<b>12 de octubre,<\/b>est\u00e1 asignado a actividades clave para la competencia. Las semanas inician con la gala principal y la eliminaci\u00f3n, transmitidas los domingos a las 8:00 p.m. por<b>Azteca Uno<\/b>.<\/p>\n<p class=\"paragraph\">Sin embargo, la experiencia se ampl\u00eda con la transmisi\u00f3n 24\/7 v\u00eda <b>Disney+<\/b>. <\/p>\n<p class=\"paragraph\">Esta plataforma ofrece acceso continuo a las c\u00e1maras de la granja, garantizando que los suscriptores puedan atestiguar cada conversaci\u00f3n, estrategia, discusi\u00f3n o tarea f\u00edsica conforme suceden fuera del horario habitual de prime time en<b>tiempo real, sin cortes ni pausas, de lunes a domingo.<\/b><\/p>\n<p>Alfredo Adame duerme con las vacas y se hace viral su pl\u00e1tica con ellas<\/p>\n<p class=\"paragraph\">\u201cPrefiero estas con ustedes, que con toda esa bola de gente\u2026mala\u201d, Alfredo Adame, 2025. <\/p>\n<p><img alt=\"La Granja VIP en vivo\" class=\"global-image\" decoding=\"async\" fetchpriority=\"low\" height=\"1080\" loading=\"lazy\" src=\"https:\/\/www.europesays.com\/es\/wp-content\/uploads\/2025\/10\/ZP56K6DWSVHMBGGFCPIRNMFFQE.jpg\" width=\"1920\"\/>La Granja VIP en vivo hoy: Alfredo Adame duerme con las vacas y se hace viral su pl\u00e1tica con ellas<br \/>\n(Disney)<\/p>\n<p>La Granja VIP arranca con pol\u00e9mico elenco que va desde Alfredo Adame hasta Lola Cort\u00e9s<\/p>\n<p class=\"paragraph\">El debut de <b>La Granja VIP 2025<\/b> introdujo un giro inesperado en la competencia al sumar a <b>Lola Cort\u00e9s<\/b> como la participante n\u00famero 16, una revelaci\u00f3n que alter\u00f3 la din\u00e1mica prevista y gener\u00f3 reacciones inmediatas en redes sociales por la influencia que su personalidad podr\u00eda ejercer en el grupo. <\/p>\n<p class=\"paragraph\">El reality, producido por <b>TV Azteca<\/b>, propone un formato en el que figuras del entretenimiento deben adaptarse a la vida rural, alejados de las comodidades habituales y bajo la vigilancia constante de <b>c\u00e1maras que graban las 24 horas<\/b>.<\/p>\n<p><img alt=\"La Granja VIP en vivo\" class=\"global-image\" decoding=\"async\" fetchpriority=\"low\" height=\"1080\" loading=\"lazy\" src=\"https:\/\/www.europesays.com\/es\/wp-content\/uploads\/2025\/10\/MHOU77SFQ5GTZP7K2KOHZ5DZYU.jpg\" width=\"1920\"\/>La Granja VIP en vivo hoy lunes 13 de octubre tras su gran estreno: elenco va desde Alfredo Adame a Lolita Cort\u00e9s<br \/>\n(Disney+)<\/p>\n","protected":false},"excerpt":{"rendered":"\u00bfD\u00f3nde ver La Granja VIP en vivo 24\/7? Cada d\u00eda, a partir de este12 de octubre,est\u00e1 asignado a&hellip;\n","protected":false},"author":2,"featured_media":174387,"comment_status":"","ping_status":"","sticky":false,"template":"","format":"standard","meta":{"footnotes":""},"categories":[171],"tags":[146,147,25,24,19991,23,214,50144],"class_list":{"0":"post-174386","1":"post","2":"type-post","3":"status-publish","4":"format-standard","5":"has-post-thumbnail","7":"category-tv","8":"tag-entertainment","9":"tag-entretenimiento","10":"tag-es","11":"tag-espana","12":"tag-la-granja-vip","13":"tag-spain","14":"tag-tv","15":"tag-tv-azteca"},"share_on_mastodon":{"url":"","error":""},"_links":{"self":[{"href":"https:\/\/www.europesays.com\/es\/wp-json\/wp\/v2\/posts\/174386","targetHints":{"allow":["GET"]}}],"collection":[{"href":"https:\/\/www.europesays.com\/es\/wp-json\/wp\/v2\/posts"}],"about":[{"href":"https:\/\/www.europesays.com\/es\/wp-json\/wp\/v2\/types\/post"}],"author":[{"embeddable":true,"href":"https:\/\/www.europesays.com\/es\/wp-json\/wp\/v2\/users\/2"}],"replies":[{"embeddable":true,"href":"https:\/\/www.europesays.com\/es\/wp-json\/wp\/v2\/comments?post=174386"}],"version-history":[{"count":0,"href":"https:\/\/www.europesays.com\/es\/wp-json\/wp\/v2\/posts\/174386\/revisions"}],"wp:featuredmedia":[{"embeddable":true,"href":"https:\/\/www.europesays.com\/es\/wp-json\/wp\/v2\/media\/174387"}],"wp:attachment":[{"href":"https:\/\/www.europesays.com\/es\/wp-json\/wp\/v2\/media?parent=174386"}],"wp:term":[{"taxonomy":"category","embeddable":true,"href":"https:\/\/www.europesays.com\/es\/wp-json\/wp\/v2\/categories?post=174386"},{"taxonomy":"post_tag","embeddable":true,"href":"https:\/\/www.europesays.com\/es\/wp-json\/wp\/v2\/tags?post=174386"}],"curies":[{"name":"wp","href":"https:\/\/api.w.org\/{rel}","templated":true}]}}