{"id":174390,"date":"2025-10-13T17:09:09","date_gmt":"2025-10-13T17:09:09","guid":{"rendered":"https:\/\/www.europesays.com\/es\/174390\/"},"modified":"2025-10-13T17:09:09","modified_gmt":"2025-10-13T17:09:09","slug":"diane-keaton-mas-alla-de-wood-allen-10-titulos-imprescindibles-de-la-iconica-actriz","status":"publish","type":"post","link":"https:\/\/www.europesays.com\/es\/174390\/","title":{"rendered":"Diane Keaton m\u00e1s all\u00e1 de Wood Allen: 10 t\u00edtulos imprescindibles de la ic\u00f3nica actriz"},"content":{"rendered":"<p><a href=\"https:\/\/www.ecartelera.com\/personas\/diane-keaton\/\" rel=\"nofollow noopener\" target=\"_blank\">Diane Keaton<\/a>, legendaria actriz estadounidense y una de las figuras m\u00e1s queridas del cine contempor\u00e1neo, <b>falleci\u00f3 el 11 de octubre de 2025 a los 79 a\u00f1os<\/b>. Ganadora del Oscar por &#8216;<a href=\"https:\/\/www.ecartelera.com\/peliculas\/annie-hall\/\" rel=\"nofollow noopener\" target=\"_blank\">Annie Hall<\/a>&#8216; y reconocida por su papel de Kay Adams en la trilog\u00eda de &#8216;<a href=\"https:\/\/www.ecartelera.com\/peliculas\/el-padrino\/\" rel=\"nofollow noopener\" target=\"_blank\">El Padrino<\/a>&#8216;, Keaton <b>dej\u00f3 una huella imborrable en la historia de Hollywood<\/b>. <\/p>\n<p>Tr\u00e1iler espa\u00f1ol &#8216;Book Club&#8217;<\/p>\n<p><video id=\"vid-21517\" class=\"video-js vjs-default-skin\" data-title=\"Tr\u00e1iler espa\u00f1ol 'Book Club'\" poster=\"https:\/\/www.ecartelera.com\/images\/videos\/21500\/f21517.jpg\" controls=\"\" preload=\"auto\" width=\"640\" height=\"360\" playsinline=\"\" data-vtt=\"\/\/v1.ecartelera.com\/video\/21500\/21517_sprite.vtt\" data-stream=\"1\">El navegador no soporta el tag de v\u00eddeo.<\/video><\/p>\n<p>X<\/p>\n<p>Aunque no se han revelado las causas de su muerte, allegados aseguran que conserv\u00f3 su caracter\u00edstico sentido del humor hasta el final. Nacida en Los \u00c1ngeles, se mud\u00f3 a Nueva York en los a\u00f1os 60 para dedicarse al teatro, cambiando su apellido original, Hall, por el de su madre: Keaton. En sus inicios enfrent\u00f3 dificultades personales, incluida una etapa de bulimia, <b>pero su encuentro con Woody Allen en Broadway marc\u00f3 el comienzo de una de las colaboraciones m\u00e1s recordadas del cine estadounidense<\/b>.<\/p>\n<p>Keaton <b>fue nominada al Oscar en tres ocasiones m\u00e1s<\/b> por &#8216;<a href=\"https:\/\/www.ecartelera.com\/peliculas\/rojos\/\" rel=\"nofollow noopener\" target=\"_blank\">Rojos<\/a>&#8216;, &#8216;<a href=\"https:\/\/www.ecartelera.com\/peliculas\/la-habitacion-de-marvin\/\" rel=\"nofollow noopener\" target=\"_blank\">La habitaci\u00f3n de Marvin<\/a>&#8216; y &#8216;<a href=\"https:\/\/www.ecartelera.com\/peliculas\/cuando-menos-te-lo-esperas\/\" rel=\"nofollow noopener\" target=\"_blank\">Cuando menos te lo esperas<\/a>&#8216;. Su debut en la gran pantalla lleg\u00f3 con &#8216;Amantes y otros extra\u00f1os&#8217;, aunque su salto a la fama fue inmediato gracias a &#8216;El Padrino&#8217;, donde interpret\u00f3 a la esposa de Michael Corleone. A lo largo de dos d\u00e9cadas, trabaj\u00f3 en siete pel\u00edculas de Woody Allen, <b>consolid\u00e1ndose como una de las int\u00e9rpretes m\u00e1s vers\u00e1tiles de su generaci\u00f3n<\/b>.<\/p>\n<p>\t\t\t\t\t\t\t<img decoding=\"async\" loading=\"lazy\" src=\"https:\/\/www.europesays.com\/es\/wp-content\/uploads\/2025\/10\/245293_diane-keaton-mas-alla-de-wood-allen-10-titulos-im.jpg\" alt=\"Diane Keaton en 'El padrino'\" width=\"1200\" height=\"714\"\/>\t<\/p>\n<p>\t\t\t\t\t\tDiane Keaton en &#8216;El padrino&#8217; (Paramount Pictures)<\/p>\n<p>Pese a no entenderse el cine de Woody Allen sin Keaton y viceversa, <b>la actriz tiene una amplia filmograf\u00eda fuera de esta fruct\u00edfera colaboraci\u00f3n<\/b>. En este art\u00edculo destacamos 10 papeles en pel\u00edculas clave del cine estadounidense fuera del paraguas del director de &#8216;<a href=\"https:\/\/www.ecartelera.com\/peliculas\/manhattan\/\" rel=\"nofollow noopener\" target=\"_blank\">Manhattan<\/a>&#8216;, uno al que puso rostro durante m\u00e1s de cinco d\u00e9cadas.<\/p>\n","protected":false},"excerpt":{"rendered":"Diane Keaton, legendaria actriz estadounidense y una de las figuras m\u00e1s queridas del cine contempor\u00e1neo, falleci\u00f3 el 11&hellip;\n","protected":false},"author":2,"featured_media":174391,"comment_status":"","ping_status":"","sticky":false,"template":"","format":"standard","meta":{"footnotes":""},"categories":[169],"tags":[1014,1015,1013,177,1011,146,147,25,24,782,176,1019,1016,175,753,1012,23,1017,1018],"class_list":{"0":"post-174390","1":"post","2":"type-post","3":"status-publish","4":"format-standard","5":"has-post-thumbnail","7":"category-cine","8":"tag-actores","9":"tag-actrices","10":"tag-cartelera","11":"tag-cine","12":"tag-ecartelera","13":"tag-entertainment","14":"tag-entretenimiento","15":"tag-es","16":"tag-espana","17":"tag-estrellas","18":"tag-film","19":"tag-fotogramas","20":"tag-fotos","21":"tag-movies","22":"tag-peliculas","23":"tag-pelis","24":"tag-spain","25":"tag-trailers","26":"tag-videos"},"share_on_mastodon":{"url":"","error":""},"_links":{"self":[{"href":"https:\/\/www.europesays.com\/es\/wp-json\/wp\/v2\/posts\/174390","targetHints":{"allow":["GET"]}}],"collection":[{"href":"https:\/\/www.europesays.com\/es\/wp-json\/wp\/v2\/posts"}],"about":[{"href":"https:\/\/www.europesays.com\/es\/wp-json\/wp\/v2\/types\/post"}],"author":[{"embeddable":true,"href":"https:\/\/www.europesays.com\/es\/wp-json\/wp\/v2\/users\/2"}],"replies":[{"embeddable":true,"href":"https:\/\/www.europesays.com\/es\/wp-json\/wp\/v2\/comments?post=174390"}],"version-history":[{"count":0,"href":"https:\/\/www.europesays.com\/es\/wp-json\/wp\/v2\/posts\/174390\/revisions"}],"wp:featuredmedia":[{"embeddable":true,"href":"https:\/\/www.europesays.com\/es\/wp-json\/wp\/v2\/media\/174391"}],"wp:attachment":[{"href":"https:\/\/www.europesays.com\/es\/wp-json\/wp\/v2\/media?parent=174390"}],"wp:term":[{"taxonomy":"category","embeddable":true,"href":"https:\/\/www.europesays.com\/es\/wp-json\/wp\/v2\/categories?post=174390"},{"taxonomy":"post_tag","embeddable":true,"href":"https:\/\/www.europesays.com\/es\/wp-json\/wp\/v2\/tags?post=174390"}],"curies":[{"name":"wp","href":"https:\/\/api.w.org\/{rel}","templated":true}]}}