{"id":174400,"date":"2025-10-13T17:15:09","date_gmt":"2025-10-13T17:15:09","guid":{"rendered":"https:\/\/www.europesays.com\/es\/174400\/"},"modified":"2025-10-13T17:15:09","modified_gmt":"2025-10-13T17:15:09","slug":"sarkozy-entrara-en-prision-el-proximo-martes-21-de-octubre-internacional","status":"publish","type":"post","link":"https:\/\/www.europesays.com\/es\/174400\/","title":{"rendered":"Sarkozy entrar\u00e1 en prisi\u00f3n el pr\u00f3ximo martes 21 de octubre | Internacional"},"content":{"rendered":"<p class=\"\">El expresidente franc\u00e9s <a href=\"https:\/\/elpais.com\/noticias\/nicolas-sarkozy\/\" target=\"_self\" rel=\"nofollow noopener\" title=\"https:\/\/elpais.com\/noticias\/nicolas-sarkozy\/\">Nicolas Sarkozy<\/a> apura sus \u00faltimos d\u00edas de libertad antes de entrar en la c\u00e1rcel tras <a href=\"https:\/\/elpais.com\/internacional\/2025-09-25\/un-tribunal-de-francia-declara-culpable-al-expresidente-sarkozy-de-asociacion-ilicita-en-un-caso-de-financiacion-con-dinero-libio.html\" target=\"_self\" rel=\"nofollow noopener\" title=\"https:\/\/elpais.com\/internacional\/2025-09-25\/un-tribunal-de-francia-declara-culpable-al-expresidente-sarkozy-de-asociacion-ilicita-en-un-caso-de-financiacion-con-dinero-libio.html\">ser condenado<\/a> a cinco a\u00f1os de prisi\u00f3n hace dos semanas por un delito de asociaci\u00f3n il\u00edcita en el caso que investigaba la financiaci\u00f3n de su campa\u00f1a presidencial de 2007 con dinero del r\u00e9gimen libio de <a href=\"https:\/\/elpais.com\/diario\/2011\/02\/22\/internacional\/1298329204_850215.html\" target=\"_self\" rel=\"nofollow noopener\" title=\"https:\/\/elpais.com\/diario\/2011\/02\/22\/internacional\/1298329204_850215.html\">Muamar el Gadafi<\/a>. La fiscal\u00eda financiera le ha comunicado este lunes, seg\u00fan publican varios medios franceses, que el pr\u00f3ximo martes 21 de octubre entrar\u00e1 en la prisi\u00f3n de la Sant\u00e9, en Par\u00eds, una de las dos \u00fanicas habilitadas en t\u00e9rminos de seguridad para poder acogerle.<\/p>\n<p class=\"\">Los abogados de Sarkozy quer\u00edan evitar una imagen que es in\u00e9dita, la del primer expresidente en Francia que entra en prisi\u00f3n. Sarkozy ocup\u00f3 el El\u00edseo entre 2007 y 2012. El Tribunal de Par\u00eds le comunic\u00f3 la condena el pasado 25 de septiembre, pero se le hab\u00eda convocado este lunes para notificarle la fecha y darle tiempo a resolver sus asuntos personales y profesionales antes de entrar en la c\u00e1rcel.<\/p>\n<p class=\"\">El pol\u00edtico conservador lleg\u00f3 a su cita poco antes de las dos y sali\u00f3 media hora despu\u00e9s, aunque sin hacer declaraciones. Tampoco sus abogados. <\/p>\n<p class=\"\">Al tratarse de una personalidad pol\u00edtica relevante, los \u00fanicos centros de detenci\u00f3n adaptados en t\u00e9rminos de seguridad son la <a href=\"https:\/\/maps.app.goo.gl\/GQQmcUhFZha9aznXA\" target=\"_self\" rel=\"nofollow noopener\" title=\"https:\/\/maps.app.goo.gl\/GQQmcUhFZha9aznXA\">prisi\u00f3n de la Sant\u00e9<\/a>, en Par\u00eds, y <a href=\"https:\/\/maps.app.goo.gl\/QYJuexTBWKLUnbNH9\" target=\"_self\" rel=\"nofollow noopener\" title=\"https:\/\/maps.app.goo.gl\/QYJuexTBWKLUnbNH9\">la de Fleury-M\u00e9rogis<\/a>, tambi\u00e9n en la regi\u00f3n parisina, a unos 20 kil\u00f3metros de la capital. La Sant\u00e9 ha sido reformada recientemente y cuenta con celdas individuales algo m\u00e1s confortables.<\/p>\n<p class=\"\">Los abogados de Sarkozy hab\u00edan recurrido el fallo. Esto en teor\u00eda permite al condenado quedar en libertad hasta que se celebre el juicio en apelaci\u00f3n. Sin embargo, los jueces dictaron que la pena para el expresidente se ejecute de manera provisional por \u201cla gravedad excepcional de los delitos\u201d cometidos.<\/p>\n<p class=\"\">Esta medida, la de que tenga que entrar en la c\u00e1rcel a pesar de haber recurrido el fallo, ha sido criticada por Sarkozy, que ha denunciado un golpe al Estado de derecho. Otros representantes pol\u00edticos de derecha y extrema derecha, entre los que se encuentra <a href=\"https:\/\/elpais.com\/internacional\/2025-03-30\/marine-le-pen-ante-el-abismo-de-la-inhabilitacion.html\" target=\"_self\" rel=\"nofollow noopener\" title=\"https:\/\/elpais.com\/internacional\/2025-03-30\/marine-le-pen-ante-el-abismo-de-la-inhabilitacion.html\">Marine Le Pen<\/a>, han arremetido contra los jueces al considerar que se priva a los condenados de sus derechos jur\u00eddicos.<\/p>\n<p class=\"\">La presidenta del tribunal, encargada de leer el fallo, recibi\u00f3 amenazas en las redes sociales tras la sentencia y hay dos investigaciones abiertas. Los sindicatos judiciales han lamentado que se fustigue a los jueces y se cuestione su imparcialidad, y el El\u00edseo ha denunciado \u201cque los ataques y amenazas de muerte contra los magistrados son inadmisibles\u201d.<\/p>\n<p class=\"\">Una vez ingrese en la c\u00e1rcel, Sarkozy, de 70 a\u00f1os, podr\u00e1 solicitar la libertad provisional al tribunal de apelaci\u00f3n, que tiene dos meses para decidir si se la concede o no.<\/p>\n<p class=\"\">El tribunal de Par\u00eds consider\u00f3 probado que entre 2005 y 2007, cuando era ministro del Interior, Sarkozy maniobr\u00f3 para obtener apoyo financiero del r\u00e9gimen libio a trav\u00e9s de sus colaboradores m\u00e1s cercanos. Se le absolvi\u00f3 de los delitos de corrupci\u00f3n pasiva y desv\u00edo de fondos porque, aunque \u201cse ha constatado que hubo fondos libios que llegaron a Francia\u201d, no se consigui\u00f3 demostrar que fueran destinados a su campa\u00f1a presidencial.<\/p>\n<p class=\"\">En este caso tentacular y que ha llevado a\u00f1os de investigaci\u00f3n hab\u00eda implicadas otras 11 personas, entre ellas dos de sus exministros. Es el quinto proceso que el expresidente franc\u00e9s ha afrontado en el \u00faltimo lustro.<\/p>\n<p class=\"\">En diciembre pasado, Sarkozy ya fue condenado a tres a\u00f1os de c\u00e1rcel por corrupci\u00f3n y tr\u00e1fico de influencias en el llamado caso de las escuchas. Se le acusaba de intentar comprar a un fiscal para que le informara de otra instrucci\u00f3n en la que estaba implicado y que estaba bajo secreto de sumario a cambio de favores. Como eran tres a\u00f1os, solo ten\u00eda que cumplir uno bajo arresto domiciliario, con brazalete electr\u00f3nico.<\/p>\n<p class=\"\">Sarkozy, que sigue manteniendo su inocencia, public\u00f3 hace d\u00edas un mensaje de v\u00eddeo en el que dec\u00eda que no se va a rendir: \u201cNo les voy a ocultar lo dif\u00edcil que ha sido esto para mi familia y para m\u00ed (\u2026) Quiero que sepan que no me voy a rendir, y que luchar\u00e9 porque la verdad y la inocencia deben triunfar\u201d.<\/p>\n<p class=\"\">El pasado mi\u00e9rcoles, reuni\u00f3 a m\u00e1s de un centenar de amigos y excolaboradores para despedirse y se dirigi\u00f3 a ellos con un breve discurso, seg\u00fan cuenta el diario Le Figaro, que estuvo en el evento. \u201cEl fin de esta historia no est\u00e1 a\u00fan escrito\u201d, les dijo. \u201cNo quiero vuestra compasi\u00f3n, no me gusta quejarme. Lo que me importa es vuestra indignaci\u00f3n. En unos d\u00edas, cuando se consume el esc\u00e1ndalo, necesitar\u00e9 vuestra indignaci\u00f3n\u201d.<\/p>\n","protected":false},"excerpt":{"rendered":"El expresidente franc\u00e9s Nicolas Sarkozy apura sus \u00faltimos d\u00edas de libertad antes de entrar en la c\u00e1rcel tras&hellip;\n","protected":false},"author":2,"featured_media":174401,"comment_status":"","ping_status":"","sticky":false,"template":"","format":"standard","meta":{"footnotes":""},"categories":[42],"tags":[17,18,767,730,13,14,317,11,61,62,63,64,2128,2158,19,20,9,19569,10,15,16,952,593,12,21,22,65,66,67],"class_list":{"0":"post-174400","1":"post","2":"type-post","3":"status-publish","4":"format-standard","5":"has-post-thumbnail","7":"category-internacional","8":"tag-breaking-news","9":"tag-breakingnews","10":"tag-corrupcion","11":"tag-emmanuel-macron","12":"tag-featured-news","13":"tag-featurednews","14":"tag-francia","15":"tag-headlines","16":"tag-internacional","17":"tag-international","18":"tag-international-news","19":"tag-internationalnews","20":"tag-juicios","21":"tag-justicia","22":"tag-latest-news","23":"tag-latestnews","24":"tag-news","25":"tag-nicolas-sarkozy","26":"tag-noticias","27":"tag-noticias-destacadas","28":"tag-noticiasdestacadas","29":"tag-politica","30":"tag-prisiones","31":"tag-titulares","32":"tag-ultimas-noticias","33":"tag-ultimasnoticias","34":"tag-world","35":"tag-world-news","36":"tag-worldnews"},"share_on_mastodon":{"url":"","error":""},"_links":{"self":[{"href":"https:\/\/www.europesays.com\/es\/wp-json\/wp\/v2\/posts\/174400","targetHints":{"allow":["GET"]}}],"collection":[{"href":"https:\/\/www.europesays.com\/es\/wp-json\/wp\/v2\/posts"}],"about":[{"href":"https:\/\/www.europesays.com\/es\/wp-json\/wp\/v2\/types\/post"}],"author":[{"embeddable":true,"href":"https:\/\/www.europesays.com\/es\/wp-json\/wp\/v2\/users\/2"}],"replies":[{"embeddable":true,"href":"https:\/\/www.europesays.com\/es\/wp-json\/wp\/v2\/comments?post=174400"}],"version-history":[{"count":0,"href":"https:\/\/www.europesays.com\/es\/wp-json\/wp\/v2\/posts\/174400\/revisions"}],"wp:featuredmedia":[{"embeddable":true,"href":"https:\/\/www.europesays.com\/es\/wp-json\/wp\/v2\/media\/174401"}],"wp:attachment":[{"href":"https:\/\/www.europesays.com\/es\/wp-json\/wp\/v2\/media?parent=174400"}],"wp:term":[{"taxonomy":"category","embeddable":true,"href":"https:\/\/www.europesays.com\/es\/wp-json\/wp\/v2\/categories?post=174400"},{"taxonomy":"post_tag","embeddable":true,"href":"https:\/\/www.europesays.com\/es\/wp-json\/wp\/v2\/tags?post=174400"}],"curies":[{"name":"wp","href":"https:\/\/api.w.org\/{rel}","templated":true}]}}