{"id":174410,"date":"2025-10-13T17:21:09","date_gmt":"2025-10-13T17:21:09","guid":{"rendered":"https:\/\/www.europesays.com\/es\/174410\/"},"modified":"2025-10-13T17:21:09","modified_gmt":"2025-10-13T17:21:09","slug":"penge-gana-el-open-de-espana-en-el-mejor-dia-de-rahm","status":"publish","type":"post","link":"https:\/\/www.europesays.com\/es\/174410\/","title":{"rendered":"Penge gana el Open de Espa\u00f1a en el mejor d\u00eda de Rahm"},"content":{"rendered":"<p>El golfista ingl\u00e9s Marco Penge se proclam\u00f3 campe\u00f3n del Open de Espa\u00f1a al aguantar la presi\u00f3n y retener el liderato al final de este domingo, otro desenlace emocionante en el Club de Campo Villa de Madrid, donde Jon Rahm termin\u00f3 como mejor espa\u00f1ol junto a \u00c1ngel Ayora y David Puig, dentro del &#8216;Top 15&#8217;.<\/p>\n<p>Penge, que arroll\u00f3 el s\u00e1bado para empezar el \u00faltimo d\u00eda con cuatro golpes de colch\u00f3n en cabeza, not\u00f3 la presi\u00f3n de sus compa\u00f1eros de partido estelar, el tambi\u00e9n ingl\u00e9s Daniel Brown y el suizo Joel Girrbach. El l\u00edder abri\u00f3 la puerta con dos &#8216;bogeys&#8217; de inicio y sin la contundencia del &#8216;putt&#8217; de d\u00edas anteriores.<\/p>\n<p>Pese a una lesi\u00f3n en el hombro y el cuello, Brown recort\u00f3 distancias hasta forzar el &#8216;playoff&#8217; de desempate. El Open de Espa\u00f1a lleg\u00f3 vivo al \u00faltimo hoyo, como el a\u00f1o pasado entre \u00c1ngel Hidalgo y Rahm, y Penge, como el malague\u00f1o, no supo rematar la faena ante su compatriota. Mejor colocado, Brown hizo el &#8216;birdie&#8217; (-15) y llev\u00f3 el torneo a un primer hoyo de desempate, de nuevo en el 18.<\/p>\n<p>Pero Penge, como Hidalgo, no dej\u00f3 escapar la victoria. El &#8216;putt&#8217; respondi\u00f3 a tiempo al ingl\u00e9s, similar al que ten\u00eda Brown, y conquist\u00f3 el tercer t\u00edtulo de la temporada y de su carrera en el DP World Tour. El Open y Madrid dieron otra vez emoci\u00f3n hasta el hoyo 72, aunque esta vez, y en el d\u00eda de la patria, no pudieron disfrutar de un duelo con la &#8216;Armada&#8217;, demasiado descolgada.<\/p>\n<p>Los mejores posicionados eran Ayora y Puig, que empezaron a ocho golpes de la cabeza, y volvieron a ganar al campo con un -2 en el d\u00eda. El malague\u00f1o, en su primer Open como profesional, estuvo m\u00e1s irregular, mientras que el catal\u00e1n remont\u00f3 en los segundos nueve hoyos. Ambos se quedaron en -10, dentro del &#8216;Top 15&#8217;, como un Rahm que se regal\u00f3 al menos su vuelta m\u00e1s competitiva.<\/p>\n<p>El tres veces campe\u00f3n, en busca de superar a Severiano Ballesteros, devolvi\u00f3 algo de cari\u00f1o a la afici\u00f3n con una tarjeta de 65 golpes. Solo el hoyo 11, como el s\u00e1bado, se le resisti\u00f3 de nuevo, poniendo fin a una temporada sin victorias individuales, pero campe\u00f3n de nuevo del LIV Golf y, sobre todo, de la Ryder Cup hace dos semanas, donde silenci\u00f3 al p\u00fablico americano en Nueva York.<\/p>\n<p>En cuanto al resto de espa\u00f1oles, Luis Masaveu (-4), Nacho Elvira (-4) y Sergio Garc\u00eda (-3) terminaron en el &#8216;Top 43&#8217;. Para el de Borriol, supon\u00eda el regreso a Madrid y al Open seis a\u00f1os despu\u00e9s, en busca adem\u00e1s de afianzar su posici\u00f3n en el Circuito Europeo.<\/p>\n","protected":false},"excerpt":{"rendered":"El golfista ingl\u00e9s Marco Penge se proclam\u00f3 campe\u00f3n del Open de Espa\u00f1a al aguantar la presi\u00f3n y retener&hellip;\n","protected":false},"author":2,"featured_media":174411,"comment_status":"","ping_status":"","sticky":false,"template":"","format":"standard","meta":{"footnotes":""},"categories":[275],"tags":[168,25,24,329,390,968,205,896,42179,2624,2625,42247,23,167],"class_list":{"0":"post-174410","1":"post","2":"type-post","3":"status-publish","4":"format-standard","5":"has-post-thumbnail","7":"category-golf","8":"tag-deportes","9":"tag-es","10":"tag-espana","11":"tag-golf","12":"tag-jon-rahm","13":"tag-liv-golf","14":"tag-madrid","15":"tag-nueva-york","16":"tag-open-de-espana","17":"tag-ryder-cup","18":"tag-sergio-garcia","19":"tag-severiano-ballesteros","20":"tag-spain","21":"tag-sports"},"share_on_mastodon":{"url":"","error":""},"_links":{"self":[{"href":"https:\/\/www.europesays.com\/es\/wp-json\/wp\/v2\/posts\/174410","targetHints":{"allow":["GET"]}}],"collection":[{"href":"https:\/\/www.europesays.com\/es\/wp-json\/wp\/v2\/posts"}],"about":[{"href":"https:\/\/www.europesays.com\/es\/wp-json\/wp\/v2\/types\/post"}],"author":[{"embeddable":true,"href":"https:\/\/www.europesays.com\/es\/wp-json\/wp\/v2\/users\/2"}],"replies":[{"embeddable":true,"href":"https:\/\/www.europesays.com\/es\/wp-json\/wp\/v2\/comments?post=174410"}],"version-history":[{"count":0,"href":"https:\/\/www.europesays.com\/es\/wp-json\/wp\/v2\/posts\/174410\/revisions"}],"wp:featuredmedia":[{"embeddable":true,"href":"https:\/\/www.europesays.com\/es\/wp-json\/wp\/v2\/media\/174411"}],"wp:attachment":[{"href":"https:\/\/www.europesays.com\/es\/wp-json\/wp\/v2\/media?parent=174410"}],"wp:term":[{"taxonomy":"category","embeddable":true,"href":"https:\/\/www.europesays.com\/es\/wp-json\/wp\/v2\/categories?post=174410"},{"taxonomy":"post_tag","embeddable":true,"href":"https:\/\/www.europesays.com\/es\/wp-json\/wp\/v2\/tags?post=174410"}],"curies":[{"name":"wp","href":"https:\/\/api.w.org\/{rel}","templated":true}]}}