{"id":174422,"date":"2025-10-13T17:27:11","date_gmt":"2025-10-13T17:27:11","guid":{"rendered":"https:\/\/www.europesays.com\/es\/174422\/"},"modified":"2025-10-13T17:27:11","modified_gmt":"2025-10-13T17:27:11","slug":"salen-a-la-luz-detalles-sobre-como-fueron-los-ultimos-meses-de-vida-de-diane-keaton","status":"publish","type":"post","link":"https:\/\/www.europesays.com\/es\/174422\/","title":{"rendered":"Salen a la luz detalles sobre c\u00f3mo fueron los \u00faltimos meses de vida de Diane Keaton"},"content":{"rendered":"<p>La muerte de Diane Keaton fue una aut\u00e9ntica sorpresa para casi todo el mundo. <b><a href=\"https:\/\/www.huffingtonpost.es\/life\/influencers-celebrities\/muere-actriz-diane-keaton-79nos.html\" rel=\"nofollow noopener\" target=\"_blank\">La actriz falleci\u00f3 el 11 de octubre de 2025 a los 79 a\u00f1os<\/a><\/b>, una noticia que sacudi\u00f3 a Hollywood y a todos los fans que ten\u00eda tras una larga y prol\u00edfica carrera en el cine. En su momento no se supo qu\u00e9 hab\u00eda ocurrido, aunque no ha tardado en saberse que la actriz no se encontraba bien.<\/p>\n<p>Por un lado, la compositora Carole Bayer Sager cont\u00f3 a <a href=\"https:\/\/people.com\/diane-keaton-friend-on-final-visit-weight-loss-weeks-before-her-death-exclusive-11828702\" target=\"_blank\" rel=\"nofollow noopener\">People<\/a> que la \u00faltima vez que hab\u00eda visto a Diane Keaton se hab\u00eda quedado impresionada porque hab\u00eda adelgazado mucho: \u00ab<b>La vi hace dos o tres semanas y estaba muy delgada. Hab\u00eda perdido much\u00edsimo peso<\/b>\u00ab.<\/p>\n<p><img decoding=\"async\" loading=\"lazy\" src=\"https:\/\/img2.huffingtonpost.es\/files\/image_720\/uploads\/2022\/12\/08\/6391a0277cbf0.jpeg\" width=\"720\" height=\"0\"  data-full-src=\"https:\/\/www.europesays.com\/es\/wp-content\/uploads\/2025\/10\/6391a0277cbf0.jpeg\" \/><\/p>\n<p>            \u00a0<\/p>\n<p>        Diane KeatonGetty<\/p>\n<p>Sager cont\u00f3 tambi\u00e9n que en los \u00faltimos meses de vida de Diane Keaton le hab\u00eda visto menos porque la actriz <b>se hab\u00eda mudado durante una temporada a Palm Springs<\/b>, a unos 177 kil\u00f3metros al este de Los Angeles, debido a los graves incendios que asolaron California en enero de 2025 y que afectaron a su hogar.<\/p>\n<p>\u00abTuvo que ir a Palm Springs porque su casa sufri\u00f3 da\u00f1os por dentro y tuvieron que limpiarlo todo. Estuvo all\u00ed un tiempo, y cuando regres\u00f3, <b>me qued\u00e9 sorprendida por todo el peso que hab\u00eda perdido<\/b>\u00ab. Puede por tanto que estuviera enferma, pero pese a ello, su amiga destac\u00f3  que \u00abera una luz m\u00e1gica para todos. <b>Era muy especial. Estaba feliz y llena de energ\u00eda<\/b>. Era muy creativa y nunca dejaba de crear\u00bb.<\/p>\n<p>Hubo una llamada a emergencias<\/p>\n<p>Por otro lado, y aunque la familia de Diane Keaton ha pedido privacidad, no han podido evitar que se hayan conocido<b> detalles sobre los \u00faltimos momentos de vida<\/b> de la <a href=\"https:\/\/www.huffingtonpost.es\/life\/cinco-inolvidables-papeles-actriz-estadounidense-diana-keaton.html\" rel=\"nofollow noopener\" target=\"_blank\">ganadora del Oscar a Mejor Actriz por Annie Hall<\/a>.\u00a0<\/p>\n<p><img decoding=\"async\" loading=\"lazy\" src=\"https:\/\/img2.huffingtonpost.es\/files\/image_720\/uploads\/2025\/10\/11\/la-actriz-diane-keaton.jpeg\" width=\"720\" height=\"0\"  data-full-src=\"https:\/\/www.europesays.com\/es\/wp-content\/uploads\/2025\/10\/la-actriz-diane-keaton.jpeg\" \/><\/p>\n<p>            \u00a0<\/p>\n<p>        La actriz Diane Keaton.Gilbert Flores\/WWD via Getty Images<\/p>\n<p>Como public\u00f3 <a href=\"https:\/\/www.tmz.com\/2025\/10\/11\/diane-keaton-dispatch-audio\/\" target=\"_blank\" rel=\"nofollow noopener\">TMZ<\/a>, se ha filtrado una llamada realizada el d\u00eda de la muerte de Keaton a las 08:00 horas en la que un operador de emergencias llam\u00f3 al Departamento de Bomberos de Los Angeles para informar de que <b>una persona se hab\u00eda ca\u00eddo en casa de Diane Keaton<\/b>. La actriz fue trasladada a un hospital cercano, donde fue declarada muerta.<\/p>\n<p>Una persona cercana declar\u00f3 a Associated Press que en el momento de su muerte, <b>Diane Keaton se encontraba acompa\u00f1ada de sus seres queridos<\/b>, que est\u00e1n destrozados por la p\u00e9rdida. Entre ellos se encuentran su hija Dexter, a la que adopt\u00f3 en 1996, y Duke, al que adopt\u00f3 en 2001. Se entiende que fueron ellos, as\u00ed como otros parientes cercanos, los que pasaron con ella sus \u00faltimos meses y que <b>estuvieron al tanto de lo que ocurr\u00eda con la salud de la actriz, muy deteriorada en la etapa final de su vida<\/b>.<\/p>\n","protected":false},"excerpt":{"rendered":"La muerte de Diane Keaton fue una aut\u00e9ntica sorpresa para casi todo el mundo. La actriz falleci\u00f3 el&hellip;\n","protected":false},"author":2,"featured_media":174423,"comment_status":"","ping_status":"","sticky":false,"template":"","format":"standard","meta":{"footnotes":""},"categories":[174],"tags":[255,2170,7510,146,147,25,24,256,1875,19791,57,23],"class_list":{"0":"post-174422","1":"post","2":"type-post","3":"status-publish","4":"format-standard","5":"has-post-thumbnail","7":"category-famosos","8":"tag-celebrities","9":"tag-como","10":"tag-detalles","11":"tag-entertainment","12":"tag-entretenimiento","13":"tag-es","14":"tag-espana","15":"tag-famosos","16":"tag-luz","17":"tag-salen","18":"tag-sobre","19":"tag-spain"},"share_on_mastodon":{"url":"","error":""},"_links":{"self":[{"href":"https:\/\/www.europesays.com\/es\/wp-json\/wp\/v2\/posts\/174422","targetHints":{"allow":["GET"]}}],"collection":[{"href":"https:\/\/www.europesays.com\/es\/wp-json\/wp\/v2\/posts"}],"about":[{"href":"https:\/\/www.europesays.com\/es\/wp-json\/wp\/v2\/types\/post"}],"author":[{"embeddable":true,"href":"https:\/\/www.europesays.com\/es\/wp-json\/wp\/v2\/users\/2"}],"replies":[{"embeddable":true,"href":"https:\/\/www.europesays.com\/es\/wp-json\/wp\/v2\/comments?post=174422"}],"version-history":[{"count":0,"href":"https:\/\/www.europesays.com\/es\/wp-json\/wp\/v2\/posts\/174422\/revisions"}],"wp:featuredmedia":[{"embeddable":true,"href":"https:\/\/www.europesays.com\/es\/wp-json\/wp\/v2\/media\/174423"}],"wp:attachment":[{"href":"https:\/\/www.europesays.com\/es\/wp-json\/wp\/v2\/media?parent=174422"}],"wp:term":[{"taxonomy":"category","embeddable":true,"href":"https:\/\/www.europesays.com\/es\/wp-json\/wp\/v2\/categories?post=174422"},{"taxonomy":"post_tag","embeddable":true,"href":"https:\/\/www.europesays.com\/es\/wp-json\/wp\/v2\/tags?post=174422"}],"curies":[{"name":"wp","href":"https:\/\/api.w.org\/{rel}","templated":true}]}}