{"id":174432,"date":"2025-10-13T17:33:10","date_gmt":"2025-10-13T17:33:10","guid":{"rendered":"https:\/\/www.europesays.com\/es\/174432\/"},"modified":"2025-10-13T17:33:10","modified_gmt":"2025-10-13T17:33:10","slug":"mi-estilo-de-vida-era-de-salir-de-disfrutar-de-la-vida-de-la-noche","status":"publish","type":"post","link":"https:\/\/www.europesays.com\/es\/174432\/","title":{"rendered":"\u00abMi estilo de vida era de salir, de disfrutar de la vida, de la noche\u00bb"},"content":{"rendered":"<p class=\"voc-p\" style=\"\">A comienzos del pasado mes de septiembre, Cristiano Piccini anunci\u00f3 que dejaba el f\u00fatbol profesional. El futbolista italiano milit\u00f3 en el Real Betis entre 2014 y 2017, aunque en enero de 2016 sufri\u00f3 una lesi\u00f3n en los ligamentos de la rodilla que ya no le  &#8230; permiti\u00f3 competir a un alto nivel en el conjunto heliopolitano. Fue traspasado al Sporting Clube de Portugal, pero s\u00f3lo una temporada despu\u00e9s volvi\u00f3 al f\u00fatbol espa\u00f1ol fichando por el Valencia. Una cesi\u00f3n a la Atalanta, pasos por el Estrella Roja de Belgrado, el Magdeburgo, la Sampdoria, el Atl\u00e9tico San Luis de M\u00e9xico y una \u00faltima campa\u00f1a en el Yverdon-Sport FC suizo completaron la trayectoria de Piccini, que lleg\u00f3 al Betis procedente de la Fiorentina.<\/p>\n<p class=\"voc-p\" style=\"\">En una entrevista concedida al diario AS, el futbolista de Florencia habl\u00f3 de su paso por el Betis y confes\u00f3 que en su etapa en Sevilla llev\u00f3 una mala vida: \u00abno estaba preparado porque era joven y llego con mi estilo de vida en Italia. Como no hab\u00eda jugado en equipos con tanta masa social y realmente no me conoc\u00eda nadie, pues mi estilo de vida era muy de chico joven, de salir, de disfrutar de la vida, de la noche\u00bb.<\/p>\n<p class=\"voc-p\" style=\"\">Piccini ampliaba su reflexi\u00f3n y explic\u00f3 que \u00abtuve muchas lesiones musculares, no era un profesional, no tengo ning\u00fan problema en admitirlo. Y luego, despu\u00e9s del primer a\u00f1o que fue en Segunda divisi\u00f3n, subimos a Primera, donde no jugu\u00e9 muchos partidos. Al a\u00f1o siguiente el Betis me compr\u00f3 porque el primer a\u00f1o fui cedido. Ya hab\u00eda asentado la cabeza, ya hab\u00eda conocido la ciudad, ya hab\u00eda entendido que mi cuerpo tambi\u00e9n estaba cambiando. Con 22 a\u00f1os ya no ten\u00eda la resistencia de no dormir tanto, de salir, de beber&#8230; que ten\u00eda con 18, que me cre\u00eda que era Ironman y pod\u00eda hacer todo. Yo llegaba a los entrenamientos del Carrarese directamente, hab\u00eda dormido en el coche, \u00bfsabe? Dos horas y me iba a entrenar. En el segundo a\u00f1o del Betis jugu\u00e9 18 partidos seguidos a un buen nivel y la putada fue que en el primer partido de la segunda vuelta me romp\u00ed el cruzado. Y ah\u00ed obviamente pues se par\u00f3 un poco mi progresi\u00f3n, me oper\u00e9, hice la rehabilitaci\u00f3n y en seis meses, o sea, empezando la temporada siguiente, ya estaba bien para jugar e hice una buena temporada ah\u00ed y luego me fich\u00f3 el Sporting de Lisboa\u00bb.<\/p>\n<p>\nArt\u00edculo solo para suscriptores\n<\/p>\n<p>Reportar un error<\/p>\n","protected":false},"excerpt":{"rendered":"A comienzos del pasado mes de septiembre, Cristiano Piccini anunci\u00f3 que dejaba el f\u00fatbol profesional. El futbolista italiano&hellip;\n","protected":false},"author":2,"featured_media":174433,"comment_status":"","ping_status":"","sticky":false,"template":"","format":"standard","meta":{"footnotes":""},"categories":[93],"tags":[291,168,2604,981,25,24,10386,314,193,50151,7197,16427,23,167,2606],"class_list":{"0":"post-174432","1":"post","2":"type-post","3":"status-publish","4":"format-standard","5":"has-post-thumbnail","7":"category-deportes","8":"tag-betis","9":"tag-deportes","10":"tag-disfrutar","11":"tag-era","12":"tag-es","13":"tag-espana","14":"tag-estilo","15":"tag-etapa","16":"tag-noche","17":"tag-piccini","18":"tag-recuerda","19":"tag-salir","20":"tag-spain","21":"tag-sports","22":"tag-vida"},"share_on_mastodon":{"url":"","error":""},"_links":{"self":[{"href":"https:\/\/www.europesays.com\/es\/wp-json\/wp\/v2\/posts\/174432","targetHints":{"allow":["GET"]}}],"collection":[{"href":"https:\/\/www.europesays.com\/es\/wp-json\/wp\/v2\/posts"}],"about":[{"href":"https:\/\/www.europesays.com\/es\/wp-json\/wp\/v2\/types\/post"}],"author":[{"embeddable":true,"href":"https:\/\/www.europesays.com\/es\/wp-json\/wp\/v2\/users\/2"}],"replies":[{"embeddable":true,"href":"https:\/\/www.europesays.com\/es\/wp-json\/wp\/v2\/comments?post=174432"}],"version-history":[{"count":0,"href":"https:\/\/www.europesays.com\/es\/wp-json\/wp\/v2\/posts\/174432\/revisions"}],"wp:featuredmedia":[{"embeddable":true,"href":"https:\/\/www.europesays.com\/es\/wp-json\/wp\/v2\/media\/174433"}],"wp:attachment":[{"href":"https:\/\/www.europesays.com\/es\/wp-json\/wp\/v2\/media?parent=174432"}],"wp:term":[{"taxonomy":"category","embeddable":true,"href":"https:\/\/www.europesays.com\/es\/wp-json\/wp\/v2\/categories?post=174432"},{"taxonomy":"post_tag","embeddable":true,"href":"https:\/\/www.europesays.com\/es\/wp-json\/wp\/v2\/tags?post=174432"}],"curies":[{"name":"wp","href":"https:\/\/api.w.org\/{rel}","templated":true}]}}