{"id":174434,"date":"2025-10-13T17:34:12","date_gmt":"2025-10-13T17:34:12","guid":{"rendered":"https:\/\/www.europesays.com\/es\/174434\/"},"modified":"2025-10-13T17:34:12","modified_gmt":"2025-10-13T17:34:12","slug":"la-resistencia-a-los-antibioticos-crece-mas-del-40-entre-2018-y-2023-segun-la-oms","status":"publish","type":"post","link":"https:\/\/www.europesays.com\/es\/174434\/","title":{"rendered":"La resistencia a los antibi\u00f3ticos crece m\u00e1s del 40% entre 2018 y 2023, seg\u00fan la OMS"},"content":{"rendered":"<p><strong>Redacci\u00f3n<br \/><\/strong>La resistencia a los antimicrobianos (RAM) supone una amenaza cada vez mayor para la salud mundial. Entre 2018 y 2023, la<strong data-start=\"603\" data-end=\"713\"> resistencia a los antibi\u00f3ticos aument\u00f3 en m\u00e1s del 40% de los f\u00e1rmacos monitorizados<\/strong>, seg\u00fan el <a href=\"https:\/\/www.who.int\/publications\/i\/item\/9789240116337\" target=\"_blank\" rel=\"noopener nofollow\">\u00faltimo informe<\/a> del Sistema Mundial de Vigilancia de la Resistencia a los Antimicrobianos y su Uso (Glass), publicado por la Organizaci\u00f3n Mundial de la Salud (<strong>OMS<\/strong>). Este incremento est\u00e1 limitando las opciones terap\u00e9uticas emp\u00edricas y forzando el cambio de tratamientos orales a intravenosos, con una mayor dependencia de antibi\u00f3ticos de segunda elecci\u00f3n y de \u00faltimo recurso.<\/p>\n<p data-start=\"1146\" data-end=\"1399\">El documento revela que <strong data-start=\"1185\" data-end=\"1306\">una de cada seis infecciones bacterianas confirmadas en laboratorio durante 2023 fue resistente a los antimicrobianos<\/strong>, lo que confirma una tendencia ascendente en la resistencia a los f\u00e1rmacos m\u00e1s utilizados. A nivel mundial, <strong data-start=\"1418\" data-end=\"1534\">casi el 45% de las cepas de Escherichia coli presentan resistencia a las cefalosporinas de tercera generaci\u00f3n<\/strong>, con una variabilidad geogr\u00e1fica significativa: alrededor del 20% en Europa y m\u00e1s del 70% en \u00c1frica.<\/p>\n<p><a class=\"gofollow\" data-track=\"MjQ5LDcyLDEsNjA=\" href=\"https:\/\/isanidad.com\/341108\/bases-reguladoras-modelo-memoria-iii-edicion-ayudas-investigacion-nutricion\/\" _blank=\"\" rel=\"nofollow noopener\" target=\"_blank\"><img decoding=\"async\" width=\"2310\" height=\"390\" src=\"data:image\/svg+xml,%3Csvg%20xmlns=\" http:=\"\" fetchpriority=\"high\" data-lazy-src=\"https:\/\/www.europesays.com\/es\/wp-content\/uploads\/2025\/10\/1760376852_582_Herbalife-III-Incrustado-en-noticia.gif\"\/><\/a><br \/>\nEl informe presenta un an\u00e1lisis global de la prevalencia y las tendencias de la resistencia a los antibi\u00f3ticos, bas\u00e1ndose en m\u00e1s de 23 millones de casos bacteriol\u00f3gicamente confirmados de infecciones del torrente sangu\u00edneo, infecciones del tracto urinario, infecciones gastrointestinales y gonorrea urogenital<\/p>\n<p>\u00abEn <strong>algunas partes del mundo, una de cada tres infecciones es resistente a los antibi\u00f3ticos comunes<\/strong>, incluidos los tratamientos de segunda y tercera l\u00ednea\u00bb, se\u00f1ala <strong>Trent Yarwood<\/strong>, especialista en enfermedades infecciosas y miembro de la Sociedad Australiana de Enfermedades Infecciosas (<strong>Asid<\/strong>), en declaraciones recogidas por el Science Media Centre (SMC) Australia.<\/p>\n<p data-start=\"2000\" data-end=\"2324\">Yarwood advierte que los g\u00e9rmenes responsables de infecciones urinarias o sangu\u00edneas presentan <strong data-start=\"2095\" data-end=\"2138\">tasas de resistencia superiores al 50%<\/strong> a nivel global, superando los dos tercios en algunas regiones africanas. Esta situaci\u00f3n est\u00e1 provocando un aumento de los ingresos hospitalarios y el uso de antibi\u00f3ticos intravenosos.<\/p>\n<p>El 45% de las cepas de E. coli son resistentes a las cefalosporinas de tercera generaci\u00f3n, con tasas que oscilan entre el 20 % en Europa y m\u00e1s del 70 % en \u00c1frica<\/p>\n<p data-start=\"2000\" data-end=\"2324\">\u00abTodo el mundo puede contribuir a frenar la resistencia: lavarse las manos, vacunarse, practicar una buena seguridad alimentaria y tomar antibi\u00f3ticos solo cuando sean necesarios y durante el tiempo recomendado por el m\u00e9dico\u00bb, afirma el especialista. En este sentido, recuerda que la resistencia antimicrobiana es un desaf\u00edo global y requiere <strong>cooperaci\u00f3n internacional<\/strong>.<\/p>\n<p data-start=\"2000\" data-end=\"2324\">Desde la Universidad de Newcastle (Australia), <strong>Verlaine Timms<\/strong>, investigadora s\u00e9nior, subraya que el informe de la OMS aboga por un<strong> enfoque One Health<\/strong> (Una sola salud) que integre salud humana, animal y medioambiental. \u00abLos resultados son preocupantes, ya que la resistencia sigue aumentando y los tratamientos est\u00e1n fallando. La resistencia a los antibi\u00f3ticos no se limita a los hospitales ni a bacterias pat\u00f3genas: tambi\u00e9n puede transmitirse por microbios inofensivos presentes en animales, agua, suelo o incluso dentro de nuestros propios cuerpos\u00bb, explica.<\/p>\n<p data-start=\"3128\" data-end=\"3493\">Estos microorganismos, expone, act\u00faan como <strong data-start=\"3162\" data-end=\"3190\">\u00abportadores silenciosos\u00bb<\/strong>\u00a0que transfieren genes de resistencia a bacterias m\u00e1s peligrosas, favoreciendo la expansi\u00f3n del problema. La investigadora advierte que <strong data-start=\"3326\" data-end=\"3396\">la mayor\u00eda de los datos actuales proceden de hospitales y cl\u00ednicas<\/strong>, por lo que es necesario <strong data-start=\"3422\" data-end=\"3490\">reforzar la vigilancia en el \u00e1mbito medioambiental y veterinario<\/strong>. \u00abPara abordar verdaderamente la resistencia a los antibi\u00f3ticos, debemos prestar atenci\u00f3n a los microbios que solemos pasar por alto\u00bb, concluye Timms.<\/p>\n","protected":false},"excerpt":{"rendered":"Redacci\u00f3nLa resistencia a los antimicrobianos (RAM) supone una amenaza cada vez mayor para la salud mundial. Entre 2018&hellip;\n","protected":false},"author":2,"featured_media":174435,"comment_status":"","ping_status":"","sticky":false,"template":"","format":"standard","meta":{"footnotes":""},"categories":[92],"tags":[2215,6090,25,24,165,1294,26122,3572,166,23],"class_list":{"0":"post-174434","1":"post","2":"type-post","3":"status-publish","4":"format-standard","5":"has-post-thumbnail","7":"category-salud","8":"tag-antibioticos","9":"tag-b1","10":"tag-es","11":"tag-espana","12":"tag-health","13":"tag-investigacion","14":"tag-multirresistencias","15":"tag-oms","16":"tag-salud","17":"tag-spain"},"share_on_mastodon":{"url":"","error":""},"_links":{"self":[{"href":"https:\/\/www.europesays.com\/es\/wp-json\/wp\/v2\/posts\/174434","targetHints":{"allow":["GET"]}}],"collection":[{"href":"https:\/\/www.europesays.com\/es\/wp-json\/wp\/v2\/posts"}],"about":[{"href":"https:\/\/www.europesays.com\/es\/wp-json\/wp\/v2\/types\/post"}],"author":[{"embeddable":true,"href":"https:\/\/www.europesays.com\/es\/wp-json\/wp\/v2\/users\/2"}],"replies":[{"embeddable":true,"href":"https:\/\/www.europesays.com\/es\/wp-json\/wp\/v2\/comments?post=174434"}],"version-history":[{"count":0,"href":"https:\/\/www.europesays.com\/es\/wp-json\/wp\/v2\/posts\/174434\/revisions"}],"wp:featuredmedia":[{"embeddable":true,"href":"https:\/\/www.europesays.com\/es\/wp-json\/wp\/v2\/media\/174435"}],"wp:attachment":[{"href":"https:\/\/www.europesays.com\/es\/wp-json\/wp\/v2\/media?parent=174434"}],"wp:term":[{"taxonomy":"category","embeddable":true,"href":"https:\/\/www.europesays.com\/es\/wp-json\/wp\/v2\/categories?post=174434"},{"taxonomy":"post_tag","embeddable":true,"href":"https:\/\/www.europesays.com\/es\/wp-json\/wp\/v2\/tags?post=174434"}],"curies":[{"name":"wp","href":"https:\/\/api.w.org\/{rel}","templated":true}]}}