{"id":174447,"date":"2025-10-13T17:41:07","date_gmt":"2025-10-13T17:41:07","guid":{"rendered":"https:\/\/www.europesays.com\/es\/174447\/"},"modified":"2025-10-13T17:41:07","modified_gmt":"2025-10-13T17:41:07","slug":"el-bidasotarra-mario-nevado-a-la-seleccion","status":"publish","type":"post","link":"https:\/\/www.europesays.com\/es\/174447\/","title":{"rendered":"El bidasotarra Mario Nevado, a la selecci\u00f3n"},"content":{"rendered":"<p>El lateral izquierdo del Bidasoa Mario Nevado ha sido convocado por primera vez con la selecci\u00f3n. El madrile\u00f1o, de 23 a\u00f1os, es uno de los  &#8230; cuatro debutantes en la lista de Jordi Ribera para la concentraci\u00f3n en Suecia, donde los Hispanos disputar\u00e1n dos amistosos ante el combinado escandinavo los d\u00edas 30 de octubre y 1 de noviembre, en el Saab Arena Link\u00f6ping y Volvo CE Arena Eskilstuna, respectivamente.<\/p>\n<p class=\"v-p\">Junto al bidasotarra, se estrenan en una lista Natan Su\u00e1rez (Sporting de Lisboa), Pablo Urdangarin (Granollers) y \u00c1lvaro Mart\u00ednez (Logro\u00f1o).<\/p>\n<p class=\"v-p\">Ribera ha citado a los internacionales este domingo, 26 de octubre, a las 20.00horas, en Madrid, desde donde se desplazar\u00e1n al d\u00eda siguiente a Estocolmo. All\u00ed se hospedar\u00e1n en la ciudad escandinava de Link\u00f6ping hasta el domingo, 2 de noviembre, fecha a partir de la cual Mario Nevado podr\u00e1 reincorporarse a la disciplina del Bidasoa.<\/p>\n<p class=\"v-p\">Sobre los nuevos jugadores que se van incorporando a la selecci\u00f3n, Ribera explic\u00f3 que \u00abel hecho de que haya jugadores nuevos demuestra que es una selecci\u00f3n que est\u00e1 abierta. A lo largo de estos a\u00f1os siempre han entrado jugadores nuevos, siempre con una base s\u00f3lida, y ahora estamos buscando esa base s\u00f3lida precisamente para seguir teniendo siempre esa ventana y que algunos jugadores que est\u00e1n haciendo y que est\u00e1n a un buen nivel puedan entrar en esa convocatoria\u00bb.<\/p>\n<p class=\"v-p\">A\u00f1ade que \u00abevidentemente es una selecci\u00f3n que ya llevamos tiempo con ese punto de experimental, por el hecho de que es una selecci\u00f3n en formaci\u00f3n, con todo lo bueno y malo que tiene. Llegamos sabiendo de la poca experiencia evidentemente que tienen algunos, tambi\u00e9n de la ilusi\u00f3n y la fuerza que tienen los que pueden ser nuevos. Tenemos la ilusi\u00f3n de preparar y tener una semana lo m\u00e1s provechosa posible para que podamos aprovechar al m\u00e1ximo, con dos partidos s\u00faper exigentes con una selecci\u00f3n de Suecia que pr\u00e1cticamente est\u00e1 al completo, tambi\u00e9n con algunos jugadores j\u00f3venes, pero que evidentemente ser\u00e1 una muy buena piedra de toque\u00bb.<\/p>\n","protected":false},"excerpt":{"rendered":"El lateral izquierdo del Bidasoa Mario Nevado ha sido convocado por primera vez con la selecci\u00f3n. El madrile\u00f1o,&hellip;\n","protected":false},"author":2,"featured_media":174448,"comment_status":"","ping_status":"","sticky":false,"template":"","format":"standard","meta":{"footnotes":""},"categories":[278],"tags":[376,50163,168,25,24,375,656,47655,1988,23,167],"class_list":{"0":"post-174447","1":"post","2":"type-post","3":"status-publish","4":"format-standard","5":"has-post-thumbnail","7":"category-balonmano","8":"tag-balonmano","9":"tag-bidasotarra","10":"tag-deportes","11":"tag-es","12":"tag-espana","13":"tag-handball","14":"tag-mario","15":"tag-nevado","16":"tag-seleccion","17":"tag-spain","18":"tag-sports"},"share_on_mastodon":{"url":"","error":""},"_links":{"self":[{"href":"https:\/\/www.europesays.com\/es\/wp-json\/wp\/v2\/posts\/174447","targetHints":{"allow":["GET"]}}],"collection":[{"href":"https:\/\/www.europesays.com\/es\/wp-json\/wp\/v2\/posts"}],"about":[{"href":"https:\/\/www.europesays.com\/es\/wp-json\/wp\/v2\/types\/post"}],"author":[{"embeddable":true,"href":"https:\/\/www.europesays.com\/es\/wp-json\/wp\/v2\/users\/2"}],"replies":[{"embeddable":true,"href":"https:\/\/www.europesays.com\/es\/wp-json\/wp\/v2\/comments?post=174447"}],"version-history":[{"count":0,"href":"https:\/\/www.europesays.com\/es\/wp-json\/wp\/v2\/posts\/174447\/revisions"}],"wp:featuredmedia":[{"embeddable":true,"href":"https:\/\/www.europesays.com\/es\/wp-json\/wp\/v2\/media\/174448"}],"wp:attachment":[{"href":"https:\/\/www.europesays.com\/es\/wp-json\/wp\/v2\/media?parent=174447"}],"wp:term":[{"taxonomy":"category","embeddable":true,"href":"https:\/\/www.europesays.com\/es\/wp-json\/wp\/v2\/categories?post=174447"},{"taxonomy":"post_tag","embeddable":true,"href":"https:\/\/www.europesays.com\/es\/wp-json\/wp\/v2\/tags?post=174447"}],"curies":[{"name":"wp","href":"https:\/\/api.w.org\/{rel}","templated":true}]}}