{"id":174503,"date":"2025-10-13T18:16:10","date_gmt":"2025-10-13T18:16:10","guid":{"rendered":"https:\/\/www.europesays.com\/es\/174503\/"},"modified":"2025-10-13T18:16:10","modified_gmt":"2025-10-13T18:16:10","slug":"se-suspende-la-votacion-sobre-la-expulsion-o-no-de-israel-de-eurovision-la-uer-recula-y-vuelve-a-sus-planes-originales-el-mundo","status":"publish","type":"post","link":"https:\/\/www.europesays.com\/es\/174503\/","title":{"rendered":"Se suspende la votaci\u00f3n sobre la expulsi\u00f3n o no de Israel de Eurovisi\u00f3n: la UER recula y vuelve a sus planes originales &#8211; El Mundo"},"content":{"rendered":"<ol>\n<li><a href=\"https:\/\/news.google.com\/rss\/articles\/CBMif0FVX3lxTFBpczZySnF0ZGRvZWUwNmc0bVVJQWtwOHRWQzlNMldfQ3IyNUVncUNrZEVDZFYzX3R6V0tTTDZXNG1FRFRsVHRmblRrTFY0bXJqT0hQeW5PdF82WUE3eEZfeWw5VHdBT2tRQ1R3aFplWXByeUYzMWxlTWdheGpnTWfSAX9BVV95cUxQczhSUnNub2ZsbERvVS15UkdyRFUweVdNaU0xamJsVEIzYy1ydlpodzdIdXJIWHNPbUtKdFh5QkpOdzItNlhkMjlmakRSSElMR0dwSWZEb01uSjhBcV9lYkFNV01vTFJoYVl2SDFtaWgwZHdDbzNPcFY0TFJmbWYw?oc=5\" target=\"_blank\" rel=\"nofollow noopener\">Se suspende la votaci\u00f3n sobre la expulsi\u00f3n o no de Israel de Eurovisi\u00f3n: la UER recula y vuelve a sus planes originales<\/a>&nbsp;&nbsp;El Mundo<\/li>\n<li><a href=\"https:\/\/news.google.com\/rss\/articles\/CBMiiwFBVV95cUxOU0FrdzZlZjQtWUZPMDcwdVk5WG5yU0R0LWxpV0lwMWFzYTc4aFR0aW94dklCZV9kNzlxcUkyTWg5U1BDZk03QWZ3Qk9Pd1Q3WW03Tk82ZGt4QUJtVWI2ekM2MWVNRi1ucjA2SGdhRGhqR1N1MF90UWZOWWJKbmtvd20zYlJNNmZBQXFB0gGLAUFVX3lxTE9TdDZUWGlCNWtxbFhfMFdFdHdaMW9SYUE1UDd0Wl9JRm54ZFZzSEdiX0hQM0Y5c0FvaEpEMkQ2ai1LSUljNXdpV0RfdHNQdWFIOWNnUVR6dW40UEpFZGZVR1VJYWdQTXczYjJFd0pkUE1sMXFac05nNG01aTFJcGRtVGpRMnUtX1Zfcjg?oc=5\" target=\"_blank\" rel=\"nofollow noopener\">Espa\u00f1a, sin Festival de Eurovisi\u00f3n y colgados de la brocha<\/a>&nbsp;&nbsp;El Mundo<\/li>\n<li><a href=\"https:\/\/news.google.com\/rss\/articles\/CBMizgFBVV95cUxQd3NoSWZOdjZ3Tm93eG9SX0tBZDJfOElmS3lEOHI5MG56V1dkVEF5NXVJRzBZTnBJekxBS054VlI3QkJGSE0wcldPQjhfYnJva0Y0cUhnUXBMOXJJRlNjYlpMekJuU0UwTnh2cFgyamlCWmg0TVhpU1pBbkwycENHWl9YbS1kWUlObVNwX3ZNbDB5UUthVERYYWFrUEotLXBQTDk3WFJrb2JmaDQ5RXJXeHBLc3M3a3drczB6cXFmWGE5ZThCNEJJR0JzTlVQZw?oc=5\" target=\"_blank\" rel=\"nofollow noopener\">Eurovisi\u00f3n aplaza la votaci\u00f3n sobre la permanencia de Israel y lo debatir\u00e1 en diciembre<\/a>&nbsp;&nbsp;EL PA\u00cdS<\/li>\n<li><a href=\"https:\/\/news.google.com\/rss\/articles\/CBMisgFBVV95cUxOTE81WUI5VmZEaUZOWUNaVnBJeWh1dEVkRXNYWHZveE56UGs0a1FKb0pmTmJwV0FXLVllU3ZBdThRNDd3Y084QUs3OGlWWnZCb01mR1FSbWFiUk02ekFXcnBfdkV6Q2RtUGNjakdGaWJZS1NOMGVtTjYtc08xcVFrb1NDLTNsQmtCYnZOaVh6NWZENjFFd2VaWlJGQmhDbU9rOEtkQUMtelVPN3FfZzNKdUNB0gG3AUFVX3lxTE40U1d5ZXJRV2gyakR3TmdPOC1UZzhYZUxxUmVHc2hZN0I2Y2xySEMtajEyRE5RMjFMOC1aalpRX0lucGNOMWRxWUFUMTVhdktlNnZfbTItdmp4TkR4SkhlOVpLcEhTODFCQnZkNjBzZFhQdzB0MEd1blJmTTg5LWRXc0RkaWhwX0xPVm1obkxRXzYzT2tZbUJUOXl6SkVxQ1JyNFNhWEgxV3RLbk1uVEJHVVFaR2xsdw?oc=5\" target=\"_blank\" rel=\"nofollow noopener\">La UER recula y suspende la votaci\u00f3n de noviembre sobre la participaci\u00f3n de Israel en Eurovisi\u00f3n 2026<\/a>&nbsp;&nbsp;El Confidencial<\/li>\n<li><a href=\"https:\/\/news.google.com\/rss\/articles\/CBMihAJBVV95cUxQTGlDUHdFUEt4NkYxSUs0RHFRMXUzdW5mb2tGbi1GQkZfT2pzNUgzR1FJcWtnSGtnd2ltU2Q1Rl9GQ25vRzhPTnZ3LWxVZTRuS3Y4OTYtMmV3Nmh6S25xZW9QYTNUSjRpMkZtN25NbjFmMUdBaU5sMmRmTDY0T000NUxuVHVPRlgwQzBtU2d5NzdLbnVSeEswUEpxSG9KbGhTRU1NV0FMaC1hSHJaRC02a2pOYkRYcFRaSzRtbXU5NUFJY1lrNXM0SWdCOW4zUHBTeURIZFFFWWlicDhwUUpWd1N1RGluLTdCV2dGeHR3cVRsdk81bXlTMVRDR0IwNk1LdzgtR9IBigJBVV95cUxOY2p4U2tsVERQVlFwSV9rU0V3QjUtUVJCdzZOM0tZc216eGFkSEJvQW5YSHV1TEo5RHdJYnotd2R1RGx2U2dCVmlRaS1nMzl0ZlNsc09NRVBuczBlMm4wMGpVTUhLRmljOHNKMFFIMGxRaGZpRk9QNGg4WklKblNkb2pQZ0k1R0Q1b09MOVpiRUpxeTMzWHBxOWFhZFhvUE12b056TXNVYWFoNWZBeVg0OW85eGFjQ19RNWpnc2JNc01fd3d4aklucmZQVzR2bFh3dVFnTTdWZFk0Qk9oMlhnME0wMGhJVTRrQTliVnpLbklqQWRoZXE4N3UzNVV6aXpsUEh2NklBcGxFUQ?oc=5\" target=\"_blank\" rel=\"nofollow noopener\">Aplazada la votaci\u00f3n sobre la participaci\u00f3n de Israel en Eurovisi\u00f3n 2026 hasta diciembre<\/a>&nbsp;&nbsp;La Vanguardia<\/li>\n<\/ol>\n","protected":false},"excerpt":{"rendered":"Se suspende la votaci\u00f3n sobre la expulsi\u00f3n o no de Israel de Eurovisi\u00f3n: la UER recula y vuelve&hellip;\n","protected":false},"author":2,"featured_media":139393,"comment_status":"","ping_status":"","sticky":false,"template":"","format":"standard","meta":{"footnotes":""},"categories":[171],"tags":[146,147,25,24,24121,518,23,807,214],"class_list":{"0":"post-174503","1":"post","2":"type-post","3":"status-publish","4":"format-standard","5":"has-post-thumbnail","7":"category-tv","8":"tag-entertainment","9":"tag-entretenimiento","10":"tag-es","11":"tag-espana","12":"tag-eurovision","13":"tag-rtve","14":"tag-spain","15":"tag-television","16":"tag-tv"},"share_on_mastodon":{"url":"","error":""},"_links":{"self":[{"href":"https:\/\/www.europesays.com\/es\/wp-json\/wp\/v2\/posts\/174503","targetHints":{"allow":["GET"]}}],"collection":[{"href":"https:\/\/www.europesays.com\/es\/wp-json\/wp\/v2\/posts"}],"about":[{"href":"https:\/\/www.europesays.com\/es\/wp-json\/wp\/v2\/types\/post"}],"author":[{"embeddable":true,"href":"https:\/\/www.europesays.com\/es\/wp-json\/wp\/v2\/users\/2"}],"replies":[{"embeddable":true,"href":"https:\/\/www.europesays.com\/es\/wp-json\/wp\/v2\/comments?post=174503"}],"version-history":[{"count":0,"href":"https:\/\/www.europesays.com\/es\/wp-json\/wp\/v2\/posts\/174503\/revisions"}],"wp:featuredmedia":[{"embeddable":true,"href":"https:\/\/www.europesays.com\/es\/wp-json\/wp\/v2\/media\/139393"}],"wp:attachment":[{"href":"https:\/\/www.europesays.com\/es\/wp-json\/wp\/v2\/media?parent=174503"}],"wp:term":[{"taxonomy":"category","embeddable":true,"href":"https:\/\/www.europesays.com\/es\/wp-json\/wp\/v2\/categories?post=174503"},{"taxonomy":"post_tag","embeddable":true,"href":"https:\/\/www.europesays.com\/es\/wp-json\/wp\/v2\/tags?post=174503"}],"curies":[{"name":"wp","href":"https:\/\/api.w.org\/{rel}","templated":true}]}}