{"id":174551,"date":"2025-10-13T18:45:09","date_gmt":"2025-10-13T18:45:09","guid":{"rendered":"https:\/\/www.europesays.com\/es\/174551\/"},"modified":"2025-10-13T18:45:09","modified_gmt":"2025-10-13T18:45:09","slug":"el-servicio-de-streaming-estrena-nueva-identidad-cambiando-su-nombre-para-ser-mas-sencillo","status":"publish","type":"post","link":"https:\/\/www.europesays.com\/es\/174551\/","title":{"rendered":"el servicio de &#8216;streaming&#8217; estrena nueva identidad cambiando su nombre para ser m\u00e1s sencillo"},"content":{"rendered":"<p class=\"paragraph\" id=\"paragraph_1\">Apple TV+ cambia para siempre. El servicio de streaming de la compa\u00f1\u00eda cambia de nombre y pasa a llamarse simplemente Apple TV. Coincide as\u00ed con la designaci\u00f3n del dispositivo para televisi\u00f3n de la empresa, as\u00ed como con la aplicaci\u00f3n para ver contenido audiovisual.<\/p>\n<p class=\"paragraph\" id=\"paragraph_2\">La compa\u00f1\u00eda ha aprovechado para comunicar el cambio de nombre coincidiendo con el anuncio del estreno de F1: La Pel\u00edcula en su plataforma. La pel\u00edcula deportiva m\u00e1s taquillera de todos los tiempos, protagonizada por Brad Pitt y dirigida por Joseph Kosinski, har\u00e1 su debut mundial en streaming en Apple TV el viernes 12 de diciembre.<\/p>\n<p><img loading=\"lazy\" decoding=\"async\" alt=\"Brad Pitt, en la parrilla de Silverstone\" height=\"180\" src=\"https:\/\/www.europesays.com\/es\/wp-content\/uploads\/2025\/10\/1003743812126_256611664_320x180.jpg\" width=\"320\" data-lazy-status=\"processed\" data-lazy-info=\"remove loading item 1\"\/><\/p>\n<p class=\"paragraph\" id=\"paragraph_3\">La compa\u00f1\u00eda ha explicado que la nueva denominaci\u00f3n Apple TV responde a \u00abuna nueva y vibrante identidad\u00bb. Eso s\u00ed, Apple explica que antes de su estreno mundial en streaming en Apple TV, la pel\u00edcula sigue disponible para su compra en las plataformas digitales participantes, como la app de Apple TV, o Amazon Prime Video.<\/p>\n<p class=\"paragraph\" id=\"paragraph_4\">El cambio en la nomenclatura puede anticipar un cambio mayor en la plataforma, bien sea con la llegada de un \u2014y rumoreado\u2014 nuevo dispositivo, e incluso con el anuncio de los derechos de emisi\u00f3n de la F\u00f3rmula 1 en EEUU. Un acuerdo que se da por hecho entre los expertos del sector.<\/p>\n<p>Una pel\u00edcula que bate r\u00e9cords<\/p>\n<p class=\"paragraph\" id=\"paragraph_5\">Lo cierto es que la huella de Apple en la F1 ha llegado para quedarse.<\/p>\n<p class=\"paragraph\" id=\"paragraph_6\">Desde su estreno en cines el 27 de junio de 2025, F1: La Pel\u00edcula ha batido r\u00e9cords, debutando en el n\u00famero 1 y superando los 629 millones de d\u00f3lares en taquilla mundial. Adem\u00e1s de ser la pel\u00edcula deportiva m\u00e1s taquillera, ha sido el largometraje original m\u00e1s taquillero del a\u00f1o y el mayor estreno para una pel\u00edcula original de acci\u00f3n real en Estados Unidos en los \u00faltimos cinco a\u00f1os.<\/p>\n<p class=\"paragraph\" id=\"paragraph_7\">Tambi\u00e9n ha supuesto un hito en la carrera de Brad Pitt, pues se trata de su largometraje m\u00e1s taquillero hasta la fecha. Adem\u00e1s, el estilo inconfundible del actor de Oklahoma ha hecho que algunos de los productos con los que salen en la pel\u00edcula se hayan convertido en tendencia. Como el poner pegatinas a <a href=\"https:\/\/www.elespanol.com\/omicrono\/hardware\/20201217\/probamos-airpods-max-apple-musica-llevate-experiencia\/543946773_0.html?utm_cmp_rs=linksinline\" rel=\"nofollow noopener\" target=\"_blank\">los AirPods Max.<\/a><\/p>\n<p>                                                            F1: La Pel\u00edcula en Apple TV<\/p>\n<p class=\"paragraph\" id=\"paragraph_8\">M\u00e1s all\u00e1 del \u00e9xito en taquilla, la pel\u00edcula ha gustado. Cuenta con una calificaci\u00f3n A en CinemaScore, adem\u00e1s de una impresionante puntuaci\u00f3n del 97% en Rotten Tomatoes, y contin\u00faa cosechando elogios como la pel\u00edcula de carreras m\u00e1s aut\u00e9ntica jam\u00e1s realizada.<\/p>\n<p class=\"paragraph\" id=\"paragraph_9\">Gran parte de la magia de la realizaci\u00f3n y de los planos imposibles responde a un dispositivo \u00fanico desarrollado por la compa\u00f1\u00eda que permit\u00eda meterse dentro de los veh\u00edculos: <a href=\"https:\/\/www.elespanol.com\/omicrono\/hardware\/20250617\/apple-desarrollado-camara-secreta-no-podras-comprar-grabado-espectacular-pelicula-f1\/1003743809100_0.html?utm_cmp_rs=linksinline\" rel=\"nofollow noopener\" target=\"_blank\">una c\u00e1mara que se integraba en el chasis.<\/a><\/p>\n<p class=\"paragraph\" id=\"paragraph_10\">Con esta c\u00e1mara la compa\u00f1\u00eda ha sido capaz de adaptar el conocimiento llevado a los iPhone y trasladar la experiencia al cine. Un reto ampliamente superado pues el tel\u00e9fono se ha convertido en una herramienta cada vez m\u00e1s habitual de los rodajes cinematogr\u00e1ficos.<\/p>\n<p class=\"paragraph\" id=\"paragraph_11\">\u00abHa sido emocionante ver al p\u00fablico de todo el mundo disfrutar de &#8216;F1: La Pel\u00edcula&#8217; en los cines\u00bb, declar\u00f3 el productor Jerry Bruckheimer. Ahora, estamos m\u00e1s que emocionados de llevar esta emocionante aventura cinematogr\u00e1fica a los fans de todo el mundo a trav\u00e9s del alcance global inigualable de Apple TV.<\/p>\n","protected":false},"excerpt":{"rendered":"Apple TV+ cambia para siempre. El servicio de streaming de la compa\u00f1\u00eda cambia de nombre y pasa a&hellip;\n","protected":false},"author":2,"featured_media":174552,"comment_status":"","ping_status":"","sticky":false,"template":"","format":"standard","meta":{"footnotes":""},"categories":[81],"tags":[2823,12178,119,123,124,25,24,22718,117,121,122,23,118,120],"class_list":{"0":"post-174551","1":"post","2":"type-post","3":"status-publish","4":"format-standard","5":"has-post-thumbnail","7":"category-ciencia-y-tecnologia","8":"tag-apple","9":"tag-apple-tv","10":"tag-ciencia","11":"tag-ciencia-y-tecnologia","12":"tag-cienciaytecnologia","13":"tag-es","14":"tag-espana","15":"tag-plataformas-de-streaming","16":"tag-science","17":"tag-science-and-technology","18":"tag-scienceandtechnology","19":"tag-spain","20":"tag-technology","21":"tag-tecnologia"},"share_on_mastodon":{"url":"","error":""},"_links":{"self":[{"href":"https:\/\/www.europesays.com\/es\/wp-json\/wp\/v2\/posts\/174551","targetHints":{"allow":["GET"]}}],"collection":[{"href":"https:\/\/www.europesays.com\/es\/wp-json\/wp\/v2\/posts"}],"about":[{"href":"https:\/\/www.europesays.com\/es\/wp-json\/wp\/v2\/types\/post"}],"author":[{"embeddable":true,"href":"https:\/\/www.europesays.com\/es\/wp-json\/wp\/v2\/users\/2"}],"replies":[{"embeddable":true,"href":"https:\/\/www.europesays.com\/es\/wp-json\/wp\/v2\/comments?post=174551"}],"version-history":[{"count":0,"href":"https:\/\/www.europesays.com\/es\/wp-json\/wp\/v2\/posts\/174551\/revisions"}],"wp:featuredmedia":[{"embeddable":true,"href":"https:\/\/www.europesays.com\/es\/wp-json\/wp\/v2\/media\/174552"}],"wp:attachment":[{"href":"https:\/\/www.europesays.com\/es\/wp-json\/wp\/v2\/media?parent=174551"}],"wp:term":[{"taxonomy":"category","embeddable":true,"href":"https:\/\/www.europesays.com\/es\/wp-json\/wp\/v2\/categories?post=174551"},{"taxonomy":"post_tag","embeddable":true,"href":"https:\/\/www.europesays.com\/es\/wp-json\/wp\/v2\/tags?post=174551"}],"curies":[{"name":"wp","href":"https:\/\/api.w.org\/{rel}","templated":true}]}}