{"id":174575,"date":"2025-10-13T19:01:24","date_gmt":"2025-10-13T19:01:24","guid":{"rendered":"https:\/\/www.europesays.com\/es\/174575\/"},"modified":"2025-10-13T19:01:24","modified_gmt":"2025-10-13T19:01:24","slug":"gure-aizpea-historias-y-vivencias-de-mujeres-del-valle-de-aezkoa","status":"publish","type":"post","link":"https:\/\/www.europesays.com\/es\/174575\/","title":{"rendered":"&#8216;Gure Aizpea&#8217;, historias y vivencias de mujeres del valle de Aezkoa"},"content":{"rendered":"<p>\n        La <strong>Asociaci\u00f3n de Mujeres Gure Aizpea del <\/strong><a href=\"https:\/\/www.noticiasdenavarra.com\/tags\/valle-de-aezkoa\/\" title=\"valle de Aezkoa\" target=\"_blank\" class=\"link copy\" rel=\"nofollow noopener\">valle de Aezkoa<\/a> acaba de presentar con gran orgullo el libro Aezkoa. Emaztekiak Historian, emaztekien ixtorioak. Mujeres en la Historia, Historias de Mujeres, una obra que no s\u00f3lo narra sus vivencias, sino que rinde homenaje a las vidas, luchas y esfuerzos de todas las mujeres del valle que siempre han permanecido en la sombra.\u00a0\n<\/p>\n<p>  40 % EMIGRANTES <\/p>\n<p class=\"article-body__text \">\n        <strong>Tere Barberena Del R\u00edo y Blanca Carballo<\/strong> son las encargadas de coordinar el libro, con la ayuda de <strong>Kontxesi Pedroarena, Noelia Barber y las hermanas Maite y Pepa Velasco<\/strong>; sin embargo, hay muchas m\u00e1s colaboradoras que han aportado su ilusi\u00f3n en este trabajo realizado \u00fanica y exclusivamente por mujeres, desde el gui\u00f3n y traducci\u00f3n hasta la maquetaci\u00f3n. La idea de este libro surgi\u00f3 a ra\u00edz de la publicaci\u00f3n de La Aezkoa que se fue, un estudio sobre la emigraci\u00f3n aezkoana que se public\u00f3 en junio del a\u00f1o pasado y que les permiti\u00f3 conocer muchas historias de las mujeres emigrantes del siglo XIX y XX que hab\u00edan quedado relegadas al olvido. Se descubri\u00f3 que, entre las personas que emigraron, un tercio fueron mujeres; en algunos pueblos, hasta un 40 %. \u201cIncluso para nosotras, que desde la Asociaci\u00f3n trabajamos por la<strong> igualdad, visibilizaci\u00f3n y empoderamiento de la mujer en el medio rural,<\/strong> fue una sorpresa. Nos pareci\u00f3 una cifra significativa y nos hizo pensar que las mujeres siempre han sido invisibilizadas\u201d, explican.\u00a0\n<\/p>\n<p class=\"article-body__text \">\n        Este alto porcentaje y la contribuci\u00f3n femenina, que nunca se ha puesto en valor, fueron el punto de partida para<strong> una exhaustiva investigaci\u00f3n<\/strong>. As\u00ed, esta labor altruista comenz\u00f3 en el <a href=\"https:\/\/www.noticiasdenavarra.com\/tags\/archivo-general-de-navarra\/\" title=\"Archivo General de Navarra\" target=\"_blank\" class=\"link copy\" rel=\"nofollow noopener\">Archivo General de Navarra<\/a>, archivos municipales y Diocesano y se extendi\u00f3 a plataformas de genealog\u00eda como MyHeritage y FamilySearch. Pero, sobre todo, se enriqueci\u00f3 con las conversaciones pueblo a pueblo con las mujeres mayores del valle, quienes, a trav\u00e9s de sus recuerdos, han permitido reconstruir relatos que abarcan ya no s\u00f3lo la di\u00e1spora femenina a Am\u00e9rica y Europa, sino tambi\u00e9n <strong>la lucha por sus derechos en tiempos de la Inquisici\u00f3n y siglos posteriores<\/strong>, en el \u00e1mbito laboral, educativo y social. M\u00e1s all\u00e1 de las emigrantes, este trabajo tambi\u00e9n rinde tributo a aquellas mujeres que, de uno u otro modo, soportaron el peso de la vida al quedarse al frente de la familia, el hogar y las arduas labores del campo. \u201cMitificamos a las que se fueron, pero <strong>quienes construyeron los cimientos de la sociedad aezkoana<\/strong> fueron las que se quedaron. Sin mujeres no hay vida y sin vida no hay futuro, algo muy a tener en cuenta ahora que hay tanta despoblaci\u00f3n en Aezkoa y en el Pirineo\u201d, apostillan.\n<\/p>\n<p>  PARTICIPATIVAS <\/p>\n<p class=\"article-body__text \">\n        Fruto de meses de trabajo, el resultado se ha plasmado, con la colaboraci\u00f3n del INAI, en una publicaci\u00f3n de <strong>190 p\u00e1ginas a color llenas de fotograf\u00edas, historias y testimonios<\/strong> de mujeres escritos en castellano y en euskera local (aezkera) de una manera amena y con un lenguaje cotidiano. El libro se puede adquirir por 25 euros en los puntos de venta de Carrefour de <strong>Aribe <\/strong>y en Xankoi de <strong>Garralda<\/strong>. \u201cHay muchas an\u00e9cdotas interesantes que se podr\u00edan estudiar m\u00e1s en profundidad\u201d, reconocen.\u00a0\n<\/p>\n<p class=\"article-body__text \">\n        Entre ellas, en el libro se recogen relatos como el de una miliciana de la guerra civil, maestras que eran castigadas sin sueldo, viudas blancas sin poderes notariales para gestionar sus casas o los sueldos, una monja que muri\u00f3 en barco al intentar cruzar el charco o parteras y nodrizas que atend\u00edan los partos y que amamantaban a los reci\u00e9n nacidos. \u201cSiempre han participado en todo, han sufrido muchas desigualdades y han hecho cantidad de trabajos para la comunidad, aunque nunca se les reconoci\u00f3 como tales. Con este libro, quer\u00edamos reflejar que las mujeres han estado en la historia siempre, aunque hayan sido invisibilizadas, y que, gracias a todo lo que hicieron, estamos hoy aqu\u00ed\u201d, concluyen.<\/p>\n","protected":false},"excerpt":{"rendered":"La Asociaci\u00f3n de Mujeres Gure Aizpea del valle de Aezkoa acaba de presentar con gran orgullo el libro&hellip;\n","protected":false},"author":2,"featured_media":174576,"comment_status":"","ping_status":"","sticky":false,"template":"","format":"standard","meta":{"footnotes":""},"categories":[172],"tags":[50181,224,146,147,25,24,48444,28450,225,4044,23,50182],"class_list":{"0":"post-174575","1":"post","2":"type-post","3":"status-publish","4":"format-standard","5":"has-post-thumbnail","7":"category-libros","8":"tag-aizpea","9":"tag-books","10":"tag-entertainment","11":"tag-entretenimiento","12":"tag-es","13":"tag-espana","14":"tag-gure","15":"tag-historias","16":"tag-libros","17":"tag-mujeres","18":"tag-spain","19":"tag-vivencias"},"share_on_mastodon":{"url":"","error":""},"_links":{"self":[{"href":"https:\/\/www.europesays.com\/es\/wp-json\/wp\/v2\/posts\/174575","targetHints":{"allow":["GET"]}}],"collection":[{"href":"https:\/\/www.europesays.com\/es\/wp-json\/wp\/v2\/posts"}],"about":[{"href":"https:\/\/www.europesays.com\/es\/wp-json\/wp\/v2\/types\/post"}],"author":[{"embeddable":true,"href":"https:\/\/www.europesays.com\/es\/wp-json\/wp\/v2\/users\/2"}],"replies":[{"embeddable":true,"href":"https:\/\/www.europesays.com\/es\/wp-json\/wp\/v2\/comments?post=174575"}],"version-history":[{"count":0,"href":"https:\/\/www.europesays.com\/es\/wp-json\/wp\/v2\/posts\/174575\/revisions"}],"wp:featuredmedia":[{"embeddable":true,"href":"https:\/\/www.europesays.com\/es\/wp-json\/wp\/v2\/media\/174576"}],"wp:attachment":[{"href":"https:\/\/www.europesays.com\/es\/wp-json\/wp\/v2\/media?parent=174575"}],"wp:term":[{"taxonomy":"category","embeddable":true,"href":"https:\/\/www.europesays.com\/es\/wp-json\/wp\/v2\/categories?post=174575"},{"taxonomy":"post_tag","embeddable":true,"href":"https:\/\/www.europesays.com\/es\/wp-json\/wp\/v2\/tags?post=174575"}],"curies":[{"name":"wp","href":"https:\/\/api.w.org\/{rel}","templated":true}]}}