{"id":174581,"date":"2025-10-13T19:04:09","date_gmt":"2025-10-13T19:04:09","guid":{"rendered":"https:\/\/www.europesays.com\/es\/174581\/"},"modified":"2025-10-13T19:04:09","modified_gmt":"2025-10-13T19:04:09","slug":"un-actor-de-top-gun-maverick-quiere-protagonizar-la-adaptacion-al-cine-de-clair-obscur-expedition-33-vandal","status":"publish","type":"post","link":"https:\/\/www.europesays.com\/es\/174581\/","title":{"rendered":"Un actor de &#039;Top Gun: Maverick&#039; quiere protagonizar la adaptaci\u00f3n al cine de &#039;Clair Obscur: Expedition 33&#039; &#8211; Vandal"},"content":{"rendered":"<ol>\n<li><a href=\"https:\/\/news.google.com\/rss\/articles\/CBMigwJBVV95cUxPWmQtV01GMlF4bDBqRFpmcFd2T0xTdk9hSzE2TTBGQXZ4WXJLZWxhQjkxeDBuWjNXR2lfeVVOdnZxMWlCSzY5dENKNUJNRVg2c0dfcHF4ZnpodGtuLVdUNkhFUjRYZ3FlM2xvU3BNczUxdm9YNDEtdnBicHhBVE1aeWkteEdCekVpUkllbzFjTEFtN0ZHRVM5UFJ4aEZaWUJHQWNVaWpLLUF5aTZLUUN6TGNmN25OTlpMbDF5NnNpYUVjZ2JjUjkxU3NEd3BRMWNsYllSSXFaRkdSdGZ3R1hkSnNOSW5vWDNhaVhaeHZjVGNhMVZDZ0M0NS1SVDdyQUZKUnE40gGIAkFVX3lxTE5tWWNwTXhWX1VVUVlVTng3eUNWMWluT1hEOTBJd2xlMFNhMkRrMnZUYnV3bi0yMUNUTkdCeXFXc00tdGxaY056X0dZdjVpYkJlY3FWTnVLVTA0elVJdlJLSWpGdGdiVUJtU3BRQnlQUjNablpZZDQtLXBabnZHcEVKYTZaNHFjbm54SWlzTFl1eU5Sc2liNzhZazF6WG9WQU1saVBGalk5Uk1rYW1NckdXWjRzUlZHMkhYSG1wN1JTdXk3ZEcwMjdJNEdqWUdIaW1PYlBqc05FaDh4aENzMnpfZWk1RkFpTnBrOWFMaVc0TnNCYnp3TlJId1gwZnA4aDR5aHFkZzYzcA?oc=5\" target=\"_blank\" rel=\"nofollow noopener\">Un actor de &#8216;Top Gun: Maverick&#8217; quiere protagonizar la adaptaci\u00f3n al cine de &#8216;Clair Obscur: Expedition 33&#8217;<\/a>&nbsp;&nbsp;Vandal<\/li>\n<li><a href=\"https:\/\/news.google.com\/rss\/articles\/CBMizwFBVV95cUxQWldMTXFDdl9TOWpvc3k3Ym9pZ0tIVkNTQWtQMDJsUi1aenlzY1p1QkxmUEtmSnRuWmpYTGYwWDUzcnVzbDBTUGVXc1Y0V0p5WVhteENaWFNQUGdPRmRibFZvS3VIVUZONUNOM2NHZjJOWW8zUWR3b2JhTGFwVW9FSmN0UlJ4UldFSllBRVBSY0tqZVZxeXVQX2hxalRWT2pORkU0QXRqNWdGd3JnQW5ORjl1bEJoSTN5dGFHelBmODFSSVM1OVNqVVRBaEFlbnc?oc=5\" target=\"_blank\" rel=\"nofollow noopener\">Este favorito al GOTY 2025 tendr\u00e1 pel\u00edcula y uno de los actores del momento quiere estar en ella<\/a>&nbsp;&nbsp;Diario AS<\/li>\n<li><a href=\"https:\/\/news.google.com\/rss\/articles\/CBMiqAFBVV95cUxOTTZNYm42aE1hZU91Z0Fkc2Nwa3ZOa0hpZFBsVGdJUHhZOVltZFk1STFfa3dXVkR1anIyZ29taUFGOHg1ZDJDZHlONEh5YVNUTmlzM0hWTVl3U1BvVk9uZk5aNnRiYjBFZDVnb002a2Q4aGVIcW13OUxhZDA2MWZXRU1tSVN6WDhrMThaUVI1MUlKNUpLRDV1cFM4enFOVTlOVVdidHREWjQ?oc=5\" target=\"_blank\" rel=\"nofollow noopener\">Glen Powell quiere un papel en la pel\u00edcula Clair Obscur: Expedition 33<\/a>&nbsp;&nbsp;Gamereactor<\/li>\n<li><a href=\"https:\/\/news.google.com\/rss\/articles\/CBMi5wFBVV95cUxNb19QNVQ4dEZaMGo1QmxqWWhwVHl4cUhWTndkbzBkeTBoVGJJOUNDclRuRFNzVWgxdkFXZGJkeV9OUC1TRDMwd0dGN0FWSTFSallMblJueDN2Q19vWm1pWml3ZG5MbGZMNzBVLW1Rbm8yeV9MWDR1VzlUUFF2Z1V5dmxBMVZ6eUhsVkYxUWl3NjA5bi1jamIxdjdzLTd3TlNXdjZHNm0zRWx5VzBBSjJjeURXQXVINnJKaDJ5T1VqLXg5MjRlc0NiUHBTckJwY3JXYWtRMXFmSEdmQzBmYU8wRThsVWRlRkk?oc=5\" target=\"_blank\" rel=\"nofollow noopener\">\u00abEstoy muy interesado\u00bb: uno de los actores m\u00e1s cotizados de Hollywood ya est\u00e1 pidiendo ser el protagonista de la adaptaci\u00f3n de Clair Obscur Expedition 33<\/a>&nbsp;&nbsp;VidaExtra<\/li>\n<li><a href=\"https:\/\/news.google.com\/rss\/articles\/CBMiuwFBVV95cUxNN0QxNnVFWFd5aDB6OVJpV2NlU0VpWnUtWUxCcWZ1TWt2T0RNNjFoX0Q5dmtJa1FwT2gzRDUxbEY3WjVjVFNNd2xaUG1tMm1hZnE4cWVRNy1KNjREb1BlSHdPZVBNMWVlUHpWdlp6TlpRX1hEUjFFc3FiR2YyT2Q0NWN0RV9YeS1QNl8tMWZNN2puTm1MWm41blNLams3MXdJX2ozQ19xanFTWHBCZWRWaTl2Z2RqM250bDZv0gHAAUFVX3lxTE9RRUM0RDVvdUdHQ0pQZlZSalNYWjBhZFU4UVowUUozQWtpT1RKWE5GLWF2bEZZYkFTRWJuNUVCNGw2eE9VdDJKTE5kVFhyMjgxY3dRYjZfX1RNQm9Bd0pDdnJWOWI4Qko5bGRBUkJvOV84QnlqUEk0cjRaZUhRMmpxanNMb3FXMGhCSmxfY2JhMmJkTjNnbzdCN1k4WmxDV19ZaFplSk5rMExUUzJHY29oc1JkSXlpdTIyRWROQWdIYQ?oc=5\" target=\"_blank\" rel=\"nofollow noopener\">Clair Obscur: Expedition 33 | Glen Powell quiere protagonizar filme<\/a>&nbsp;&nbsp;omelete.com.mx<\/li>\n<\/ol>\n","protected":false},"excerpt":{"rendered":"Un actor de &#8216;Top Gun: Maverick&#8217; quiere protagonizar la adaptaci\u00f3n al cine de &#8216;Clair Obscur: Expedition 33&#8217;&nbsp;&nbsp;Vandal Este&hellip;\n","protected":false},"author":2,"featured_media":174582,"comment_status":"","ping_status":"","sticky":false,"template":"","format":"standard","meta":{"footnotes":""},"categories":[169],"tags":[177,146,147,25,24,2065,176,175,23],"class_list":{"0":"post-174581","1":"post","2":"type-post","3":"status-publish","4":"format-standard","5":"has-post-thumbnail","7":"category-cine","8":"tag-cine","9":"tag-entertainment","10":"tag-entretenimiento","11":"tag-es","12":"tag-espana","13":"tag-faltan-tags","14":"tag-film","15":"tag-movies","16":"tag-spain"},"share_on_mastodon":{"url":"","error":""},"_links":{"self":[{"href":"https:\/\/www.europesays.com\/es\/wp-json\/wp\/v2\/posts\/174581","targetHints":{"allow":["GET"]}}],"collection":[{"href":"https:\/\/www.europesays.com\/es\/wp-json\/wp\/v2\/posts"}],"about":[{"href":"https:\/\/www.europesays.com\/es\/wp-json\/wp\/v2\/types\/post"}],"author":[{"embeddable":true,"href":"https:\/\/www.europesays.com\/es\/wp-json\/wp\/v2\/users\/2"}],"replies":[{"embeddable":true,"href":"https:\/\/www.europesays.com\/es\/wp-json\/wp\/v2\/comments?post=174581"}],"version-history":[{"count":0,"href":"https:\/\/www.europesays.com\/es\/wp-json\/wp\/v2\/posts\/174581\/revisions"}],"wp:featuredmedia":[{"embeddable":true,"href":"https:\/\/www.europesays.com\/es\/wp-json\/wp\/v2\/media\/174582"}],"wp:attachment":[{"href":"https:\/\/www.europesays.com\/es\/wp-json\/wp\/v2\/media?parent=174581"}],"wp:term":[{"taxonomy":"category","embeddable":true,"href":"https:\/\/www.europesays.com\/es\/wp-json\/wp\/v2\/categories?post=174581"},{"taxonomy":"post_tag","embeddable":true,"href":"https:\/\/www.europesays.com\/es\/wp-json\/wp\/v2\/tags?post=174581"}],"curies":[{"name":"wp","href":"https:\/\/api.w.org\/{rel}","templated":true}]}}