{"id":174601,"date":"2025-10-13T19:14:13","date_gmt":"2025-10-13T19:14:13","guid":{"rendered":"https:\/\/www.europesays.com\/es\/174601\/"},"modified":"2025-10-13T19:14:13","modified_gmt":"2025-10-13T19:14:13","slug":"manolo-zapata-el-acero-le-niega-el-trofeo-en-zapotlanejo-mexico","status":"publish","type":"post","link":"https:\/\/www.europesays.com\/es\/174601\/","title":{"rendered":"Manolo Zapata: el acero le niega el trofeo en Zapotlanejo, M\u00e9xico"},"content":{"rendered":"<p>            <a href=\"https:\/\/www.lascosasdeltoro.com\/wp-content\/uploads\/2025\/10\/1000765243-scaled.jpg\" data-caption=\"\" rel=\"nofollow noopener\" target=\"_blank\"><img loading=\"lazy\" decoding=\"async\" width=\"696\" height=\"557\" class=\"entry-thumb td-modal-image\" src=\"https:\/\/www.europesays.com\/es\/wp-content\/uploads\/2025\/10\/1000765243-696x557.jpg\"   alt=\"\" title=\"1000765243\"\/><\/a><\/p>\n<p>\u00a0La Plaza de Toros San Joaqu\u00edn, enclavada en la localidad de Zorrillos, fue escenario de una corrida mixta de gran valor art\u00edstico, donde se lidiaron ejemplares de la ganader\u00eda San Sebasti\u00e1n, propiedad de David Hern\u00e1ndez y Palem\u00f3n Garc\u00eda, procedentes de la finca Las Golondrinas. Los novillos ofrecieron un juego variado, con bravura y exigencia, que permiti\u00f3 a los alternantes mostrar sus capacidades.<\/p>\n<p>La actuaci\u00f3n del torero venezolano Manolo Zapata estuvo marcada por el buen gusto y el conocimiento del toreo, dej\u00f3 una profunda huella en la afici\u00f3n jalisciense. Con el capote bord\u00f3 ver\u00f3nicas de trazo largo y templado, rematadas con una media que arranc\u00f3 los primeros \u00ab\u00a1ol\u00e9!\u00bb de la tarde.<\/p>\n<p>Con la muleta, Zapata cuaj\u00f3 una faena de gran calado, basada en la suavidad y el mando. Supo entender las embestidas del astado, toreando a favor del viaje, con la mano baja y el cuerpo relajado. Las tandas por ambos pitones fueron largas y sentidas, destacando los cambios de mano y los remates con sabor a\u00f1ejo. Su labor \u00a0 que fue creciendo en intensidad, merec\u00eda premio, pero un pinchazo previo a la estocada le priv\u00f3 de cortar oreja. Aun as\u00ed, recibi\u00f3 una ovaci\u00f3n cerrada desde los medios, como reconocimiento a su entrega y concepto.<\/p>\n<p>Al t\u00e9rmino de su actuaci\u00f3n, Zapata expres\u00f3: \u201cDe Jalisco me llevo el respeto de una afici\u00f3n que sabe de toros y valora el toreo de verdad, pero sobre todo una satisfacci\u00f3n personal y profesional. Gracias, por tanto.\u201d<\/p>\n<p>Tras su destacada actuaci\u00f3n en Zapotlanejo, Manolo Zapata se prepara para su despedida de los ruedos mexicanos el pr\u00f3ximo domingo 19 de octubre, en la tradicional Feria de la Piedra 2025 en Xaltocan, Tlaxcala. Ser\u00e1 su \u00faltimo compromiso en tierras aztecas antes de emprender su retorno a Venezuela.<\/p>\n<p>Sus compa\u00f1eros de Cartel\u00a0<\/p>\n<p>Por su parte joven Palomo Reyes fue el \u00fanico en tocar pelo, tras una faena de m\u00e9rito que le vali\u00f3 la oreja otorgada por el juez de plaza. Su labor fue firme y voluntariosa, destacando en los terrenos comprometidos y con una estocada efectiva.<\/p>\n<p>El local Mauro Lizardo \u00abel gallo de Jalisco\u00bb dej\u00f3 buen ambiente con una actuaci\u00f3n valiente y de conexi\u00f3n con el tendido, siendo ovacionado. Tambi\u00e9n Emiliano Rocha mostr\u00f3 oficio y disposici\u00f3n, llev\u00e1ndose una ovaci\u00f3n por su entrega. Cerraron el cartel Christopher Morales y Teresita Lamas, quienes saludaron en el tercio tras faenas de voluntad y detalles que la afici\u00f3n supo agradecer. Carlos Alexis Rivera CNP 10746<\/p>\n<p><a href=\"#\"><img decoding=\"async\" src=\"https:\/\/www.lascosasdeltoro.com\/wp-content\/uploads\/2016\/10\/rec728.jpg\"\/><\/a>        <\/p>\n","protected":false},"excerpt":{"rendered":"\u00a0La Plaza de Toros San Joaqu\u00edn, enclavada en la localidad de Zorrillos, fue escenario de una corrida mixta&hellip;\n","protected":false},"author":2,"featured_media":174602,"comment_status":"","ping_status":"","sticky":false,"template":"","format":"standard","meta":{"footnotes":""},"categories":[277],"tags":[373,168,25,24,23,167,374],"class_list":{"0":"post-174601","1":"post","2":"type-post","3":"status-publish","4":"format-standard","5":"has-post-thumbnail","7":"category-toreo","8":"tag-bullfighting","9":"tag-deportes","10":"tag-es","11":"tag-espana","12":"tag-spain","13":"tag-sports","14":"tag-toreo"},"share_on_mastodon":{"url":"","error":""},"_links":{"self":[{"href":"https:\/\/www.europesays.com\/es\/wp-json\/wp\/v2\/posts\/174601","targetHints":{"allow":["GET"]}}],"collection":[{"href":"https:\/\/www.europesays.com\/es\/wp-json\/wp\/v2\/posts"}],"about":[{"href":"https:\/\/www.europesays.com\/es\/wp-json\/wp\/v2\/types\/post"}],"author":[{"embeddable":true,"href":"https:\/\/www.europesays.com\/es\/wp-json\/wp\/v2\/users\/2"}],"replies":[{"embeddable":true,"href":"https:\/\/www.europesays.com\/es\/wp-json\/wp\/v2\/comments?post=174601"}],"version-history":[{"count":0,"href":"https:\/\/www.europesays.com\/es\/wp-json\/wp\/v2\/posts\/174601\/revisions"}],"wp:featuredmedia":[{"embeddable":true,"href":"https:\/\/www.europesays.com\/es\/wp-json\/wp\/v2\/media\/174602"}],"wp:attachment":[{"href":"https:\/\/www.europesays.com\/es\/wp-json\/wp\/v2\/media?parent=174601"}],"wp:term":[{"taxonomy":"category","embeddable":true,"href":"https:\/\/www.europesays.com\/es\/wp-json\/wp\/v2\/categories?post=174601"},{"taxonomy":"post_tag","embeddable":true,"href":"https:\/\/www.europesays.com\/es\/wp-json\/wp\/v2\/tags?post=174601"}],"curies":[{"name":"wp","href":"https:\/\/api.w.org\/{rel}","templated":true}]}}