{"id":174611,"date":"2025-10-13T19:20:11","date_gmt":"2025-10-13T19:20:11","guid":{"rendered":"https:\/\/www.europesays.com\/es\/174611\/"},"modified":"2025-10-13T19:20:11","modified_gmt":"2025-10-13T19:20:11","slug":"la-visita-del-unicaja-al-karditsa-un-gran-acontecimiento-un-viaje-hacia-las-estrellas","status":"publish","type":"post","link":"https:\/\/www.europesays.com\/es\/174611\/","title":{"rendered":"La visita del Unicaja al Karditsa, un gran acontecimiento: \u00abUn viaje hacia las estrellas\u00bb"},"content":{"rendered":"<p>La visita del Unicaja al Karditsa como campe\u00f3n de la Basketball Champions League esta suponiendo todo un acontecimiento social y deportivo en la ciudad, donde  &#8230; su equipo disputa este martes el primer partido internacional de su historia como local.<\/p>\n<p class=\"v-p\">El club griego espera un lleno en su peque\u00f1o paball\u00f3n y est\u00e1 vendiendo la cita como un aut\u00e9ntico acontecimiento deportivo y social. \u00abEl club y la ciudad de Karditsa est\u00e1n preparados para un viaje hacia las estrellas\u00bb. As\u00ed comieza el an\u00e1lisis que el rival del Unicaja hace para presentar el partido (19.00 horas). <\/p>\n<p><a href=\"http:\/\/www.diariosur.es\/unicaja\/unicaja-estrena-ioannis-bourousis-20251012211329-nt.html#vtm_modulosEngag=mod-rel:unicaja:noticia:1:cmp:1-not\" class=\"v-a-link\" aria-label=\"Imagen\" rel=\"nofollow noopener\" target=\"_blank\"><\/p>\n<p><img decoding=\"async\" loading=\"lazy\" src=\"https:\/\/www.europesays.com\/es\/wp-content\/uploads\/2025\/10\/newspaint-1760293648105-1200x840-U61445784777pem-366x256@Diario Sur.jpg\" class=\"v-a-img\" width=\"258\" height=\"180\" alt=\"\" data-voc-vtm-id=\"in-text-traffic\"\/><\/p>\n<p><\/a><\/p>\n<p class=\"v-p\">Para entender la importancia del choque para el Karditsa hay que contextualizarlo. Todo le ha llegado muy r\u00e1pido. Se trata de un equipo que fue creado en 2006, que hace dos campa\u00f1as ascendi\u00f3 a la \u00e9lite y que ahora vive un momento dulce con un bautismo en Europa. \u00ab\u00a1Quedan pocas horas para el momento m\u00e1s importante en la historia del deporte del Karditsa a nivel colectivo!\u00bb, rezaba en el comunicado del club.<\/p>\n<p class=\"v-p\">Los responsables de comunicaci\u00f3n del Karditsa hacen un repaso por la historia del Unicaja, sus jugadores emblem\u00e1ticos y los v\u00ednculos con Grecia con jugadores como Printezis, Giannis Giannoulis o el estadounidense Ray McCollum, que tras pasar por el equipo malague\u00f1o jug\u00f3 hace dos temporada en sus filas. \u00abEn cuanto a los jugadores no espa\u00f1oles que han destacado con M\u00e1laga, hay un desfile de estrellas y podemos citar, por ejemplo, a Florent Pietrus, Mathias Lessort, Zan Tabak, Stephane Risacher, Domantas Sabonis, Zoran Dragic, Milan Gurovic, Erazem Lorbek, Sermandini, Frederic Weis, Roderic Blakney, Sandro Nicevic y Oliver Lafayette\u00bb, enumera. <\/p>\n","protected":false},"excerpt":{"rendered":"La visita del Unicaja al Karditsa como campe\u00f3n de la Basketball Champions League esta suponiendo todo un acontecimiento&hellip;\n","protected":false},"author":2,"featured_media":174612,"comment_status":"","ping_status":"","sticky":false,"template":"","format":"standard","meta":{"footnotes":""},"categories":[269],"tags":[18056,299,298,168,25,24,782,3956,50184,23,167,2246,12856,938],"class_list":{"0":"post-174611","1":"post","2":"type-post","3":"status-publish","4":"format-standard","5":"has-post-thumbnail","7":"category-baloncesto","8":"tag-acontecimiento","9":"tag-baloncesto","10":"tag-basketball","11":"tag-deportes","12":"tag-es","13":"tag-espana","14":"tag-estrellas","15":"tag-gran","16":"tag-karditsa","17":"tag-spain","18":"tag-sports","19":"tag-unicaja","20":"tag-viaje","21":"tag-visita"},"share_on_mastodon":{"url":"","error":""},"_links":{"self":[{"href":"https:\/\/www.europesays.com\/es\/wp-json\/wp\/v2\/posts\/174611","targetHints":{"allow":["GET"]}}],"collection":[{"href":"https:\/\/www.europesays.com\/es\/wp-json\/wp\/v2\/posts"}],"about":[{"href":"https:\/\/www.europesays.com\/es\/wp-json\/wp\/v2\/types\/post"}],"author":[{"embeddable":true,"href":"https:\/\/www.europesays.com\/es\/wp-json\/wp\/v2\/users\/2"}],"replies":[{"embeddable":true,"href":"https:\/\/www.europesays.com\/es\/wp-json\/wp\/v2\/comments?post=174611"}],"version-history":[{"count":0,"href":"https:\/\/www.europesays.com\/es\/wp-json\/wp\/v2\/posts\/174611\/revisions"}],"wp:featuredmedia":[{"embeddable":true,"href":"https:\/\/www.europesays.com\/es\/wp-json\/wp\/v2\/media\/174612"}],"wp:attachment":[{"href":"https:\/\/www.europesays.com\/es\/wp-json\/wp\/v2\/media?parent=174611"}],"wp:term":[{"taxonomy":"category","embeddable":true,"href":"https:\/\/www.europesays.com\/es\/wp-json\/wp\/v2\/categories?post=174611"},{"taxonomy":"post_tag","embeddable":true,"href":"https:\/\/www.europesays.com\/es\/wp-json\/wp\/v2\/tags?post=174611"}],"curies":[{"name":"wp","href":"https:\/\/api.w.org\/{rel}","templated":true}]}}