{"id":174631,"date":"2025-10-13T19:30:18","date_gmt":"2025-10-13T19:30:18","guid":{"rendered":"https:\/\/www.europesays.com\/es\/174631\/"},"modified":"2025-10-13T19:30:18","modified_gmt":"2025-10-13T19:30:18","slug":"micaela-belmont-es-la-novia-mas-espectacular-de-2025-con-un-vestido-con-trenzado-artesanal","status":"publish","type":"post","link":"https:\/\/www.europesays.com\/es\/174631\/","title":{"rendered":"Micaela Belmont es la novia m\u00e1s espectacular de 2025 con un vestido con trenzado artesanal"},"content":{"rendered":"<p data-journey-content=\"true\" data-node-id=\"2\" class=\"css-6wxqfj emevuu60\">Este s\u00e1bado la iglesia de Santiago en C\u00e1ceres acog\u00eda una de las bodas m\u00e1s solemnes y sinceras de este a\u00f1o. Fernando Palazuelo, hermano de la duquesa de Hu\u00e9scar, y la actriz de origen peruano, <strong data-node-id=\"2.1\">Micaela Belmont<\/strong> decidieron confirmar y celebrar su amor tras siete a\u00f1os de relaci\u00f3n. Con esta ceremonia se un\u00edan dos familias de ra\u00edces arist\u00f3cratas y la alta sociedad peruana. Un evento en el que destacaron los hermanos del novio, Jaime y Beltr\u00e1n, y sobre todo, <strong data-node-id=\"2.3\">Sof\u00eda Palazuelo<\/strong>, <a href=\"https:\/\/www.elle.com\/es\/star-style\/el-estilo-de\/a69006312\/sofia-palazuelo-espectacular-invitada-boda-hermano-vestido-cruzado-pamela-caceres\/\" target=\"_blank\" data-vars-ga-outbound-link=\"https:\/\/www.elle.com\/es\/star-style\/el-estilo-de\/a69006312\/sofia-palazuelo-espectacular-invitada-boda-hermano-vestido-cruzado-pamela-caceres\/\" data-vars-ga-ux-element=\"Hyperlink\" data-vars-ga-call-to-action=\"que fue la invitada mejor vestida con un look chic oto\u00f1al y minimalista\" data-node-id=\"2.5\" class=\"body-link css-103hk4r emevuu60\" rel=\"nofollow noopener\">que fue la invitada mejor vestida con un look chic oto\u00f1al y minimalista<\/a>. <\/p>\n<p data-journey-content=\"true\" data-node-id=\"3\" class=\"css-6wxqfj emevuu60\">La ciudad extreme\u00f1a se vest\u00eda de clase y elegancia, con el templo parroquial de Santiago como protagonista. Una iglesia caracterizada por sus b\u00f3vedas de crucer\u00eda, sus portadas g\u00f3ticas y magn\u00edfico retablo de esculturas manierista. <strong data-node-id=\"3.1\">Una boda que prescindi\u00f3 de la ostentosidad y los grandes lujos y decidi\u00f3 apostar por lo cl\u00e1sico, lo tradicional y los or\u00edgenes de ambas familias<\/strong>. Estas caracter\u00edsticas se pudieron sentir no s\u00f3lo en la iglesia de piedra y sus sobrios muros, sino tambi\u00e9n en los invitados, que se decantaron por looks minimalistas y tradicionales. <\/p>\n<p data-journey-content=\"true\" data-node-id=\"4\" class=\"css-6wxqfj emevuu60\">Sin duda, la tradici\u00f3n estaba presente en al boda, sobre todo de la mano de la novia Micaela Belmont, y <strong data-node-id=\"4.1\">un vestido original y confeccionado en contacto con sus ra\u00edces peruanas<\/strong>, con el que nos ha demostrado la importancia de rendir homenaje a nuestros or\u00edgenes y no permitir la extinci\u00f3n de nuestras tradiciones. Con este vestido, Micaela ha demostrado que<strong data-node-id=\"4.3\"> se puede lucir cl\u00e1sica y tradicional a trav\u00e9s de nuevas formas y reciclando las f\u00f3rmulas de nuestro pasado.<\/strong><\/p>\n<p>Micaela Belmont es la novia m\u00e1s espectacular con un vestido de trenzado andino<\/p>\n<p data-journey-content=\"true\" data-node-id=\"7\" class=\"css-6wxqfj emevuu60\">Micaela Belmont es una actriz de origen peruano, y para su boda con Fernando Palazuelo decidi\u00f3 vestirse con <strong data-node-id=\"7.1\">un vestido cargado de significado y que reivindicase a su querida Per\u00fa<\/strong>. El vestido de Micaela es de la firma peruana<strong data-node-id=\"7.3\"> Ani \u00c1lvarez Calder\u00f3n<\/strong> est\u00e1 inspirando directamente en los <strong data-node-id=\"7.5\">trenzados o cordones andinos<\/strong>, unas t\u00e9cnicas textiles utilizadas en los pueblos peruanos durante siglos con motivos ceremoniales. <\/p>\n<p><img draggable=\"true\" alt=\"fernando palazuelo y micaela belmont\" title=\"Fernando Palazuelo y Micaela Belmont\" loading=\"lazy\" width=\"2048\" height=\"1537\" decoding=\"async\" data-nimg=\"1\" style=\"color:transparent;width:100%;height:auto;\"   src=\"https:\/\/www.europesays.com\/es\/wp-content\/uploads\/2025\/10\/u592873-045-68ecddf51ada7.jpg\" class=\"css-0 e1g79fud0\"\/><a target=\"_blank\" rel=\"noopener nofollow\" data-theme-key=\"base-link\" href=\"https:\/\/pinterest.com\/pin\/create\/button\/?url=https:\/\/www.elle.com\/es\/moda\/noticias\/a69014849\/micaela-belmont-vestido-novia-trenzado-firma-peruana-artesanal-tradicional\/&amp;description=- ElleSpain&amp;media=https:\/\/hips.hearstapps.com\/hmg-prod\/images\/u592873-045-68ecddf51ada7.jpg?resize=1600:*\" class=\"pinterest css-on9hn5 e1c1bym14\"><img decoding=\"async\" data-dynamic-svg=\"true\" src=\"https:\/\/www.elle.com\/_assets\/design-tokens\/fre\/static\/icons\/social\/pinterest.e8cf655.svg?primary=%2523ffffff\" loading=\"lazy\" data-testid=\"dynamic-svg-base\" height=\"auto\" width=\"auto\" alt=\"pinterest\" class=\"css-4lml0h e1mlxuuw1\"\/><\/a>Javier Flores<\/p>\n<p>Micaela Belmont es la novia m\u00e1s espectacular<\/p>\n<p data-journey-content=\"true\" data-node-id=\"9\" class=\"css-6wxqfj emevuu60\">El vestido funciona a modo de capa, cubriendo el pecho de la novia con <strong data-node-id=\"9.1\">un escote tipo cut-out<\/strong> de <strong data-node-id=\"9.3\">trenzados diagonales<\/strong>, que se unen en la cintura en un y caen en cascada por el resto del vestido. De sus hombros tambi\u00e9n caen trenzas hasta el suelo, dotando a la novia de un car\u00e1cter ceremonial y et\u00e9reo. Las trenzas se mueven a su paso, dando una sensaci\u00f3n de firmeza por su material y grosor, pero al mismo tiempo, con mucho dinamismo. <strong data-node-id=\"9.5\">Un hilo plateado recubre el trenzado<\/strong>, <strong data-node-id=\"9.7\">reflejando la luz y aportando ese toque m\u00e1s contempor\u00e1neo y moderno.<\/strong><\/p>\n<p><img draggable=\"true\" alt=\"\ufeffmicaela belmont es la novia m\u00e1s espectacular\" title=\"\ufeffMicaela Belmont es la novia m\u00e1s espectacular\" loading=\"lazy\" width=\"2048\" height=\"1365\" decoding=\"async\" data-nimg=\"1\" style=\"color:transparent;width:100%;height:auto;\"   src=\"https:\/\/www.europesays.com\/es\/wp-content\/uploads\/2025\/10\/u592873-015-68ecdffa42d71.jpg\" class=\"css-0 e1g79fud0\"\/><a target=\"_blank\" rel=\"noopener nofollow\" data-theme-key=\"base-link\" href=\"https:\/\/pinterest.com\/pin\/create\/button\/?url=https:\/\/www.elle.com\/es\/moda\/noticias\/a69014849\/micaela-belmont-vestido-novia-trenzado-firma-peruana-artesanal-tradicional\/&amp;description=- ElleSpain&amp;media=https:\/\/hips.hearstapps.com\/hmg-prod\/images\/u592873-015-68ecdffa42d71.jpg?resize=1600:*\" class=\"pinterest css-on9hn5 e1c1bym14\"><img decoding=\"async\" data-dynamic-svg=\"true\" src=\"https:\/\/www.elle.com\/_assets\/design-tokens\/fre\/static\/icons\/social\/pinterest.e8cf655.svg?primary=%2523ffffff\" loading=\"lazy\" data-testid=\"dynamic-svg-base\" height=\"auto\" width=\"auto\" alt=\"pinterest\" class=\"css-4lml0h e1mlxuuw1\"\/><\/a>Javier Flores<\/p>\n<p>Micaela Belmont es la novia m\u00e1s espectacular<\/p>\n<p data-journey-content=\"true\" data-node-id=\"11\" class=\"css-6wxqfj emevuu60\">Micaela termina su estilismo con <strong data-node-id=\"11.1\">un <\/strong><strong data-node-id=\"11.2\">delicado velo fluido<\/strong> <strong data-node-id=\"11.4\">que se posa sutilmente sobre su recogido<\/strong>. Con unas peque\u00f1as<strong data-node-id=\"11.6\"> joyas de diamantes <\/strong>decorando sus orejas, no precisa de m\u00e1s detalles. Un ramo confeccionado por <strong data-node-id=\"11.8\">lirios blancos<\/strong> trasmite tambi\u00e9n la pureza y la belleza de la flor a la novia, para ser la novia m\u00e1s espectacular y tradicional del 2025.  <\/p>\n<p><img draggable=\"true\" alt=\"\ufeffmicaela belmont y fernando palazuelo\" title=\"\ufeffMicaela Belmont y Fernando Palazuelo\" loading=\"lazy\" width=\"2048\" height=\"2728\" decoding=\"async\" data-nimg=\"1\" style=\"color:transparent;width:100%;height:auto;\"   src=\"https:\/\/www.europesays.com\/es\/wp-content\/uploads\/2025\/10\/u592873-049-68ecde7beb0ca.jpg\" class=\"css-0 e1g79fud0\"\/><a target=\"_blank\" rel=\"noopener nofollow\" data-theme-key=\"base-link\" href=\"https:\/\/pinterest.com\/pin\/create\/button\/?url=https:\/\/www.elle.com\/es\/moda\/noticias\/a69014849\/micaela-belmont-vestido-novia-trenzado-firma-peruana-artesanal-tradicional\/&amp;description=- ElleSpain&amp;media=https:\/\/hips.hearstapps.com\/hmg-prod\/images\/u592873-049-68ecde7beb0ca.jpg?resize=1600:*\" class=\"pinterest css-on9hn5 e1c1bym14\"><img decoding=\"async\" data-dynamic-svg=\"true\" src=\"https:\/\/www.elle.com\/_assets\/design-tokens\/fre\/static\/icons\/social\/pinterest.e8cf655.svg?primary=%2523ffffff\" loading=\"lazy\" data-testid=\"dynamic-svg-base\" height=\"auto\" width=\"auto\" alt=\"pinterest\" class=\"css-4lml0h e1mlxuuw1\"\/><\/a>Javier Flores<\/p>\n<p>Micaela Belmont es la novia m\u00e1s espectacular<\/p>\n<p><img draggable=\"true\" alt=\"\ufefffernando palazuelo y micaela belmont\" title=\"\ufeffFernando Palazuelo y Micaela Belmont\" loading=\"lazy\" width=\"2048\" height=\"2729\" decoding=\"async\" data-nimg=\"1\" style=\"color:transparent;width:100%;height:auto;\"   src=\"https:\/\/www.europesays.com\/es\/wp-content\/uploads\/2025\/10\/u592873-051-68ecdf08b9cff.jpg\" class=\"css-0 e1g79fud0\"\/><a target=\"_blank\" rel=\"noopener nofollow\" data-theme-key=\"base-link\" href=\"https:\/\/pinterest.com\/pin\/create\/button\/?url=https:\/\/www.elle.com\/es\/moda\/noticias\/a69014849\/micaela-belmont-vestido-novia-trenzado-firma-peruana-artesanal-tradicional\/&amp;description=- ElleSpain&amp;media=https:\/\/hips.hearstapps.com\/hmg-prod\/images\/u592873-051-68ecdf08b9cff.jpg?resize=1600:*\" class=\"pinterest css-on9hn5 e1c1bym14\"><img decoding=\"async\" data-dynamic-svg=\"true\" src=\"https:\/\/www.elle.com\/_assets\/design-tokens\/fre\/static\/icons\/social\/pinterest.e8cf655.svg?primary=%2523ffffff\" loading=\"lazy\" data-testid=\"dynamic-svg-base\" height=\"auto\" width=\"auto\" alt=\"pinterest\" class=\"css-4lml0h e1mlxuuw1\"\/><\/a>Javier Flores<\/p>\n<p>Fernando Palazuelo y Micaela Belmont<\/p>\n","protected":false},"excerpt":{"rendered":"Este s\u00e1bado la iglesia de Santiago en C\u00e1ceres acog\u00eda una de las bodas m\u00e1s solemnes y sinceras de&hellip;\n","protected":false},"author":2,"featured_media":174632,"comment_status":"","ping_status":"","sticky":false,"template":"","format":"standard","meta":{"footnotes":""},"categories":[91],"tags":[253,146,147,25,24,23],"class_list":{"0":"post-174631","1":"post","2":"type-post","3":"status-publish","4":"format-standard","5":"has-post-thumbnail","7":"category-entretenimiento","8":"tag-discover","9":"tag-entertainment","10":"tag-entretenimiento","11":"tag-es","12":"tag-espana","13":"tag-spain"},"share_on_mastodon":{"url":"","error":""},"_links":{"self":[{"href":"https:\/\/www.europesays.com\/es\/wp-json\/wp\/v2\/posts\/174631","targetHints":{"allow":["GET"]}}],"collection":[{"href":"https:\/\/www.europesays.com\/es\/wp-json\/wp\/v2\/posts"}],"about":[{"href":"https:\/\/www.europesays.com\/es\/wp-json\/wp\/v2\/types\/post"}],"author":[{"embeddable":true,"href":"https:\/\/www.europesays.com\/es\/wp-json\/wp\/v2\/users\/2"}],"replies":[{"embeddable":true,"href":"https:\/\/www.europesays.com\/es\/wp-json\/wp\/v2\/comments?post=174631"}],"version-history":[{"count":0,"href":"https:\/\/www.europesays.com\/es\/wp-json\/wp\/v2\/posts\/174631\/revisions"}],"wp:featuredmedia":[{"embeddable":true,"href":"https:\/\/www.europesays.com\/es\/wp-json\/wp\/v2\/media\/174632"}],"wp:attachment":[{"href":"https:\/\/www.europesays.com\/es\/wp-json\/wp\/v2\/media?parent=174631"}],"wp:term":[{"taxonomy":"category","embeddable":true,"href":"https:\/\/www.europesays.com\/es\/wp-json\/wp\/v2\/categories?post=174631"},{"taxonomy":"post_tag","embeddable":true,"href":"https:\/\/www.europesays.com\/es\/wp-json\/wp\/v2\/tags?post=174631"}],"curies":[{"name":"wp","href":"https:\/\/api.w.org\/{rel}","templated":true}]}}