{"id":174662,"date":"2025-10-13T19:50:09","date_gmt":"2025-10-13T19:50:09","guid":{"rendered":"https:\/\/www.europesays.com\/es\/174662\/"},"modified":"2025-10-13T19:50:09","modified_gmt":"2025-10-13T19:50:09","slug":"edicion-especial-del-ultimo-disco-de-megadeth-directo-de-graham-bonnet-band-possessed-inmersos-en-su-proxima-obra","status":"publish","type":"post","link":"https:\/\/www.europesays.com\/es\/174662\/","title":{"rendered":"Edici\u00f3n especial del \u00faltimo disco de MEGADETH. Directo de GRAHAM BONNET BAND. POSSESSED inmersos en su pr\u00f3xima obra."},"content":{"rendered":"<p>\u00a0<\/p>\n<p style=\"text-align: center;\"><strong><a href=\"#MEGADETH2\" target=\"_blank\" rel=\"noopener\">Edici\u00f3n especial del \u00faltimo disco de MEGADETH<\/a> \u2013 <a href=\"#GRAHAM\">Directo de GRAHAM BONNET BAND<\/a> \u2013 <a href=\"#POSSESSED\">POSSESSED inmersos en su pr\u00f3xima obra<\/a>.<\/strong><\/p>\n<p>El \u00faltimo disco hom\u00f3nimo de <a href=\"https:\/\/www.megadeth.com\/\" target=\"_blank\" rel=\"noopener nofollow\"><strong>MEGADETH<\/strong><\/a> estar\u00e1 disponible durante 3 d\u00edas a trav\u00e9s de Bad World en una edici\u00f3n especial denominada \u201cmagma\u201d.<\/p>\n<p>El disco viene en vinilo transparente con l\u00edquido rojo y amarillo en su interior. El segundo vinilo es tipo m\u00e1rmol.<\/p>\n<p><img fetchpriority=\"high\" decoding=\"async\" src=\"https:\/\/www.europesays.com\/es\/wp-content\/uploads\/2025\/10\/MegadethIdemMagma.jpg\" alt=\"MEGADETH\" width=\"500\" height=\"236\"\/><\/p>\n<p>M\u00e1s detalles en este <a href=\"https:\/\/bad-world.co.uk\/products\/megadeth\" rel=\"nofollow noopener\" target=\"_blank\">enlace<\/a>.<\/p>\n<p>El nuevo \u00e1lbum hom\u00f3nimo de <a href=\"https:\/\/www.megadeth.com\/\" target=\"_blank\" rel=\"noopener nofollow\"><strong>MEGADETH<\/strong><\/a> ver\u00e1 la luz el 23 de enero a trav\u00e9s de la filial de Frontiers Music BLKIIBLK.<\/p>\n<p>M\u00e1s detalles y su nuevo single en esta <a href=\"https:\/\/www.rafabasa.com\/2025\/10\/03\/megadeth-tygers-of-pan-tang-n-y-c\/#MEGADETH3\" rel=\"nofollow noopener\" target=\"_blank\">noticia<\/a>.<\/p>\n<p>Con motivo de su cuadrag\u00e9simo aniversario, el 17 de octubre ver\u00e1 la luz una edici\u00f3n especial en caja del primer disco de <a href=\"https:\/\/www.megadeth.com\/\" target=\"_blank\" rel=\"noopener nofollow\"><strong>MEGADETH<\/strong><\/a> \u201cKilling Is My Business\u2026 And Business Is Good\u201d.<\/p>\n<p>Todos los detalles en esta <a href=\"https:\/\/www.rafabasa.com\/2025\/06\/27\/megadeth-jelusick-igorrr\/#MEGADETH\" rel=\"nofollow noopener\" target=\"_blank\">noticia<\/a>.<\/p>\n<p>\u00a0<\/p>\n<p><a href=\"https:\/\/www.facebook.com\/grahambonnetmusic\" target=\"_blank\" rel=\"noopener nofollow\"><strong>GRAHAM BONNET BAND<\/strong><\/a> sacar\u00e1n el 12 de diciembre a trav\u00e9s de Frontiers Music un nuevo directo titulado \u201cLost In Hollywood Again\u201d.<\/p>\n<p>Estos son los temas que incluye:<\/p>\n<ol>\n<li>Eyes Of The World<\/li>\n<li>All Night Long<\/li>\n<li>Love\u2019s No Friend<\/li>\n<li>Making Love<\/li>\n<li>Since You\u2019ve Been Gone<\/li>\n<li>Keys solo<\/li>\n<li>Lazy<\/li>\n<li>Imposter<\/li>\n<li>S.O.S.<\/li>\n<li>Desert Song<\/li>\n<li>Drums solo<\/li>\n<li>Night Games<\/li>\n<li>Into The Night<\/li>\n<li>Assault Attack<\/li>\n<li>Too Young To Die, Too Drunk To Live<\/li>\n<li>Lost In Hollywood<\/li>\n<\/ol>\n<p>\u00a0<\/p>\n<p><img loading=\"lazy\" decoding=\"async\" src=\"https:\/\/www.europesays.com\/es\/wp-content\/uploads\/2025\/10\/GrahamBonnetBandLostLive.jpg\" alt=\"Bonnet\" width=\"500\" height=\"500\"\/><\/p>\n<p>El cantante ha estado acompa\u00f1ado por el guitarrista Conrado Pesinato, la bajista Beth-Ami Heavenstone, el teclista Alessandro Bertoni y el bater\u00eda Francis Cassol.<\/p>\n<p>A continuaci\u00f3n ten\u00e9is un v\u00eddeo en directo para el primer single \u201cSince You\u2019ve Been Gone\u201d.<\/p>\n<p>La actuaci\u00f3n se grab\u00f3 el 29 de agosto de 2024 en la sala Whisky A Go Go de Los \u00c1ngeles, California.<\/p>\n<p>Estar\u00e1 disponible en doble vinilo de diferentes colores, CD con DVD, Blu- Ray, formato digital y diferentes configuraciones con todos los formatos y extras como camisetas o vinilo test pressing.<\/p>\n<p>El cantante dijo en enero de 2024 estar preparando <a href=\"https:\/\/www.rafabasa.com\/2024\/01\/21\/doro-graham-bonnet-gasteiz-in-metal\/#Graham_Bonnet\" target=\"_blank\" rel=\"noopener nofollow\">nuevo material<\/a>, pero no se ha vuelto a saber nada.<\/p>\n<p><a href=\"https:\/\/www.facebook.com\/grahambonnetmusic\" target=\"_blank\" rel=\"noopener nofollow\"><strong>GRAHAM BONNET BAND<\/strong><\/a> editaron el 13 de mayo de 2022 a trav\u00e9s de Frontiers Music su \u00faltimo disco \u201cDay Out In Nowhere\u201d.<\/p>\n<p>Todos los detalles en esta <a href=\"https:\/\/www.rafabasa.com\/2022\/03\/08\/graham-bonnet-band-porcupine-tree-jaded-heart\/#GRAHAM_BONNET_BAND\" target=\"_blank\" rel=\"noopener nofollow\">noticia<\/a> y su \u00faltimo v\u00eddeo en <a href=\"https:\/\/www.rafabasa.com\/2022\/04\/12\/five-finger-death-punch-graham-bonnet-band-hypocrisy\/#GRAHAM_BONNET_BAND\" target=\"_blank\" rel=\"noopener nofollow\">esta<\/a>.<\/p>\n<p>\u00a0<\/p>\n<p>\u00a0<\/p>\n<p>El l\u00edder de <a href=\"https:\/\/www.facebook.com\/possessedofficial\" target=\"_blank\" rel=\"noopener nofollow\"><strong>POSSESSED<\/strong><\/a> Jeff Becerra ha hablado del <a href=\"https:\/\/www.rafabasa.com\/2023\/12\/04\/david-lee-roth-kabrones-possessed-onward\/#POSSESSED\" target=\"_blank\" rel=\"noopener nofollow\">pr\u00f3ximo material<\/a> del grupo durante una entrevista con Devil\u2019s Horns Zine.<\/p>\n<p>\u201cEstoy trabajando en las \u00faltimas tres letras. Cuando acabe el disco estar\u00e1 terminado. Es un viaje, es un animal totalmente diferente. No s\u00e9 si a la gente le encantar\u00e1 o lo odiar\u00e1. Es diferente, sin ninguna duda.\u201d<\/p>\n<p>Ten\u00e9is la charla completa a continuaci\u00f3n.<\/p>\n<p>El \u00faltimo trabajo de\u00a0<a href=\"https:\/\/www.facebook.com\/possessedofficial\" target=\"_blank\" rel=\"noopener nofollow\"><strong>POSSESSED<\/strong><\/a>\u00a0\u201cRevelations Of Oblivion\u201d sali\u00f3 el 10 de mayo de 2019 a trav\u00e9s de Nuclear Blast.<\/p>\n<p>M\u00e1s detalles en este\u00a0<a href=\"https:\/\/www.rafabasa.com\/2019\/03\/15\/slipknot-possessed-jose-andrea-uroboros-abel-sequera-kristonfest\/#POSSESSED\" target=\"_blank\" rel=\"noopener nofollow\">bloque<\/a>\u00a0y un adelanto en\u00a0<a href=\"https:\/\/www.rafabasa.com\/2019\/04\/12\/whitesnake-danko-jones-my-dying-bride-possessed-astral-doors-the-skull\/#POSSESSED\" target=\"_blank\" rel=\"noopener nofollow\">este<\/a>.<\/p>\n<p>\u00a0<\/p>\n<p align=\"center\"><strong>Sigue el\u00a0<a href=\"https:\/\/whatsapp.com\/channel\/0029VaCprxVBA1f555USvT2O\" target=\"_blank\" rel=\"nofollow noopener\">Canal de RAFABASA.COM en WhatsApp<\/a>, donde encontrar\u00e1s todas nuestras novedades al instante<\/strong><\/p>\n<p>\u00a0<\/p>\n<p>\u00a0<\/p>\n<p>\u00a0<\/p>\n","protected":false},"excerpt":{"rendered":"\u00a0 Edici\u00f3n especial del \u00faltimo disco de MEGADETH \u2013 Directo de GRAHAM BONNET BAND \u2013 POSSESSED inmersos en&hellip;\n","protected":false},"author":2,"featured_media":174663,"comment_status":"","ping_status":"","sticky":false,"template":"","format":"standard","meta":{"footnotes":""},"categories":[170],"tags":[146,147,25,24,50193,13321,184,185,50194,23],"class_list":{"0":"post-174662","1":"post","2":"type-post","3":"status-publish","4":"format-standard","5":"has-post-thumbnail","7":"category-musica","8":"tag-entertainment","9":"tag-entretenimiento","10":"tag-es","11":"tag-espana","12":"tag-graham-bonnet-band","13":"tag-megadeth","14":"tag-music","15":"tag-musica","16":"tag-possessed","17":"tag-spain"},"share_on_mastodon":{"url":"","error":""},"_links":{"self":[{"href":"https:\/\/www.europesays.com\/es\/wp-json\/wp\/v2\/posts\/174662","targetHints":{"allow":["GET"]}}],"collection":[{"href":"https:\/\/www.europesays.com\/es\/wp-json\/wp\/v2\/posts"}],"about":[{"href":"https:\/\/www.europesays.com\/es\/wp-json\/wp\/v2\/types\/post"}],"author":[{"embeddable":true,"href":"https:\/\/www.europesays.com\/es\/wp-json\/wp\/v2\/users\/2"}],"replies":[{"embeddable":true,"href":"https:\/\/www.europesays.com\/es\/wp-json\/wp\/v2\/comments?post=174662"}],"version-history":[{"count":0,"href":"https:\/\/www.europesays.com\/es\/wp-json\/wp\/v2\/posts\/174662\/revisions"}],"wp:featuredmedia":[{"embeddable":true,"href":"https:\/\/www.europesays.com\/es\/wp-json\/wp\/v2\/media\/174663"}],"wp:attachment":[{"href":"https:\/\/www.europesays.com\/es\/wp-json\/wp\/v2\/media?parent=174662"}],"wp:term":[{"taxonomy":"category","embeddable":true,"href":"https:\/\/www.europesays.com\/es\/wp-json\/wp\/v2\/categories?post=174662"},{"taxonomy":"post_tag","embeddable":true,"href":"https:\/\/www.europesays.com\/es\/wp-json\/wp\/v2\/tags?post=174662"}],"curies":[{"name":"wp","href":"https:\/\/api.w.org\/{rel}","templated":true}]}}