{"id":174680,"date":"2025-10-13T19:59:13","date_gmt":"2025-10-13T19:59:13","guid":{"rendered":"https:\/\/www.europesays.com\/es\/174680\/"},"modified":"2025-10-13T19:59:13","modified_gmt":"2025-10-13T19:59:13","slug":"asi-es-marta-mercader-roig-fallera-mayor-infantil-de-valencia-2026","status":"publish","type":"post","link":"https:\/\/www.europesays.com\/es\/174680\/","title":{"rendered":"As\u00ed es Marta Mercader Roig, fallera mayor infantil de Valencia 2026"},"content":{"rendered":"<p><img loading=\"lazy\" decoding=\"async\" class=\"v-a-img v-a-img--ph\" src=\"https:\/\/www.europesays.com\/es\/wp-content\/uploads\/2025\/10\/marta-firme-k1yE-U2303362300098aXE-758x531@Las Provincias-LasProvincias.jpg\" alt=\"Marta Mercader Roig.\" style=\"\" data-voc-video-player-container-img=\"\" width=\"758\" height=\"531\"\/><\/p>\n<p>Marta Mercader Roig.        Irene Marsilla      <\/p>\n<p>La alcaldesa Mar\u00eda Jos\u00e9 Catal\u00e1 le ha llamado para informarle que ser\u00e1 la m\u00e1xima representante infantil para las pr\u00f3ximas fiestas josefinas<\/p>\n<p><a class=\"v-mdl-ath__fig-a\" href=\"https:\/\/www.lasprovincias.es\/autor\/adrian-pedroche-6504.html\" title=\"A. Pedroche\" rel=\"nofollow noopener\" target=\"_blank\"><br \/>\n<img decoding=\"async\" class=\"v-mdl-ath__img\" src=\"https:\/\/www.europesays.com\/es\/wp-content\/uploads\/2025\/09\/autor-6504-foto-1.jpeg\" alt=\"A. Pedroche\"\/><br \/>\n<\/a><\/p>\n<p class=\"v-mdl-ath__p v-mdl-ath__p--6\">\nLunes, 13 de octubre 2025, 19:34<\/p>\n<p>| Actualizado 20:24h.<\/p>\n<p class=\"v-p\">Valencia ya conoce a las m\u00e1ximas representates para las Fallas de 2026. Este lunes se ha desvelado quienes son las seleccionadas entre las 26 candidatas para convertirse en fallera mayor y fallera mayor infantil en las pr\u00f3ximas fiestas josefinas. La alcaldesa Mar\u00eda Jos\u00e9 Catal\u00e1 ha sido la encargada de comunicar la decisi\u00f3n mediante la tradicional llamada a las elegidas, que han celebrado muy emocionadas la noticia junto a su familia y comisi\u00f3n.<\/p>\n<p class=\"v-p\"><strong>Marta Mercader Roig<\/strong>, ha sido escogida como fallera mayor infantil de 2025. Pertenece a la falla Alberique-H\u00e9roe Romeu, del sector La Roqueta-Arrancapins. Tiene 10 a\u00f1os y estudia quinto de Primaria en el Colegio Jes\u00fas-Mar\u00eda. Es fallera desde nacimiento. De hecho, posee el Distintiu d&#8217;Argent. Su familia tiene tradici\u00f3n fallera. Su madre fue fallera mayor de Joaqu\u00edn Costa-Burriana en 1997 y, en 1998, fue nombrada Reina de las Fallas del Ateneo Mercantil de Valencia, la primera de la historia.<\/p>\n<p><a href=\"http:\/\/www.lasprovincias.es\/fallas-valencia\/marta-mercader-roig-besar-virgen-emociona-cuida-20251010185239-nt.html#vtm_modulosEngag=mod-rel:fallas-valencia:noticia:1:cmp:1-not\" class=\"v-a-link\" aria-label=\"Imagen\" rel=\"nofollow noopener\" target=\"_blank\"><\/p>\n<p><img decoding=\"async\" loading=\"lazy\" src=\"https:\/\/www.europesays.com\/es\/wp-content\/uploads\/2025\/10\/fmi-2026-6-U81148328033ZwH-366x256@Las Provincias.jpg\" class=\"v-a-img\" width=\"258\" height=\"180\" alt=\"\" data-voc-vtm-id=\"in-text-traffic\"\/><\/p>\n<p><\/a><\/p>\n<p class=\"v-p\">Le gusta mucho participar en playbacks, en los concursos de dibujo y en todas las actividades que realiza su falla y su Federaci\u00f3n fallas Centro. Su acto favorito, sin duda, es la Ofrenda, ya que lo que m\u00e1s le gusta es acudir a llevarle flores a la Virgen de los Desamparados. Pero tambi\u00e9n le encanta la Crida y la recogida de premios.<\/p>\n<p class=\"v-p\">En su tiempo libre le gusta mucho bailar y cantar. Estudia ballet cl\u00e1sico y baile espa\u00f1ol. Tambi\u00e9n canta en un coro en el que, en alguna ocasi\u00f3n, ha sido solista. Le encanta leer y tambi\u00e9n viajar con su familia y hacer excursiones por el monte.<\/p>\n<p><a class=\"v-a-link\" href=\"https:\/\/www.lasprovincias.es\/fallas-valencia\/fotos-fallas\/fotos-marta-mercader-roig-nueva-fallera-mayor-20251013202300-ga.html\" data-voc-vtm-id=\"in-text-traffic\" title=\"\" aria-label=\"Imagen\" rel=\"nofollow noopener\" target=\"_blank\"><br \/>\n<img decoding=\"async\" loading=\"lazy\" src=\"https:\/\/www.europesays.com\/es\/wp-content\/uploads\/2025\/10\/mas-demarta (4)-k1yE-U2303362300098NYG-650x455@Las Provincias-LasProvincias.jpg\" class=\"v-a-img\" width=\"650\" height=\"455\" alt=\"\" data-voc-vtm-id=\"in-text-traffic\"\/><\/p>\n<p><\/a><\/p>\n<p class=\"v-p\">Ser\u00e1 este martes 14 de octubre, a las 17.45 horas, cuando las escogidas vivan otro de los actos clave de las Fallas: la solemne proclamaci\u00f3n de las nuevas falleras mayores de Valencia y sus cortes de honor. Una gala que comenzar\u00e1 con la subida por las escaleras, continuar\u00e1 en el interior del hemiciclo del Ayuntamiento y concluir\u00e1 en el Sal\u00f3n de Cristal con la primera sesi\u00f3n de fotos conjunta como \u00abembajadoras de la ciudad\u00bb.<\/p>\n<p>Reporta un error<\/p>\n","protected":false},"excerpt":{"rendered":"Marta Mercader Roig. Irene Marsilla La alcaldesa Mar\u00eda Jos\u00e9 Catal\u00e1 le ha llamado para informarle que ser\u00e1 la&hellip;\n","protected":false},"author":2,"featured_media":174681,"comment_status":"","ping_status":"","sticky":false,"template":"","format":"standard","meta":{"footnotes":""},"categories":[5],"tags":[3076,17,18,25,24,50197,13,14,11,3132,19,20,14494,31,50196,9,10,15,16,3333,23,12,21,22,235],"class_list":{"0":"post-174680","1":"post","2":"type-post","3":"status-publish","4":"format-standard","5":"has-post-thumbnail","7":"category-titulares","8":"tag-3076","9":"tag-breaking-news","10":"tag-breakingnews","11":"tag-es","12":"tag-espana","13":"tag-fallera","14":"tag-featured-news","15":"tag-featurednews","16":"tag-headlines","17":"tag-infantil","18":"tag-latest-news","19":"tag-latestnews","20":"tag-marta","21":"tag-mayor","22":"tag-mercader","23":"tag-news","24":"tag-noticias","25":"tag-noticias-destacadas","26":"tag-noticiasdestacadas","27":"tag-roig","28":"tag-spain","29":"tag-titulares","30":"tag-ultimas-noticias","31":"tag-ultimasnoticias","32":"tag-valencia"},"share_on_mastodon":{"url":"","error":""},"_links":{"self":[{"href":"https:\/\/www.europesays.com\/es\/wp-json\/wp\/v2\/posts\/174680","targetHints":{"allow":["GET"]}}],"collection":[{"href":"https:\/\/www.europesays.com\/es\/wp-json\/wp\/v2\/posts"}],"about":[{"href":"https:\/\/www.europesays.com\/es\/wp-json\/wp\/v2\/types\/post"}],"author":[{"embeddable":true,"href":"https:\/\/www.europesays.com\/es\/wp-json\/wp\/v2\/users\/2"}],"replies":[{"embeddable":true,"href":"https:\/\/www.europesays.com\/es\/wp-json\/wp\/v2\/comments?post=174680"}],"version-history":[{"count":0,"href":"https:\/\/www.europesays.com\/es\/wp-json\/wp\/v2\/posts\/174680\/revisions"}],"wp:featuredmedia":[{"embeddable":true,"href":"https:\/\/www.europesays.com\/es\/wp-json\/wp\/v2\/media\/174681"}],"wp:attachment":[{"href":"https:\/\/www.europesays.com\/es\/wp-json\/wp\/v2\/media?parent=174680"}],"wp:term":[{"taxonomy":"category","embeddable":true,"href":"https:\/\/www.europesays.com\/es\/wp-json\/wp\/v2\/categories?post=174680"},{"taxonomy":"post_tag","embeddable":true,"href":"https:\/\/www.europesays.com\/es\/wp-json\/wp\/v2\/tags?post=174680"}],"curies":[{"name":"wp","href":"https:\/\/api.w.org\/{rel}","templated":true}]}}