{"id":174721,"date":"2025-10-13T20:22:09","date_gmt":"2025-10-13T20:22:09","guid":{"rendered":"https:\/\/www.europesays.com\/es\/174721\/"},"modified":"2025-10-13T20:22:09","modified_gmt":"2025-10-13T20:22:09","slug":"el-gobierno-propone-subir-la-cuota-de-autonomos-en-2026-entre-11-y-206-euros-al-mes-economia","status":"publish","type":"post","link":"https:\/\/www.europesays.com\/es\/174721\/","title":{"rendered":"El Gobierno propone subir la cuota de aut\u00f3nomos en 2026 entre 11 y 206 euros al mes | Econom\u00eda"},"content":{"rendered":"<p class=\"\">El Ministerio de Seguridad Social ha concretado este lunes a los agentes sociales y a las asociaciones de trabajadores aut\u00f3nomos su <a href=\"https:\/\/elpais.com\/economia\/2025-09-15\/el-gobierno-acerca-posturas-con-los-autonomos-para-pactar-sus-cuotas-de-2026-a-2028.html\" target=\"_self\" rel=\"nofollow noopener\" title=\"https:\/\/elpais.com\/economia\/2025-09-15\/el-gobierno-acerca-posturas-con-los-autonomos-para-pactar-sus-cuotas-de-2026-a-2028.html\">propuesta inicial para el pago de las cotizaciones<\/a> sociales en los ejercicios 2026, 2027 y 2028. Para cada uno de estos a\u00f1os, los responsables gubernamentales pretenden desplegar una nueva tabla de cuotas que se fijan en funci\u00f3n de unos nuevos tramos de bases m\u00ednimas de cotizaci\u00f3n. De esta forma, si saliera adelante esta propuesta, que Seguridad Social negociar\u00e1 con los representantes de los aut\u00f3nomos, las cuotas en 2026 subir\u00e1n entre 11 y 206 euros. Aunque la subida m\u00e1s baja no se reserva para quienes menos ingresan: los trabajadores por cuenta propia con una facturaci\u00f3n mensual de hasta 670 euros al mes pagar\u00edan 17 euros m\u00e1s. Con eso, su contribuci\u00f3n ser\u00eda de 217 euros mensuales, que s\u00ed es la m\u00e1s baja que se contempla.<\/p>\n<p class=\"\">La subida m\u00e1s baja, de 11 euros m\u00e1s al mes, corresponder\u00eda a quienes ganan entre 1.166 y 1.300 euros al mes. As\u00ed, su contribuci\u00f3n quedar\u00eda en 302 euros mensuales. El m\u00e1ximo de 206 euros m\u00e1s cada mensualidad, hasta situarse en una cuota de 796,24 euros al mes, ser\u00eda para quienes tengan unos ingresos reales de m\u00e1s de 6.000 euros mensuales. <\/p>\n<p class=\"\">La propuesta incluye nuevas cifras tanto para la denominada tabla reducida, en la que se encuadran en la actualidad los aut\u00f3nomos que ganan menos de 1.166,70 euros al mes (14.000 euros al a\u00f1o), como en los 12 tramos de la tabla general. Esto cubre una amplia casu\u00edstica de ingresos que se corresponden con distintas bases m\u00ednimas de cotizaci\u00f3n, entre m\u00e1s baja y la m\u00e1s alta antes citadas. As\u00ed, por ejemplo, en el medio de la tabla se situar\u00edan los aut\u00f3nomos que tienen unos rendimientos netos que podr\u00edan asimilarse a un sueldo medio de un asalariado (entre 2.030 y 2.330 euros brutos al mes). Estos trabajadores por cuenta propia pasar\u00edan, siempre seg\u00fan esta propuesta inicial, de pagar 390 euros en 2025 a 428,53 euros al mes el pr\u00f3ximo a\u00f1o. <\/p>\n<p class=\"\">El ministerio tambi\u00e9n propone que los incrementos de cuotas se repetan de forma lineal no solo hasta 2028, como recoge la tabla, sino hasta 2031 incluido. Con ello se dar\u00eda cumplimiento al acuerdo firmado entre el Gobierno y las asociaciones de aut\u00f3nomos en 2022, que recog\u00eda un despliegue progresivo del modelo de cotizaci\u00f3n por ingresos reales hasta 2032.<\/p>\n<p class=\"\">La respuesta de los interlocutores sociales y los representantes del colectivo ha sido muy dispar. As\u00ed, el rechazo a esta propuesta ha sido frontal por parte de la principal asociaci\u00f3n de aut\u00f3nomos, ATA, cuyo presidente, Lorenzo Amor, ha considerado excesivos los aumentos propuestos para las bases m\u00ednimas y las cuotas mensuales que pagan estos profesionales. Igualmente, ha criticado que la senda de subida de estas tarifas quede cerrada para los pr\u00f3ximos seis a\u00f1os. <\/p>\n<p class=\"\">\u201cNo estamos dispuestos a un nuevo sablazo a los aut\u00f3nomos y no va a contar con el aval de ATA, ya pueden preparar el decreto y llevarlo al Congreso y que sean los partidos pol\u00edticos los que se retraten, pero con ATA que no cuenten. <a href=\"https:\/\/elpais.com\/economia\/2025-08-26\/la-pension-media-de-los-autonomos-toca-maximos-y-se-consolida-por-encima-de-los-1000-euros.html\" target=\"_self\" rel=\"nofollow noopener\" title=\"https:\/\/elpais.com\/economia\/2025-08-26\/la-pension-media-de-los-autonomos-toca-maximos-y-se-consolida-por-encima-de-los-1000-euros.html\">Ya pagan bastante a la seguridad Social para lo que reciben<\/a>\u201d, se ha quejado Amor en declaraciones a los medios. Para sacar adelante estas cuotas, el Ejecutivo debe acometer un cambio legal, por lo que ser\u00e1 necesario que lo apruebe el Parlamento, con la dificultad aritm\u00e9tica de votos que ello conlleva. De no lograr dicho apoyo, fuentes de la negociaci\u00f3n indican que el Gobierno deber\u00e1 prorrogar las cuotas de 2025, pero en la Seguridad Social no se plantean a\u00fan ese escenario y apuestan por la negociaci\u00f3n.<\/p>\n<p class=\"\">Por el contrario, la Uni\u00f3n de Profesionales Aut\u00f3nomos (UPTA) ha valorado la propuesta hecha por la Seguridad Social y ha recordado a ATA, ante su rechazo, que se trata de un despliegue del modelo \u201cmuy similar al que aprobaron todas las asociaciones\u201d \u2014incluida la presidida por Amor\u2014 en 2022. El presidente de UPTA, Eduardo Abad, tambi\u00e9n ha reclamado alguna modificaci\u00f3n de la propuesta, como \u201cla creaci\u00f3n de un tramo inferior al m\u00e1s bajo para <a href=\"https:\/\/elpais.com\/economia\/2025-05-11\/los-autonomos-cambian-de-sector-del-comercio-y-el-transporte-pasan-a-la-educacion-y-las-comunicaciones.html\" target=\"_self\" rel=\"nofollow noopener\" title=\"https:\/\/elpais.com\/economia\/2025-05-11\/los-autonomos-cambian-de-sector-del-comercio-y-el-transporte-pasan-a-la-educacion-y-las-comunicaciones.html\">aquellos aut\u00f3nomos del \u00e1mbito art\u00edstico y de creaci\u00f3n de contenido<\/a>, que estando afiliados a otros reg\u00edmenes, puedan ser aut\u00f3nomos con unas cotizaciones muy bajas, siempre que sus ingresos por estos conceptos no superen los 4.000 euros al a\u00f1o\u201d. <\/p>\n<p class=\"\">En esta l\u00ednea, la vicepresidenta de ATA, Celia Ferrero, tambi\u00e9n ha criticado que, seg\u00fan la propuesta gubernamental, de 2028 a 2031 la tabla reducida se vincula a un porcentaje o proporci\u00f3n significativa del Salario M\u00ednimo Interprofesional (SMI), \u201calgo que puede variar much\u00edsimo dependiendo de quien est\u00e9 al frente del Ministerio de Trabajo\u201d. <\/p>\n<p class=\"\">En lo que s\u00ed han coincidido ambas asociaciones es en la necesidad de poder aplicar cambios y adaptaciones en estos tramos de bases de cotizaci\u00f3n si se produjeran cambios sustanciales, por ejemplo, en la situaci\u00f3n de la econom\u00eda. Por su parte desde la Uni\u00f3n de Asociaciones de Trabajadores Aut\u00f3nomos y Emprendedores (UATAE), su secretaria general, Mar\u00eda Jos\u00e9 Land\u00e1buru, ha valora en un comunicado el proceso de di\u00e1logo, pero ha advertido que el planteamiento de tramos y cuotas hecho por el Gobierno \u201cpuede aumentar la carga de quienes menos ingresan\u201d.<\/p>\n<p class=\"\">En ATA tampoco aceptan los cambios propuestos para que los aut\u00f3nomos accedan a la prestaci\u00f3n por cese de actividad. La Seguridad Social est\u00e1 dispuesta a rebajar el porcentaje de p\u00e9rdidas o reducci\u00f3n de ingresos que se exige actualmente para cobrar esa ayuda. \u201cSi nos van a hacer cotizar como a los asalariados, como m\u00ednimo ser\u00eda que la acci\u00f3n protectora tambi\u00e9n mejorase. Pero no ha sido as\u00ed, la propuesta de cese de actividad es un bluf\u00bb, ha rechazado Ferrero. Para esta dirigente de ATA, la propuesta solo modifica ligeramente a la baja el requisito para acceder a esta prestaci\u00f3n, \u201cpero sin reconocerla de manera autom\u00e1tica ni voluntaria\u201d. Esta asociaci\u00f3n asegura que si ahora se rechazan el 60% de este tipo de prestaciones, con los nuevos requisitos se seguir\u00edan negando entre el 40% y 50%. <\/p>\n","protected":false},"excerpt":{"rendered":"El Ministerio de Seguridad Social ha concretado este lunes a los agentes sociales y a las asociaciones de&hellip;\n","protected":false},"author":2,"featured_media":174722,"comment_status":"","ping_status":"","sticky":false,"template":"","format":"standard","meta":{"footnotes":""},"categories":[5],"tags":[20587,17,18,7101,43480,95,5509,16009,25,24,13,14,11,19,20,9,10,15,16,8282,11755,23,12,2752,21,22,16010],"class_list":{"0":"post-174721","1":"post","2":"type-post","3":"status-publish","4":"format-standard","5":"has-post-thumbnail","7":"category-titulares","8":"tag-ata","9":"tag-breaking-news","10":"tag-breakingnews","11":"tag-condiciones-trabajo","12":"tag-cotizacion-seguridad-social","13":"tag-economia","14":"tag-empleo","15":"tag-empleo-autonomo","16":"tag-es","17":"tag-espana","18":"tag-featured-news","19":"tag-featurednews","20":"tag-headlines","21":"tag-latest-news","22":"tag-latestnews","23":"tag-news","24":"tag-noticias","25":"tag-noticias-destacadas","26":"tag-noticiasdestacadas","27":"tag-salarios","28":"tag-seguridad-social","29":"tag-spain","30":"tag-titulares","31":"tag-trabajo","32":"tag-ultimas-noticias","33":"tag-ultimasnoticias","34":"tag-upta"},"share_on_mastodon":{"url":"","error":""},"_links":{"self":[{"href":"https:\/\/www.europesays.com\/es\/wp-json\/wp\/v2\/posts\/174721","targetHints":{"allow":["GET"]}}],"collection":[{"href":"https:\/\/www.europesays.com\/es\/wp-json\/wp\/v2\/posts"}],"about":[{"href":"https:\/\/www.europesays.com\/es\/wp-json\/wp\/v2\/types\/post"}],"author":[{"embeddable":true,"href":"https:\/\/www.europesays.com\/es\/wp-json\/wp\/v2\/users\/2"}],"replies":[{"embeddable":true,"href":"https:\/\/www.europesays.com\/es\/wp-json\/wp\/v2\/comments?post=174721"}],"version-history":[{"count":0,"href":"https:\/\/www.europesays.com\/es\/wp-json\/wp\/v2\/posts\/174721\/revisions"}],"wp:featuredmedia":[{"embeddable":true,"href":"https:\/\/www.europesays.com\/es\/wp-json\/wp\/v2\/media\/174722"}],"wp:attachment":[{"href":"https:\/\/www.europesays.com\/es\/wp-json\/wp\/v2\/media?parent=174721"}],"wp:term":[{"taxonomy":"category","embeddable":true,"href":"https:\/\/www.europesays.com\/es\/wp-json\/wp\/v2\/categories?post=174721"},{"taxonomy":"post_tag","embeddable":true,"href":"https:\/\/www.europesays.com\/es\/wp-json\/wp\/v2\/tags?post=174721"}],"curies":[{"name":"wp","href":"https:\/\/api.w.org\/{rel}","templated":true}]}}